{"id":11724449,"date":"2022-04-28T09:02:00","date_gmt":"2022-04-28T13:02:00","guid":{"rendered":"http:\/\/www.corumbaonline.com.br\/news\/?p=11724449"},"modified":"2022-04-28T10:49:24","modified_gmt":"2022-04-28T14:49:24","slug":"governador-cumpre-agenda-com-ministro-da-educacao-nesta-quinta-feira","status":"publish","type":"post","link":"https:\/\/www.corumbaonline.com.br\/news\/governador-cumpre-agenda-com-ministro-da-educacao-nesta-quinta-feira\/","title":{"rendered":"Governador cumpre agenda com ministro da Educa\u00e7\u00e3o nesta quinta-feira"},"content":{"rendered":"<p data-uw-styling-context=\"true\">O governador Reinaldo Azambuja cumpre agenda com o ministro da Educa\u00e7\u00e3o, Victor Godoy Veiga, nesta quinta-feira (28), em Campo Grande.<\/p>\n<p data-uw-styling-context=\"true\">A partir das 10h30, no\u00a0Centro de Forma\u00e7\u00e3o e Pesquisa Professora Mariluce Bittar, na Rua dos Dentistas, 500, no bairro Tiradentes, o governador e o ministro v\u00e3o inaugurar o\u00a0Laborat\u00f3rio de Criatividade e Inova\u00e7\u00e3o para a Educa\u00e7\u00e3o B\u00e1sica (LabCrie).<\/p>\n<p data-uw-styling-context=\"true\">Iniciativa do Minist\u00e9rio da Educa\u00e7\u00e3o (MEC), o LabCrie ser\u00e1 conduzido em parceria com a\u00a0Universidade Federal do Mato Grosso do Sul\u00a0(UFMS) e a\u00a0Rede Brasileira de Certifica\u00e7\u00e3o, Pesquisa e Inova\u00e7\u00e3o\u00a0(RBCIP).<\/p>\n<p data-uw-styling-context=\"true\">O principal objetivo do LabCrie \u00e9 apoiar a implanta\u00e7\u00e3o de espa\u00e7os din\u00e2micos dedicados \u00e0 forma\u00e7\u00e3o continuada de professores da rede p\u00fablica de ensino em inova\u00e7\u00e3o e tecnologias educacionais, onde eles se sintam \u00e0 vontade para experimentar novos equipamentos, plataformas digitais e metodologias inovadoras que permitam desenvolver as compet\u00eancias necess\u00e1rias para gerar inova\u00e7\u00e3o nas suas pr\u00e1ticas pedag\u00f3gicas.<\/p>\n","protected":false},"excerpt":{"rendered":"<p>O governador Reinaldo Azambuja cumpre agenda com o ministro da Educa\u00e7\u00e3o, Victor Godoy Veiga, nesta&#8230;<\/p>\n","protected":false},"author":13,"featured_media":0,"comment_status":"closed","ping_status":"closed","sticky":false,"template":"","format":"standard","meta":{"footnotes":""},"categories":[19],"tags":[],"class_list":["post-11724449","post","type-post","status-publish","format-standard","hentry","category-politica"],"_links":{"self":[{"href":"https:\/\/www.corumbaonline.com.br\/news\/wp-json\/wp\/v2\/posts\/11724449","targetHints":{"allow":["GET"]}}],"collection":[{"href":"https:\/\/www.corumbaonline.com.br\/news\/wp-json\/wp\/v2\/posts"}],"about":[{"href":"https:\/\/www.corumbaonline.com.br\/news\/wp-json\/wp\/v2\/types\/post"}],"author":[{"embeddable":true,"href":"https:\/\/www.corumbaonline.com.br\/news\/wp-json\/wp\/v2\/users\/13"}],"replies":[{"embeddable":true,"href":"https:\/\/www.corumbaonline.com.br\/news\/wp-json\/wp\/v2\/comments?post=11724449"}],"version-history":[{"count":1,"href":"https:\/\/www.corumbaonline.com.br\/news\/wp-json\/wp\/v2\/posts\/11724449\/revisions"}],"predecessor-version":[{"id":11724450,"href":"https:\/\/www.corumbaonline.com.br\/news\/wp-json\/wp\/v2\/posts\/11724449\/revisions\/11724450"}],"wp:attachment":[{"href":"https:\/\/www.corumbaonline.com.br\/news\/wp-json\/wp\/v2\/media?parent=11724449"}],"wp:term":[{"taxonomy":"category","embeddable":true,"href":"https:\/\/www.corumbaonline.com.br\/news\/wp-json\/wp\/v2\/categories?post=11724449"},{"taxonomy":"post_tag","embeddable":true,"href":"https:\/\/www.corumbaonline.com.br\/news\/wp-json\/wp\/v2\/tags?post=11724449"}],"curies":[{"name":"wp","href":"https:\/\/api.w.org\/{rel}","templated":true}]}}