{"id":11724463,"date":"2022-04-28T10:31:00","date_gmt":"2022-04-28T14:31:00","guid":{"rendered":"http:\/\/www.corumbaonline.com.br\/news\/?p=11724463"},"modified":"2022-04-28T12:46:33","modified_gmt":"2022-04-28T16:46:33","slug":"reforma-da-praca-ceu-e-reivindicada-por-vereador-em-sessao-da-camara","status":"publish","type":"post","link":"https:\/\/www.corumbaonline.com.br\/news\/reforma-da-praca-ceu-e-reivindicada-por-vereador-em-sessao-da-camara\/","title":{"rendered":"Reforma da Pra\u00e7a CEU \u00e9 reivindicada por vereador em sess\u00e3o da C\u00e2mara"},"content":{"rendered":"<p>O vereador Alexandre Vasconcellos est\u00e1 reivindicando junto \u00e0 Prefeitura de Corumb\u00e1, a reforma da Pra\u00e7a CEU (Centro de Artes e Esportes Unificados \u201cHel\u00f4 Urt\u201d), localizada no Bairro Jardim dos Estados, para alta da cidade.<\/p>\n<p>O pedido foi feito durante sess\u00e3o ordin\u00e1ria do Poder Legislativo e direcionado ao secret\u00e1rio Ricardo Ametlla, de Infraestrutura e Servi\u00e7os P\u00fablicos, e atende uma solicita\u00e7\u00e3o da pr\u00f3pria comunidade.<\/p>\n<p>\u201cDesde a sua inaugura\u00e7\u00e3o em 2015, a pra\u00e7a n\u00e3o passou por reforma e o desgaste natural de sua estrutura \u00e9 vis\u00edvel. Por isso todos est\u00e3o ansiosos pela reforma e revitaliza\u00e7\u00e3o do espa\u00e7o, para que todos possam usufruir dos equipamentos instalados no local\u201d, explicou.<\/p>\n<p>POPULAR NOVA<\/p>\n<p>Ao mesmo tempo, Alexandre tamb\u00e9m pediu o titular da pasta de Infraestrutura, a realiza\u00e7\u00e3o de obras necess\u00e1rias visando a reforma da Pra\u00e7a Gilsano Albuquerque, localizada no Bairro Popular Nova. Lembrou que em 2016 o local foi revitalizado pelo Poder P\u00fablico, mas, hoje, j\u00e1 apresenta desgastes por conta do tempo, havendo necessidade de uma nova interven\u00e7\u00e3o para recupera\u00e7\u00e3o de seus equipamentos.<\/p>\n<p>ILUMINA\u00c7\u00c3O P\u00daBLICA<\/p>\n<p>Tamb\u00e9m \u00e0 pasta de Infraestrutura, o vereador requereu a realiza\u00e7\u00e3o de servi\u00e7os de instala\u00e7\u00e3o de l\u00e2mpadas e manuten\u00e7\u00e3o do sistema de ilumina\u00e7\u00e3o p\u00fablica existente na Avenida Gaturama, trecho compreendido entre as ruas S\u00e3o Judas Tadeu e Nossa Senhora da Candel\u00e1ria, no Bairro Maria Leite. Explicou que sete postes de estrutura met\u00e1lica, que est\u00e3o com suas l\u00e2mpadas apagadas, tornando o local escuro, o que deixa os moradores inseguros.<\/p>\n<p>Al\u00e9m disso, refor\u00e7ou a necessidade da instala\u00e7\u00e3o de bra\u00e7o\/suporte com lumin\u00e1ria nos postes localizados no in\u00edcio da Rua Professor H\u00e9lio Benzi com a Rui Barbosa, no Bairro Previsul. Observou que j\u00e1 existe rede de energia el\u00e9trica no local, mas sem sistema de ilumina\u00e7\u00e3o p\u00fablica, deixando o local escuro e perigoso, j\u00e1 com incid\u00eancia de acidentes e assaltos na regi\u00e3o.<\/p>\n","protected":false},"excerpt":{"rendered":"<p>O vereador Alexandre Vasconcellos est\u00e1 reivindicando junto \u00e0 Prefeitura de Corumb\u00e1, a reforma da Pra\u00e7a&#8230;<\/p>\n","protected":false},"author":63,"featured_media":0,"comment_status":"closed","ping_status":"closed","sticky":false,"template":"","format":"standard","meta":{"footnotes":""},"categories":[19],"tags":[],"class_list":["post-11724463","post","type-post","status-publish","format-standard","hentry","category-politica"],"_links":{"self":[{"href":"https:\/\/www.corumbaonline.com.br\/news\/wp-json\/wp\/v2\/posts\/11724463","targetHints":{"allow":["GET"]}}],"collection":[{"href":"https:\/\/www.corumbaonline.com.br\/news\/wp-json\/wp\/v2\/posts"}],"about":[{"href":"https:\/\/www.corumbaonline.com.br\/news\/wp-json\/wp\/v2\/types\/post"}],"author":[{"embeddable":true,"href":"https:\/\/www.corumbaonline.com.br\/news\/wp-json\/wp\/v2\/users\/63"}],"replies":[{"embeddable":true,"href":"https:\/\/www.corumbaonline.com.br\/news\/wp-json\/wp\/v2\/comments?post=11724463"}],"version-history":[{"count":1,"href":"https:\/\/www.corumbaonline.com.br\/news\/wp-json\/wp\/v2\/posts\/11724463\/revisions"}],"predecessor-version":[{"id":11724464,"href":"https:\/\/www.corumbaonline.com.br\/news\/wp-json\/wp\/v2\/posts\/11724463\/revisions\/11724464"}],"wp:attachment":[{"href":"https:\/\/www.corumbaonline.com.br\/news\/wp-json\/wp\/v2\/media?parent=11724463"}],"wp:term":[{"taxonomy":"category","embeddable":true,"href":"https:\/\/www.corumbaonline.com.br\/news\/wp-json\/wp\/v2\/categories?post=11724463"},{"taxonomy":"post_tag","embeddable":true,"href":"https:\/\/www.corumbaonline.com.br\/news\/wp-json\/wp\/v2\/tags?post=11724463"}],"curies":[{"name":"wp","href":"https:\/\/api.w.org\/{rel}","templated":true}]}}