{"id":11724470,"date":"2022-04-28T10:55:00","date_gmt":"2022-04-28T14:55:00","guid":{"rendered":"http:\/\/www.corumbaonline.com.br\/news\/?p=11724470"},"modified":"2022-04-28T12:56:18","modified_gmt":"2022-04-28T16:56:18","slug":"dialogos-musicais-tem-masterclass-e-concerto-on-line-neste-fim-de-semana","status":"publish","type":"post","link":"https:\/\/www.corumbaonline.com.br\/news\/dialogos-musicais-tem-masterclass-e-concerto-on-line-neste-fim-de-semana\/","title":{"rendered":"\u2018Di\u00e1logos musicais\u2019 tem masterclass e concerto on-line neste fim de semana"},"content":{"rendered":"<p>O projeto Di\u00e1logos Musicais Ibero-Americanos, realizado pela ABM (Associa\u00e7\u00e3o de Bandolins da Madeira), de Portugal, e do Instituto Moinho Cultural Sul-Americano, do Brasil, promove, no pr\u00f3ximo s\u00e1bado (30\/4), uma masterclass, no per\u00edodo da tarde, e um concerto, a partir das 20h30. As duas atividades s\u00e3o on-line e gratuitas.<\/p>\n<p>A masterclass &#8220;O bandolim e a sua m\u00fasica em contexto europeu&#8221; ser\u00e1 com o portugu\u00eas Norberto Cruz, de Funchal (Ilha da Madeira). A atividade ser\u00e1 das 14h \u00e0s 16h e para participar ativamente do encontro em sala zoom, o participante deve se inscrever no link:\u00a0<a href=\"https:\/\/forms.gle\/UUzWHCXNyS3oYdSd8\" target=\"_blank\" rel=\"noopener noreferrer\">https:\/\/forms.gle\/UUzWHCXNyS3oYdSd8<\/a><\/p>\n<p>\u00c0 noite, Norberto Cruz e Jorge Vidal apresentam um concerto pr\u00e9-gravado. A apresenta\u00e7\u00e3o ser\u00e1 das 20h30 \u00e0s 21h30. Tanto a masterclass quanto o concerto podem ser acompanhados pelas redes sociais da ABM e do Moinho Cultural. O projeto segue at\u00e9 o m\u00eas de junho, com atividades semanais, sempre aos s\u00e1bados.<\/p>\n<p>A iniciativa busca a aproxima\u00e7\u00e3o cultural entre a Europa e a Am\u00e9rica, e, para isso, tem oferecido conhecimento na \u00e1rea de m\u00fasica, por meio de masterclass, confer\u00eancias e concertos. O projeto conta com apoiadores, como: Rep\u00fablica Portuguesa, DGArtes, Governo Regional da Madeira, Secretaria Regional de Turismo e Cultura, Secretaria Regional de Educa\u00e7\u00e3o, Ci\u00eancia e Tecnologia, Rep\u00fablica Portuguesa &#8211; Cultura, Instituto Cam\u00f5es &#8211; Instituto da Coopera\u00e7\u00e3o e da L\u00edngua Portuguesa, Funarte e Ibermusicas. S\u00e3o parceiros o Portal das Artes e Ligra.<\/p>\n<h3>Norberto Cruz e Jorge Vidal<\/h3>\n<p>O duo Norberto Cruz (bandolim) e Jorge Vidal (piano) vem trazer uma abordagem ao repert\u00f3rio original escrito para este org\u00e2nico por autores cl\u00e1ssicos como Calace, Munier, Shumann e Beethoven, trazendo a vida a poesia musical da \u00e9poca, levando assim o p\u00fablico a ter uma experi\u00eancia \u00fanica na sonoridade destes dois instrumentos.<\/p>\n<p>Norberto Cruz \u00e9 um concertista afirmado e reconhecido no bandolim internacional, apresentou-se como solista em Portugal, It\u00e1lia, Est\u00f3nia, Bulg\u00e1ria, Espanha, Brasil, \u00c1ustria, onde colaborou com importantes espa\u00e7os culturais\/entidades como, o Teatro alla Scala, em Mil\u00e3o, o Teatro Fenice em Veneza e Orquestra &#8220;Roma Sinfonietta&#8221; de Roma. Exibiu-se sob a direc\u00e7\u00e3o de prestigiados maestros como Mstislav Rostropovich e Riccardo Muti e ao lado de m\u00fasicos de renome internacional, tais como Andrea Bocelli, Noa, Placido Domingo e J\u00falio Pereira. \u00c9 um dos fundadores, juntamente com Emanuele e Valdimiro Buzi, do &#8220;Quinteto a Plettro Giuseppe Anedda&#8221;, recebendo em 2012 a Medalha de Representa\u00e7\u00e3o do Presidente da Rep\u00fablica italiana. \u00c9 considerado entre os bandolinistas portugueses de maior prest\u00edgio, sempre recebendo grande aclama\u00e7\u00e3o de p\u00fablico e cr\u00edtica. Formou-se em bandolim com men\u00e7\u00e3o honrosa no Conservat\u00f3rio Superior &#8220;Alfredo Casella&#8221; de L&#8217;Aquila, sob a orienta\u00e7\u00e3o de uma das mais prestigiosas bandolinistas do mundo, Dorina Frati e em 2016 obteve mestrado em Forma\u00e7\u00e3o musical e classes de conjunto pelo IPS &#8211; Esart.<\/p>\n<p>Jorge Hern\u00e1ndez Vidal nasceu em Pontevedra (Galiza, Espanha), come\u00e7ando os seus estudos de piano na mesma cidade, continuando posteriormente no Conservat\u00f3rio Superior de Castell\u00f3n (Valencia) sob a tutela dos professores Leonel Morales e Juan Carlos Cornelles. Realiza estudos de violino e colabora ativamente como violinista com a Orquestra de C\u00e2mara Lira da cidade de Pontevedra, dirigida por D. Algirdas Pocius. Participa em concertos ben\u00e9ficos e culturais. O Trabalho de Investiga\u00e7\u00e3o que realiza para o seu Fim de Carreira foi sobre o repert\u00f3rio pian\u00edstico do compositor galego Rogelio Groba Groba, sendo classificado com excelente. Atualmente, \u00e9 professor de piano e pianista acompanhante no Conservat\u00f3rio-Escola Profissional das Artes da Madeira Eng. Luiz Peter Clode.<\/p>\n<p>O Instituto Moinho Cultural Sul-Americano<br \/>\nInaugurado em Corumb\u00e1 (MS), em 2004, o Moinho Cultural \u00e9 uma OSC que oferece para crian\u00e7as e adolescentes em situa\u00e7\u00e3o de vulnerabilidade social de Corumb\u00e1, Lad\u00e1rio, Puerto Suarez e Puerto Quijarro, aulas de dan\u00e7a, m\u00fasica, tecnologia e inform\u00e1tica. A forma\u00e7\u00e3o continuada oferecida pela institui\u00e7\u00e3o tem dura\u00e7\u00e3o de at\u00e9 oito anos. O Moinho tamb\u00e9m atua na forma\u00e7\u00e3o de int\u00e9rpretes criadores para jovens e adultos, com a Companhia de Dan\u00e7a do Pantanal, Orquestra de C\u00e2mara do Pantanal e N\u00facleo de Tecnologia. A miss\u00e3o da institui\u00e7\u00e3o \u00e9 diminuir a vulnerabilidade social na regi\u00e3o de fronteira Brasil-Bol\u00edvia, por meio do acesso a bens culturais e tecnol\u00f3gicos. Desde o in\u00edcio das atividades, mais de 23 mil crian\u00e7as e adolescentes j\u00e1 foram atendidos pelo Moinho.<\/p>\n<p>Atualmente, o Moinho Cultural conta com o patroc\u00ednio m\u00e1ster via Lei de Incentivo Cultural do Instituto Cultural Vale, bem como, patroc\u00ednio da Bellalluna Participa\u00e7\u00f5es LTDA, Brinks, BTG Pactual, Carai Empreendimentos LTDA, Comper, Instituto Ita\u00fa Cultural, Hinove, Rodobens e Crian\u00e7a Esperan\u00e7a, al\u00e9m da a parceria da J.Mac\u00eado, Ita\u00fa Social e Fecom\u00e9rcioMS-SESC. S\u00e3o parceiros institucionais a Funda\u00e7\u00e3o de Cultural de Mato Grosso do Sul, Prefeitura de Corumb\u00e1, Prefeitura de Lad\u00e1rio, Prefeitura de Puerto Su\u00e1rez, Prefeitura de Puerto Quijarro, Instituto Homem Pantaneiro, IFMS, UFMS, Acaia Pantanal e outros doadores pessoa f\u00edsica e jur\u00eddica.<\/p>\n","protected":false},"excerpt":{"rendered":"<p>O projeto Di\u00e1logos Musicais Ibero-Americanos, realizado pela ABM (Associa\u00e7\u00e3o de Bandolins da Madeira), de Portugal,&#8230;<\/p>\n","protected":false},"author":9,"featured_media":11724471,"comment_status":"closed","ping_status":"closed","sticky":false,"template":"","format":"standard","meta":{"footnotes":""},"categories":[7],"tags":[],"class_list":["post-11724470","post","type-post","status-publish","format-standard","has-post-thumbnail","hentry","category-cultura"],"_links":{"self":[{"href":"https:\/\/www.corumbaonline.com.br\/news\/wp-json\/wp\/v2\/posts\/11724470","targetHints":{"allow":["GET"]}}],"collection":[{"href":"https:\/\/www.corumbaonline.com.br\/news\/wp-json\/wp\/v2\/posts"}],"about":[{"href":"https:\/\/www.corumbaonline.com.br\/news\/wp-json\/wp\/v2\/types\/post"}],"author":[{"embeddable":true,"href":"https:\/\/www.corumbaonline.com.br\/news\/wp-json\/wp\/v2\/users\/9"}],"replies":[{"embeddable":true,"href":"https:\/\/www.corumbaonline.com.br\/news\/wp-json\/wp\/v2\/comments?post=11724470"}],"version-history":[{"count":1,"href":"https:\/\/www.corumbaonline.com.br\/news\/wp-json\/wp\/v2\/posts\/11724470\/revisions"}],"predecessor-version":[{"id":11724473,"href":"https:\/\/www.corumbaonline.com.br\/news\/wp-json\/wp\/v2\/posts\/11724470\/revisions\/11724473"}],"wp:featuredmedia":[{"embeddable":true,"href":"https:\/\/www.corumbaonline.com.br\/news\/wp-json\/wp\/v2\/media\/11724471"}],"wp:attachment":[{"href":"https:\/\/www.corumbaonline.com.br\/news\/wp-json\/wp\/v2\/media?parent=11724470"}],"wp:term":[{"taxonomy":"category","embeddable":true,"href":"https:\/\/www.corumbaonline.com.br\/news\/wp-json\/wp\/v2\/categories?post=11724470"},{"taxonomy":"post_tag","embeddable":true,"href":"https:\/\/www.corumbaonline.com.br\/news\/wp-json\/wp\/v2\/tags?post=11724470"}],"curies":[{"name":"wp","href":"https:\/\/api.w.org\/{rel}","templated":true}]}}