{"id":11724477,"date":"2022-04-28T11:18:00","date_gmt":"2022-04-28T15:18:00","guid":{"rendered":"http:\/\/www.corumbaonline.com.br\/news\/?p=11724477"},"modified":"2022-04-28T13:05:05","modified_gmt":"2022-04-28T17:05:05","slug":"vereador-busca-recuperacao-de-boca-de-lobo-para-evitar-acidentes-no-aeroporto","status":"publish","type":"post","link":"https:\/\/www.corumbaonline.com.br\/news\/vereador-busca-recuperacao-de-boca-de-lobo-para-evitar-acidentes-no-aeroporto\/","title":{"rendered":"Vereador busca recupera\u00e7\u00e3o de boca de lobo para evitar acidentes no Aeroporto"},"content":{"rendered":"<p>A realiza\u00e7\u00e3o urgentes de servi\u00e7os de manuten\u00e7\u00e3o de uma boa de logo existentes na Rua Salgado Filho, esquina com a Alameda Flor de Liz, no Bairro Aeroporto, \u00e9 o que est\u00e1 pedindo o vereador Samyr Qualhada, para evitar acidentes envolvendo ve\u00edculos e at\u00e9 mesmo pedestres.<\/p>\n<p>A solicita\u00e7\u00e3o foi feita esta semana, durante sess\u00e3o ordin\u00e1ria do Poder Legislativo, e encaminhada ao secret\u00e1rio Ricardo Ametlla, de Infraestrutura e Servi\u00e7os P\u00fablicos do Munic\u00edpio.<\/p>\n<p>O vereador explicou que a boca de lobo est\u00e1 com sua tapa destru\u00edda, e que ele pr\u00f3prio presenciou um ve\u00edculo com uma de suas rodas dentro do sistema de capta\u00e7\u00e3o de \u00e1gua pluvial.<\/p>\n<p>\u201c\u00c9 preciso que seja feita a recupera\u00e7\u00e3o e manuten\u00e7\u00e3o de forma urgente dessa boca de lobo, para evitar novos acidentes, inclusive com quedas de pedestres que trafegam pela regi\u00e3o\u201d, refor\u00e7ou Samyr Qualhada.<\/p>\n<p>CORTE DE MOMO<\/p>\n<p>Samyr Qualhada est\u00e1 tamb\u00e9m prestando uma homenagem \u00e0 Corte de Momo do Carnaval 2022 de Corumb\u00e1, pelo trabalho desenvolvido durante a maior festa do Centro-Oeste Brasileiro.<\/p>\n<p>\u201cAl\u00e9m de brilhar na Passarela do Samba, a Corte de Momo contribuiu em muito para a divulga\u00e7\u00e3o do nosso carnaval, realizando um trabalho com desenvoltura voltado para os mais diferentes segmentos da sociedade, inclusive social, com visitas ao Asilo S\u00e3o Jos\u00e9, nas escolas, enfim, em toda a cidade\u201d, destacou o vereador.<\/p>\n<p>V\u00e3o receber Mo\u00e7\u00f5es de Congratula\u00e7\u00f5es o Rei Momo Andr\u00e9 Kevin Constantino; a Rainha F\u00e1tima Sampaio da Costa; a 1\u00aa Princesa Tatiana Campos Rodrigues, e a 2\u00aa Princesa Cinthia Ayala da Silva.<\/p>\n","protected":false},"excerpt":{"rendered":"<p>A realiza\u00e7\u00e3o urgentes de servi\u00e7os de manuten\u00e7\u00e3o de uma boa de logo existentes na Rua&#8230;<\/p>\n","protected":false},"author":63,"featured_media":0,"comment_status":"closed","ping_status":"closed","sticky":false,"template":"","format":"standard","meta":{"footnotes":""},"categories":[19],"tags":[],"class_list":["post-11724477","post","type-post","status-publish","format-standard","hentry","category-politica"],"_links":{"self":[{"href":"https:\/\/www.corumbaonline.com.br\/news\/wp-json\/wp\/v2\/posts\/11724477","targetHints":{"allow":["GET"]}}],"collection":[{"href":"https:\/\/www.corumbaonline.com.br\/news\/wp-json\/wp\/v2\/posts"}],"about":[{"href":"https:\/\/www.corumbaonline.com.br\/news\/wp-json\/wp\/v2\/types\/post"}],"author":[{"embeddable":true,"href":"https:\/\/www.corumbaonline.com.br\/news\/wp-json\/wp\/v2\/users\/63"}],"replies":[{"embeddable":true,"href":"https:\/\/www.corumbaonline.com.br\/news\/wp-json\/wp\/v2\/comments?post=11724477"}],"version-history":[{"count":1,"href":"https:\/\/www.corumbaonline.com.br\/news\/wp-json\/wp\/v2\/posts\/11724477\/revisions"}],"predecessor-version":[{"id":11724478,"href":"https:\/\/www.corumbaonline.com.br\/news\/wp-json\/wp\/v2\/posts\/11724477\/revisions\/11724478"}],"wp:attachment":[{"href":"https:\/\/www.corumbaonline.com.br\/news\/wp-json\/wp\/v2\/media?parent=11724477"}],"wp:term":[{"taxonomy":"category","embeddable":true,"href":"https:\/\/www.corumbaonline.com.br\/news\/wp-json\/wp\/v2\/categories?post=11724477"},{"taxonomy":"post_tag","embeddable":true,"href":"https:\/\/www.corumbaonline.com.br\/news\/wp-json\/wp\/v2\/tags?post=11724477"}],"curies":[{"name":"wp","href":"https:\/\/api.w.org\/{rel}","templated":true}]}}