{"id":11724487,"date":"2022-04-29T08:16:00","date_gmt":"2022-04-29T12:16:00","guid":{"rendered":"http:\/\/www.corumbaonline.com.br\/news\/?p=11724487"},"modified":"2022-04-29T09:35:32","modified_gmt":"2022-04-29T13:35:32","slug":"projeto-homenageia-descendentes-de-indigenas-e-mostra-contribuicao-de-etnias-para-a-formacao-da-sociedade","status":"publish","type":"post","link":"https:\/\/www.corumbaonline.com.br\/news\/projeto-homenageia-descendentes-de-indigenas-e-mostra-contribuicao-de-etnias-para-a-formacao-da-sociedade\/","title":{"rendered":"Projeto homenageia descendentes de ind\u00edgenas e mostra contribui\u00e7\u00e3o de etnias para a forma\u00e7\u00e3o da sociedade"},"content":{"rendered":"<p>Os saberes ancestrais das etnias ind\u00edgenas de nossa regi\u00e3o foram o foco de projeto trabalhado com alunos da Escola Municipal Izabel C\u00f4rrea de Oliveira, situada no bairro Popular Nova. Coordenado pela professora Rosiane Ruth de Albuquerque, o projeto \u201cPovos Ind\u00edgenas do MS: Compartilhando Saberes\u201d, promoveu um evento na manh\u00e3 da \u00faltima quarta-feira, 27 de abril, com a presen\u00e7a de personalidades de ascend\u00eancia ind\u00edgena, exposi\u00e7\u00f5es pedag\u00f3gica e de artesanato.<\/p>\n<p>Editor regional da TV Morena Corumb\u00e1, o jornalista Aguinaldo Soares, foi um dos homenageados. \u201cFiquei bastante emocionado em ser homenageado ainda mais ao lado do Cacique Severo, dona Dalva, professor An\u00edsio, porque s\u00e3o pessoas que h\u00e1 anos lutam pelo reconhecimento da identidade dos povos ind\u00edgenas do Pantanal. A escola Izabel Corr\u00eaa est\u00e1 de parab\u00e9ns por inserir esse tema t\u00e3o importante nas atividades\u201d, declarou o jornalista que, assim como os demais convidados que relataram suas viv\u00eancias, \u00e9 de descend\u00eancia ind\u00edgena.<\/p>\n<p>\u201cCada um trouxe um pouco de experi\u00eancias a fim de compartilhar saberes com nossos alunos.\u00a0 Quebrar o estere\u00f3tipo do \u201cDia do \u00cdndio \u201d \u00e9 muito importante para possamos romper de vez com o preconceito e desta forma resgatar e valorizar os povos ind\u00edgenas e seu\u00a0 legado cultura na forma\u00e7\u00e3o do nosso pa\u00eds\u201d, avaliou a professora.<\/p>\n<p>O evento \u201cPovos Ind\u00edgenas do MS: Compartilhando Saberes\u201d foi concebido dentro do tange \u00e0 lei 11.645\/2008 que versa sobre diretrizes e bases da educa\u00e7\u00e3o nacional, para incluir no curr\u00edculo oficial da rede de ensino a obrigatoriedade da tem\u00e1tica \u201chist\u00f3ria e cultura Afro-brasileira e ind\u00edgena\u201d.<\/p>\n<p>\u201cA valoriza\u00e7\u00e3o da cultura ind\u00edgena, de certa forma, \u00e9 tamb\u00e9m fazer um resgate da identidade cultural dos nossos alunos. O momento foi \u00fanico porque ultrapassou a aprendizagem dos livros did\u00e1ticos, as atividades que desenvolvemos no decorrer do projeto como: pesquisas, exibi\u00e7\u00e3o de v\u00eddeos \u00a0que contribu\u00edram para que nossos alunos ganhassem mais conhecimentos a respeito dessa\u00a0 cultura t\u00e3o rica que est\u00e1 presente no nosso dia-a-dia. O projeto potencializa o protagonismo dos povos origin\u00e1rios e o combate qualquer \u00a0tipo de preconceito ou discrimina\u00e7\u00e3o\u201d, disse Rosiane.<\/p>\n<p>Al\u00e9m do jornalista Aguinaldo Soares, foram homenageados: o professor An\u00edsio Guat\u00f3, cacique Severo Ferreira, Dalva Maria de Souza, o professor Lourival Monteiro de Moraes e a artes\u00e3, Catarina Guat\u00f3.<\/p>\n<div id=\"gallery-1\" class=\"gallery galleryid-128386 gallery-columns-3 gallery-size-thumbnail\">\n<figure class=\"gallery-item\">\n<div class=\"gallery-icon landscape\"><a role=\"link\" href=\"https:\/\/www.corumba.ms.gov.br\/2022\/04\/projeto-homenageia-descendentes-de-indigenas-e-mostra-contribuicao-de-etnias-para-a-formacao-da-sociedade\/whatsapp-image-2022-04-28-at-12-36-32\/\"><img loading=\"lazy\" decoding=\"async\" class=\"attachment-thumbnail size-thumbnail\" src=\"https:\/\/www.corumba.ms.gov.br\/wp-content\/uploads\/2022\/04\/WhatsApp-Image-2022-04-28-at-12.36.32-150x150.jpeg\" alt=\"\" width=\"150\" height=\"150\" \/><\/a><\/div>\n<\/figure>\n<figure class=\"gallery-item\">\n<div class=\"gallery-icon landscape\"><a role=\"link\" href=\"https:\/\/www.corumba.ms.gov.br\/2022\/04\/projeto-homenageia-descendentes-de-indigenas-e-mostra-contribuicao-de-etnias-para-a-formacao-da-sociedade\/whatsapp-image-2022-04-28-at-12-36-30\/\"><img loading=\"lazy\" decoding=\"async\" class=\"attachment-thumbnail size-thumbnail\" src=\"https:\/\/www.corumba.ms.gov.br\/wp-content\/uploads\/2022\/04\/WhatsApp-Image-2022-04-28-at-12.36.30-150x150.jpeg\" alt=\"\" width=\"150\" height=\"150\" \/><\/a><\/div>\n<\/figure>\n<\/div>\n","protected":false},"excerpt":{"rendered":"<p>Os saberes ancestrais das etnias ind\u00edgenas de nossa regi\u00e3o foram o foco de projeto trabalhado&#8230;<\/p>\n","protected":false},"author":70,"featured_media":11724488,"comment_status":"closed","ping_status":"closed","sticky":false,"template":"","format":"standard","meta":{"footnotes":""},"categories":[7],"tags":[],"class_list":["post-11724487","post","type-post","status-publish","format-standard","has-post-thumbnail","hentry","category-cultura"],"_links":{"self":[{"href":"https:\/\/www.corumbaonline.com.br\/news\/wp-json\/wp\/v2\/posts\/11724487","targetHints":{"allow":["GET"]}}],"collection":[{"href":"https:\/\/www.corumbaonline.com.br\/news\/wp-json\/wp\/v2\/posts"}],"about":[{"href":"https:\/\/www.corumbaonline.com.br\/news\/wp-json\/wp\/v2\/types\/post"}],"author":[{"embeddable":true,"href":"https:\/\/www.corumbaonline.com.br\/news\/wp-json\/wp\/v2\/users\/70"}],"replies":[{"embeddable":true,"href":"https:\/\/www.corumbaonline.com.br\/news\/wp-json\/wp\/v2\/comments?post=11724487"}],"version-history":[{"count":1,"href":"https:\/\/www.corumbaonline.com.br\/news\/wp-json\/wp\/v2\/posts\/11724487\/revisions"}],"predecessor-version":[{"id":11724489,"href":"https:\/\/www.corumbaonline.com.br\/news\/wp-json\/wp\/v2\/posts\/11724487\/revisions\/11724489"}],"wp:featuredmedia":[{"embeddable":true,"href":"https:\/\/www.corumbaonline.com.br\/news\/wp-json\/wp\/v2\/media\/11724488"}],"wp:attachment":[{"href":"https:\/\/www.corumbaonline.com.br\/news\/wp-json\/wp\/v2\/media?parent=11724487"}],"wp:term":[{"taxonomy":"category","embeddable":true,"href":"https:\/\/www.corumbaonline.com.br\/news\/wp-json\/wp\/v2\/categories?post=11724487"},{"taxonomy":"post_tag","embeddable":true,"href":"https:\/\/www.corumbaonline.com.br\/news\/wp-json\/wp\/v2\/tags?post=11724487"}],"curies":[{"name":"wp","href":"https:\/\/api.w.org\/{rel}","templated":true}]}}