{"id":11724502,"date":"2022-04-30T09:05:00","date_gmt":"2022-04-30T13:05:00","guid":{"rendered":"http:\/\/www.corumbaonline.com.br\/news\/?p=11724502"},"modified":"2022-05-06T10:33:12","modified_gmt":"2022-05-06T14:33:12","slug":"solidariedade-muito-alem-das-doacoes","status":"publish","type":"post","link":"https:\/\/www.corumbaonline.com.br\/news\/solidariedade-muito-alem-das-doacoes\/","title":{"rendered":"Solidariedade muito al\u00e9m das doa\u00e7\u00f5es"},"content":{"rendered":"<p style=\"text-align: right; padding-left: 640px;\"><em>Wilson Aquino &#8211; Jornalista e Professor<\/em><\/p>\n<p class=\"x_MsoNormal\">O inverno est\u00e1 chegando, prometendo ser mais rigoroso este ano. E como ocorre antes da entrada dessa esta\u00e7\u00e3o, governos e entidades de classe se mobilizam em campanhas de arrecada\u00e7\u00e3o de cobertores e agasalhos para doar, em tempo, \u00e0s pessoas carentes e necessitadas. Fam\u00edlias inteiras, aos milhares, precisam de ajuda para enfrentarem todo ano a queda de temperatura.<\/p>\n<p class=\"x_MsoNormal\">Esta semana, numa atitude louv\u00e1vel do Governo de Reinaldo Azambuja, foi lan\u00e7ada a 7\u00aa Edi\u00e7\u00e3o da Campanha do Agasalho &#8220;Aque\u00e7a uma Vida&#8221;, que tem como meta superar o recorde do ano passado, quando foram arrecadas mais de 60 mil pe\u00e7as. Para o sucesso desse desafio, duas figuras importantes: a primeira-dama, senhora F\u00e1tima Azambuja, &#8220;Madrinha da campanha&#8221; e o Servidor p\u00fablico que n\u00e3o mede esfor\u00e7os para arrecadar o maior n\u00famero poss\u00edvel de cobertores e agasalhos para crian\u00e7as e adultos.<\/p>\n<p class=\"x_MsoNormal\">Da mesma forma, outros \u00f3rg\u00e3os p\u00fablicos e privados e pessoas da pr\u00f3pria comunidade, al\u00e9m de entidades de classe e filantr\u00f3picas, entram nessa luta em benef\u00edcio do pr\u00f3ximo. A esperan\u00e7a \u00e9 de que todas as necessidades sejam supridas e que ningu\u00e9m, absolutamente ningu\u00e9m, morra de frio em casa, no barraco ou na rua.<\/p>\n<p class=\"x_MsoNormal\">E esse trabalho de solidariedade no inverno nos remete a uma reflex\u00e3o maior e mais profunda sobre a lei superior dada por Deus \u2013 Criador do Universo &#8211; a todo cidad\u00e3o e cidad\u00e3 e n\u00e3o apenas no Brasil, mas em todo o mundo: &#8220;Amar\u00e1s o teu pr\u00f3ximo como a ti mesmo&#8221;. Essa lei Divina \u00e9 considerada a segunda mais importante que todos devem obedecer (a primeira \u00e9: &#8220;Amar\u00e1s ao Senhor teu Deus de todo o teu cora\u00e7\u00e3o, e de toda a tua alma, e de todo o teu pensamento \u2013 Mt. 22:37-39).<\/p>\n<p class=\"x_MsoNormal\">Lamentavelmente ela n\u00e3o tem sido obedecida por todos o tempo todo como deveria. Nesses tempos de crise econ\u00f4mica em que os pre\u00e7os dos alimentos e o custo de vida em geral est\u00e3o nas alturas, tem sido cada vez maior o n\u00famero de pessoas e fam\u00edlias inteiras inclusive, que passam grandes dificuldades para sobreviver. Muitos pais, ao amanhecer, n\u00e3o t\u00eam sequer um peda\u00e7o de p\u00e3o e um copo de leite para alimentar o filho.<\/p>\n<p class=\"x_MsoNormal\">Todos deveriam refletir e ajudar para que isso fosse poss\u00edvel a todos. As mudan\u00e7as de mentalidade e de a\u00e7\u00f5es s\u00e3o t\u00e3o profundas em cada um que se f\u00f4ssemos relacionar o que cada um poderia fazer pelo bem da coletividade, pelo bem do pr\u00f3ximo, preencher\u00edamos textos suficientes para edi\u00e7\u00e3o de enciclop\u00e9dias e mas enciclop\u00e9dias.<\/p>\n<p class=\"x_MsoNormal\">Entretanto, deixo aqui apenas algumas sugest\u00f5es a determinados segmentos da sociedade:<\/p>\n<p class=\"x_MsoNormal\">\u00c0 classe pol\u00edtica \u2013 Vereadores, deputados estaduais, federais e senadores, deveriam ser mais honestos e solid\u00e1rios ao pr\u00f3ximo, primeiramente adequando suas infraestruturas de seus respectivos legislativos \u00e0 realidade brasileira e acabar de vez com essas mordomias e privil\u00e9gios que mant\u00eam em seus gabinetes luxuosos, com recursos financeiros vultosos e n\u00famero de assessores que s\u00e3o uma afronta aos olhos e ao bolso do povo que os mant\u00eam.<\/p>\n<p class=\"x_MsoNormal\">Seus sal\u00e1rios tamb\u00e9m deveriam ser reduzidos e levados em considera\u00e7\u00e3o o valor do sal\u00e1rio-m\u00ednimo vigente no pa\u00eds. Mais honestos e solid\u00e1rios tamb\u00e9m na aprova\u00e7\u00e3o de leis em benef\u00edcio da coletividade e n\u00e3o contra ela, contra seus interesses, como lamentavelmente ocorre em todas as inst\u00e2ncias. &nbsp;&nbsp;&nbsp;<\/p>\n<p class=\"x_MsoNormal\">A classe empresarial tamb\u00e9m poderia ser mais solid\u00e1ria se pagasse sal\u00e1rios dignos \u00e0queles que fazem suas fortunas. Como pode um empres\u00e1rio ou uma empresa faturar milh\u00f5es e at\u00e9 bilh\u00f5es de reais dando em troca um sal\u00e1rio-m\u00ednimo a seus empregados? Isso pode ser legal, mas \u00e9 imoral. \u00c9 injusto.<\/p>\n<p class=\"x_MsoNormal\">Os governos, da esfera municipal \u00e0 federal, tamb\u00e9m deveriam se esfor\u00e7ar mais e focar em obras e a\u00e7\u00f5es que beneficiem a coletividade. \u00c9 inconceb\u00edvel o que j\u00e1 vimos no passado recente, o enriquecimento il\u00edcito de governantes e suas turmas. O desvio de dinheiro p\u00fablico que poderia ser investido em mais sa\u00fade, mais educa\u00e7\u00e3o e mais infraestrutura, que resultam em mais qualidade de vida ao povo. Basta de corrup\u00e7\u00e3o!<\/p>\n<p class=\"x_MsoNormal\">E o que dizer ent\u00e3o de um judici\u00e1rio onde at\u00e9 a Suprema Corte se corrompe, desequilibrando a balan\u00e7a da justi\u00e7a, quando demonstra, vergonhosamente, a olhos p\u00fablicos, sua prefer\u00eancia partid\u00e1ria pol\u00edtica, rasgando literalmente a Constitui\u00e7\u00e3o Brasileira?<\/p>\n<p class=\"x_MsoNormal\">Da mesma forma, todo indiv\u00edduo deve olhar para dentro de si e buscar corrigir e apagar sentimentos que afrontam o esp\u00edrito solid\u00e1rio que \u00e9 o que deve prevalecer em seu cora\u00e7\u00e3o, mente e a\u00e7\u00e3o.<\/p>\n<p class=\"x_MsoNormal\">Afinal, \u00e9 isso o que vale quando chegamos ao fim da jornada da vida. Nada de material juntado conta e sim o que fizemos de bom para n\u00f3s mesmos e nosso pr\u00f3ximo, com base nos ensinamentos e mandamentos de Deus.<\/p>\n","protected":false},"excerpt":{"rendered":"<p>Wilson Aquino &#8211; Jornalista e Professor O inverno est\u00e1 chegando, prometendo ser mais rigoroso este&#8230;<\/p>\n","protected":false},"author":6,"featured_media":11721372,"comment_status":"closed","ping_status":"closed","sticky":false,"template":"","format":"standard","meta":{"footnotes":""},"categories":[3],"tags":[],"class_list":["post-11724502","post","type-post","status-publish","format-standard","has-post-thumbnail","hentry","category-artigo"],"_links":{"self":[{"href":"https:\/\/www.corumbaonline.com.br\/news\/wp-json\/wp\/v2\/posts\/11724502","targetHints":{"allow":["GET"]}}],"collection":[{"href":"https:\/\/www.corumbaonline.com.br\/news\/wp-json\/wp\/v2\/posts"}],"about":[{"href":"https:\/\/www.corumbaonline.com.br\/news\/wp-json\/wp\/v2\/types\/post"}],"author":[{"embeddable":true,"href":"https:\/\/www.corumbaonline.com.br\/news\/wp-json\/wp\/v2\/users\/6"}],"replies":[{"embeddable":true,"href":"https:\/\/www.corumbaonline.com.br\/news\/wp-json\/wp\/v2\/comments?post=11724502"}],"version-history":[{"count":2,"href":"https:\/\/www.corumbaonline.com.br\/news\/wp-json\/wp\/v2\/posts\/11724502\/revisions"}],"predecessor-version":[{"id":11724673,"href":"https:\/\/www.corumbaonline.com.br\/news\/wp-json\/wp\/v2\/posts\/11724502\/revisions\/11724673"}],"wp:featuredmedia":[{"embeddable":true,"href":"https:\/\/www.corumbaonline.com.br\/news\/wp-json\/wp\/v2\/media\/11721372"}],"wp:attachment":[{"href":"https:\/\/www.corumbaonline.com.br\/news\/wp-json\/wp\/v2\/media?parent=11724502"}],"wp:term":[{"taxonomy":"category","embeddable":true,"href":"https:\/\/www.corumbaonline.com.br\/news\/wp-json\/wp\/v2\/categories?post=11724502"},{"taxonomy":"post_tag","embeddable":true,"href":"https:\/\/www.corumbaonline.com.br\/news\/wp-json\/wp\/v2\/tags?post=11724502"}],"curies":[{"name":"wp","href":"https:\/\/api.w.org\/{rel}","templated":true}]}}