{"id":11724704,"date":"2022-05-07T18:11:00","date_gmt":"2022-05-07T22:11:00","guid":{"rendered":"http:\/\/www.corumbaonline.com.br\/news\/?p=11724704"},"modified":"2022-05-08T08:14:51","modified_gmt":"2022-05-08T12:14:51","slug":"retomada-de-voo-entre-corumba-e-campo-grande-e-sucesso-prefeitura-quer-ampliar-frequencia","status":"publish","type":"post","link":"https:\/\/www.corumbaonline.com.br\/news\/retomada-de-voo-entre-corumba-e-campo-grande-e-sucesso-prefeitura-quer-ampliar-frequencia\/","title":{"rendered":"Retomada de voo entre Corumb\u00e1 e Campo Grande \u00e9 sucesso; Prefeitura quer ampliar frequ\u00eancia"},"content":{"rendered":"<p>Foi um sucesso a retomada do voo ligando Corumb\u00e1 a Campo Grande. A Azul Linhas A\u00e9reas retomou a opera\u00e7\u00e3o do trecho na tarde deste s\u00e1bado, 07 de maio. \u201cO saldo foi positivo. O voo chegou a Corumb\u00e1 com ocupa\u00e7\u00e3o de 98% dos assentos. O retorno, para Campo Grande, teve tamb\u00e9m o mesmo percentual de ocupa\u00e7\u00e3o. O voo foi sucesso total\u201d, disse a diretora-presidente da Funda\u00e7\u00e3o de Turismo, Elis\u00e2ngela Sienna da Costa Oliva. Ela acompanhou, no Aeroporto, o embarque e desembarque, do voo inaugural.<\/p>\n<p>\u201cA orienta\u00e7\u00e3o do prefeito Marcelo Iunes \u00e9 para, a partir de agora, articularmos o aumento da frequ\u00eancia do voo entre Corumb\u00e1 e Campo Grande para, pelo menos, tr\u00eas vezes por semana. O prefeito nos orientou a elaborar estudos e relat\u00f3rios comprovando a grande demanda para a futura amplia\u00e7\u00e3o dos voos. Demanda de passageiros vimos que tem\u201d, ressaltou Elis\u00e2ngela Oliva.<\/p>\n<p>Para o prefeito Marcelo Iunes, o voo ligando Corumb\u00e1 a Capital do Estado vai fomentar ainda mais o turismo na regi\u00e3o, al\u00e9m de ser mais uma alternativa de locomo\u00e7\u00e3o para os mun\u00edcipes. \u201cDesde o come\u00e7o da nossa primeira gest\u00e3o estamos discutindo a retomada desse voo, por meio da Funda\u00e7\u00e3o de Turismo. \u00c9, sem d\u00favida, mais uma importante op\u00e7\u00e3o para a popula\u00e7\u00e3o e principalmente para o trade tur\u00edstico\u201d, afirmou.<\/p>\n<p>A empresa a\u00e9rea confirmou a retomada do trecho em fevereiro deste ano, ap\u00f3s reuni\u00e3o online entre o prefeito Marcelo Iunes, o assessor especial da presid\u00eancia da Azul, Ronaldo Veras, o gerente regional da Azul, Lucas Frade, e a gerente de planejamento da empresa, Paula da Silva Levy. Tamb\u00e9m participaram a diretora-presidente da Funda\u00e7\u00e3o de Turismo, Elis\u00e2ngela Oliva; o secret\u00e1rio de Desenvolvimento Econ\u00f4mico e Sustent\u00e1vel, C\u00e1ssio Augusto da Costa Marques, e o chefe de gabinete \u00c9lbio Mendon\u00e7a.<\/p>\n<p>Os voos acontecem inicialmente aos s\u00e1bados com capacidade para at\u00e9 147 assentos. A aeronave decola da Capital \u00e0s 14h50 e pousa no Aeroporto Internacional de Corumb\u00e1 \u00e0s 15h45. Em seguida, \u00e0s 16h35, ela retorna para Campo Grande, com chegada prevista para \u00e0s 17h30.<\/p>\n<div id=\"gallery-1\" class=\"gallery galleryid-128742 gallery-columns-3 gallery-size-full\">\n<figure class=\"gallery-item\">\n<div class=\"gallery-icon landscape\"><a role=\"link\" href=\"https:\/\/www.corumba.ms.gov.br\/2022\/05\/retomada-de-voo-entre-corumba-e-campo-grande-e-sucesso-prefeitura-quer-ampliar-frequencia\/voo-1\/\"><img loading=\"lazy\" decoding=\"async\" class=\"attachment-full size-full\" src=\"https:\/\/www.corumba.ms.gov.br\/wp-content\/uploads\/2022\/05\/voo-1.jpg\" sizes=\"auto, (max-width: 1200px) 100vw, 1200px\" srcset=\"https:\/\/www.corumba.ms.gov.br\/wp-content\/uploads\/2022\/05\/voo-1.jpg 1200w, https:\/\/www.corumba.ms.gov.br\/wp-content\/uploads\/2022\/05\/voo-1-300x225.jpg 300w, https:\/\/www.corumba.ms.gov.br\/wp-content\/uploads\/2022\/05\/voo-1-1024x768.jpg 1024w, https:\/\/www.corumba.ms.gov.br\/wp-content\/uploads\/2022\/05\/voo-1-768x576.jpg 768w\" alt=\"\" width=\"1200\" height=\"900\" aria-describedby=\"gallery-1-128744\" \/><\/a><\/div><figcaption id=\"gallery-1-128744\" class=\"wp-caption-text gallery-caption\">Retomada do voo entre Corumb\u00e1 e Campo Grande (Foto: Divulga\u00e7\u00e3o PMC)<\/figcaption><\/figure>\n<figure class=\"gallery-item\">\n<div class=\"gallery-icon landscape\"><a role=\"link\" href=\"https:\/\/www.corumba.ms.gov.br\/2022\/05\/retomada-de-voo-entre-corumba-e-campo-grande-e-sucesso-prefeitura-quer-ampliar-frequencia\/voo-3\/\"><img loading=\"lazy\" decoding=\"async\" class=\"attachment-full size-full\" src=\"https:\/\/www.corumba.ms.gov.br\/wp-content\/uploads\/2022\/05\/voo-3.jpg\" sizes=\"auto, (max-width: 1200px) 100vw, 1200px\" srcset=\"https:\/\/www.corumba.ms.gov.br\/wp-content\/uploads\/2022\/05\/voo-3.jpg 1200w, https:\/\/www.corumba.ms.gov.br\/wp-content\/uploads\/2022\/05\/voo-3-300x225.jpg 300w, https:\/\/www.corumba.ms.gov.br\/wp-content\/uploads\/2022\/05\/voo-3-1024x768.jpg 1024w, https:\/\/www.corumba.ms.gov.br\/wp-content\/uploads\/2022\/05\/voo-3-768x576.jpg 768w\" alt=\"\" width=\"1200\" height=\"900\" aria-describedby=\"gallery-1-128746\" \/><\/a><\/div><figcaption id=\"gallery-1-128746\" class=\"wp-caption-text gallery-caption\">Retomada do voo entre Corumb\u00e1 e Campo Grande (Foto: Divulga\u00e7\u00e3o PMC)<\/figcaption><\/figure>\n<figure class=\"gallery-item\">\n<div class=\"gallery-icon landscape\"><a role=\"link\" href=\"https:\/\/www.corumba.ms.gov.br\/2022\/05\/retomada-de-voo-entre-corumba-e-campo-grande-e-sucesso-prefeitura-quer-ampliar-frequencia\/afc38daf-4d21-4987-844f-a1fbd8f893ca\/\"><img loading=\"lazy\" decoding=\"async\" class=\"attachment-full size-full\" src=\"https:\/\/www.corumba.ms.gov.br\/wp-content\/uploads\/2022\/05\/afc38daf-4d21-4987-844f-a1fbd8f893ca.jpg\" sizes=\"auto, (max-width: 1200px) 100vw, 1200px\" srcset=\"https:\/\/www.corumba.ms.gov.br\/wp-content\/uploads\/2022\/05\/afc38daf-4d21-4987-844f-a1fbd8f893ca.jpg 1200w, https:\/\/www.corumba.ms.gov.br\/wp-content\/uploads\/2022\/05\/afc38daf-4d21-4987-844f-a1fbd8f893ca-300x225.jpg 300w, https:\/\/www.corumba.ms.gov.br\/wp-content\/uploads\/2022\/05\/afc38daf-4d21-4987-844f-a1fbd8f893ca-1024x768.jpg 1024w, https:\/\/www.corumba.ms.gov.br\/wp-content\/uploads\/2022\/05\/afc38daf-4d21-4987-844f-a1fbd8f893ca-768x576.jpg 768w\" alt=\"\" width=\"1200\" height=\"900\" aria-describedby=\"gallery-1-128748\" \/><\/a><\/div><figcaption id=\"gallery-1-128748\" class=\"wp-caption-text gallery-caption\">Retomada do voo entre Corumb\u00e1 e Campo Grande (Foto: Divulga\u00e7\u00e3o PMC)<\/figcaption><\/figure>\n<figure class=\"gallery-item\">\n<div class=\"gallery-icon portrait\"><a role=\"link\" href=\"https:\/\/www.corumba.ms.gov.br\/2022\/05\/retomada-de-voo-entre-corumba-e-campo-grande-e-sucesso-prefeitura-quer-ampliar-frequencia\/voo-2\/\"><img loading=\"lazy\" decoding=\"async\" class=\"attachment-full size-full\" src=\"https:\/\/www.corumba.ms.gov.br\/wp-content\/uploads\/2022\/05\/voo-2.jpg\" sizes=\"auto, (max-width: 675px) 100vw, 675px\" srcset=\"https:\/\/www.corumba.ms.gov.br\/wp-content\/uploads\/2022\/05\/voo-2.jpg 675w, https:\/\/www.corumba.ms.gov.br\/wp-content\/uploads\/2022\/05\/voo-2-225x300.jpg 225w\" alt=\"\" width=\"675\" height=\"900\" aria-describedby=\"gallery-1-128745\" \/><\/a><\/div><figcaption id=\"gallery-1-128745\" class=\"wp-caption-text gallery-caption\">Retomada do voo entre Corumb\u00e1 e Campo Grande (Foto: Divulga\u00e7\u00e3o PMC)<\/figcaption><\/figure>\n<\/div>\n","protected":false},"excerpt":{"rendered":"<p>Foi um sucesso a retomada do voo ligando Corumb\u00e1 a Campo Grande. A Azul Linhas&#8230;<\/p>\n","protected":false},"author":70,"featured_media":11724705,"comment_status":"closed","ping_status":"closed","sticky":false,"template":"","format":"standard","meta":{"footnotes":""},"categories":[8,23],"tags":[],"class_list":["post-11724704","post","type-post","status-publish","format-standard","has-post-thumbnail","hentry","category-destaque","category-turismo"],"_links":{"self":[{"href":"https:\/\/www.corumbaonline.com.br\/news\/wp-json\/wp\/v2\/posts\/11724704","targetHints":{"allow":["GET"]}}],"collection":[{"href":"https:\/\/www.corumbaonline.com.br\/news\/wp-json\/wp\/v2\/posts"}],"about":[{"href":"https:\/\/www.corumbaonline.com.br\/news\/wp-json\/wp\/v2\/types\/post"}],"author":[{"embeddable":true,"href":"https:\/\/www.corumbaonline.com.br\/news\/wp-json\/wp\/v2\/users\/70"}],"replies":[{"embeddable":true,"href":"https:\/\/www.corumbaonline.com.br\/news\/wp-json\/wp\/v2\/comments?post=11724704"}],"version-history":[{"count":1,"href":"https:\/\/www.corumbaonline.com.br\/news\/wp-json\/wp\/v2\/posts\/11724704\/revisions"}],"predecessor-version":[{"id":11724706,"href":"https:\/\/www.corumbaonline.com.br\/news\/wp-json\/wp\/v2\/posts\/11724704\/revisions\/11724706"}],"wp:featuredmedia":[{"embeddable":true,"href":"https:\/\/www.corumbaonline.com.br\/news\/wp-json\/wp\/v2\/media\/11724705"}],"wp:attachment":[{"href":"https:\/\/www.corumbaonline.com.br\/news\/wp-json\/wp\/v2\/media?parent=11724704"}],"wp:term":[{"taxonomy":"category","embeddable":true,"href":"https:\/\/www.corumbaonline.com.br\/news\/wp-json\/wp\/v2\/categories?post=11724704"},{"taxonomy":"post_tag","embeddable":true,"href":"https:\/\/www.corumbaonline.com.br\/news\/wp-json\/wp\/v2\/tags?post=11724704"}],"curies":[{"name":"wp","href":"https:\/\/api.w.org\/{rel}","templated":true}]}}