{"id":11724735,"date":"2022-05-10T08:51:00","date_gmt":"2022-05-10T12:51:00","guid":{"rendered":"http:\/\/www.corumbaonline.com.br\/news\/?p=11724735"},"modified":"2022-05-10T09:43:24","modified_gmt":"2022-05-10T13:43:24","slug":"bioparque-pantanal-abre-cadastro-de-visitas-para-junho-na-proxima-segunda-e-amplia-para-1-mil-vagas-por-dia","status":"publish","type":"post","link":"https:\/\/www.corumbaonline.com.br\/news\/bioparque-pantanal-abre-cadastro-de-visitas-para-junho-na-proxima-segunda-e-amplia-para-1-mil-vagas-por-dia\/","title":{"rendered":"Bioparque Pantanal abre cadastro de visitas para junho na pr\u00f3xima segunda e amplia para 1 mil vagas por dia"},"content":{"rendered":"<p data-uw-styling-context=\"true\">Na pr\u00f3xima segunda-feira (16), o Bioparque Pantanal abre agendamento de visitas para o m\u00eas de junho e apresenta duas novidades. A capacidade di\u00e1ria vistantes\u00a0 aumenta de 600 para 1 mil e o cadastro ter\u00e1 como op\u00e7\u00e3o o grupo familiar. A decis\u00e3o em ampliar o n\u00famero de vagas para visitas foi para atender uma determina\u00e7\u00e3o do governador Reinaldo Azambuja &#8211; que quer o que m\u00e1ximo de pessoas, principalmente sulmato-grossenses, conhe\u00e7am o local gratuitamente &#8211; como ser\u00e1 at\u00e9 o dia 31 de dezembro deste ano.<\/p>\n<p data-uw-styling-context=\"true\">A diretora do complexo, Maria Fernanda Balestieri, tamb\u00e9m disse que ap\u00f3s a primeira semana da abertura ao p\u00fablico, todos os setores est\u00e3o trabalhando de forma eficiente, o que permitiu a decis\u00e3o de aumento j\u00e1 no segundo m\u00eas das visita\u00e7\u00f5es. &#8220;Existe uma determina\u00e7\u00e3o do governador Reinaldo Azambuja de levar o maior n\u00famero de pessoas ao Bioparque Pantanal, como estamos trabalhando numa cad\u00eancia eficiente, com todos os n\u00facleos atuando e dando condi\u00e7\u00f5es para atender bem quem visita o Bioparque Pantanal, vamos implantar esse aumento&#8221;, disse a gestora.<\/p>\n<p data-uw-styling-context=\"true\">De acordo com o cronograma do complexo todas as segundas e quartas-feiras ser\u00e3o dedicadas a visitas de estudantes. Ter\u00e7a, quinta e s\u00e1bado ser\u00e1 a recep\u00e7\u00e3o do p\u00fablico geral e na sexta-feira o espa\u00e7o recebe organiza\u00e7\u00f5es da sociedade civil e grupos t\u00e9cnicos.<\/p>\n<p data-uw-styling-context=\"true\"><img loading=\"lazy\" decoding=\"async\" class=\"alignnone wp-image-402892 size-large\" src=\"http:\/\/www.ms.gov.br\/wp-content\/uploads\/sites\/150\/2022\/05\/calend%C3%A1rio-1024x579.png\" sizes=\"auto, (max-width: 1024px) 100vw, 1024px\" srcset=\"http:\/\/www.ms.gov.br\/wp-content\/uploads\/sites\/150\/2022\/05\/calend\u00e1rio-1024x579.png 1024w, http:\/\/www.ms.gov.br\/wp-content\/uploads\/sites\/150\/2022\/05\/calend\u00e1rio-300x170.png 300w, http:\/\/www.ms.gov.br\/wp-content\/uploads\/sites\/150\/2022\/05\/calend\u00e1rio-768x434.png 768w, http:\/\/www.ms.gov.br\/wp-content\/uploads\/sites\/150\/2022\/05\/calend\u00e1rio-350x198.png 350w, http:\/\/www.ms.gov.br\/wp-content\/uploads\/sites\/150\/2022\/05\/calend\u00e1rio.png 1325w\" alt=\"\" width=\"1024\" height=\"579\" data-uw-styling-context=\"true\" \/><\/p>\n<p data-uw-styling-context=\"true\">O espa\u00e7o funciona das 7h30 \u00e0s 18h com visitas programadas para acontecer nos dois per\u00edodos, pela manh\u00e3 das 9h \u00e0s 11h30 e \u00e0 tarde das 14h \u00e0s 17h30. Os grupos s\u00e3o guiados, com dura\u00e7\u00e3o aproximada de 1h30.<\/p>\n<p data-uw-styling-context=\"true\">Durante o percurso os visitantes conhecem toda a estrutura do Bioparque, passando pelo circuito das \u00e1guas, com tanques com as mais diversas esp\u00e9cies de peixes e finaliza o passeio na \u00e1rea externa. O local ainda conta com biblioteca, museu e elevador panor\u00e2mico.<\/p>\n<p data-uw-styling-context=\"true\">Vale ressaltar que o agendamento \u00e9 feito somente pelo site: bioparquerpantanal.ms.gov.br. Aos s\u00e1bados o complexo funciona at\u00e9 \u00e0s 12h, portanto o n\u00famero de visitantes ser\u00e1 de 500 pessoas no dia.<\/p>\n<p data-uw-styling-context=\"true\">Mais informa\u00e7\u00f5es podem ser obtidas pelo e-mail: agendamento.bioparque@gmail.com ou pelo WhatsApp: (67) 99217-8189.<\/p>\n","protected":false},"excerpt":{"rendered":"<p>Na pr\u00f3xima segunda-feira (16), o Bioparque Pantanal abre agendamento de visitas para o m\u00eas de&#8230;<\/p>\n","protected":false},"author":13,"featured_media":11724736,"comment_status":"closed","ping_status":"closed","sticky":false,"template":"","format":"standard","meta":{"footnotes":""},"categories":[8,17,23],"tags":[],"class_list":["post-11724735","post","type-post","status-publish","format-standard","has-post-thumbnail","hentry","category-destaque","category-meio-ambiente","category-turismo"],"_links":{"self":[{"href":"https:\/\/www.corumbaonline.com.br\/news\/wp-json\/wp\/v2\/posts\/11724735","targetHints":{"allow":["GET"]}}],"collection":[{"href":"https:\/\/www.corumbaonline.com.br\/news\/wp-json\/wp\/v2\/posts"}],"about":[{"href":"https:\/\/www.corumbaonline.com.br\/news\/wp-json\/wp\/v2\/types\/post"}],"author":[{"embeddable":true,"href":"https:\/\/www.corumbaonline.com.br\/news\/wp-json\/wp\/v2\/users\/13"}],"replies":[{"embeddable":true,"href":"https:\/\/www.corumbaonline.com.br\/news\/wp-json\/wp\/v2\/comments?post=11724735"}],"version-history":[{"count":1,"href":"https:\/\/www.corumbaonline.com.br\/news\/wp-json\/wp\/v2\/posts\/11724735\/revisions"}],"predecessor-version":[{"id":11724737,"href":"https:\/\/www.corumbaonline.com.br\/news\/wp-json\/wp\/v2\/posts\/11724735\/revisions\/11724737"}],"wp:featuredmedia":[{"embeddable":true,"href":"https:\/\/www.corumbaonline.com.br\/news\/wp-json\/wp\/v2\/media\/11724736"}],"wp:attachment":[{"href":"https:\/\/www.corumbaonline.com.br\/news\/wp-json\/wp\/v2\/media?parent=11724735"}],"wp:term":[{"taxonomy":"category","embeddable":true,"href":"https:\/\/www.corumbaonline.com.br\/news\/wp-json\/wp\/v2\/categories?post=11724735"},{"taxonomy":"post_tag","embeddable":true,"href":"https:\/\/www.corumbaonline.com.br\/news\/wp-json\/wp\/v2\/tags?post=11724735"}],"curies":[{"name":"wp","href":"https:\/\/api.w.org\/{rel}","templated":true}]}}