{"id":11724783,"date":"2022-05-11T09:58:00","date_gmt":"2022-05-11T13:58:00","guid":{"rendered":"http:\/\/www.corumbaonline.com.br\/news\/?p=11724783"},"modified":"2022-05-11T12:55:51","modified_gmt":"2022-05-11T16:55:51","slug":"vereadores-homenageiam-profissionais-que-cuidam-da-saude-da-populacao-corumbaense","status":"publish","type":"post","link":"https:\/\/www.corumbaonline.com.br\/news\/vereadores-homenageiam-profissionais-que-cuidam-da-saude-da-populacao-corumbaense\/","title":{"rendered":"Vereadores homenageiam profissionais que cuidam da sa\u00fade da popula\u00e7\u00e3o corumbaense"},"content":{"rendered":"<p>Os vereadores corumbaenses homenagearam ontem, ter\u00e7a-feira, 10, profissionais que prestam um relevante servi\u00e7o \u00e0 popula\u00e7\u00e3o corumbaense, na \u00e1rea da sa\u00fade. O ato ocorreu durante a sess\u00e3o ordin\u00e1ria da C\u00e2mara Municipal e marcou a entrega de Mo\u00e7\u00f5es de Congratula\u00e7\u00f5es \u00e0s pessoas ligadas ao Programa de Imuniza\u00e7\u00e3o da Prefeitura, e tamb\u00e9m a todos que integram o grupo da \u00e1rea de enfermagem, inclusive t\u00e9cnicos e auxiliares.<\/p>\n<p>O ato foi dirigido pelo presidente do Poder Legislativo, Roberto Gomes Fa\u00e7anha, e foi uma forma de destacar o trabalho desenvolvido na cidade, especialmente durante este per\u00edodo de pandemia da Covid \u2013 19.<\/p>\n<p>\u201cTodas e todos foram e est\u00e3o sendo fundamentais neste momento dif\u00edcil que estamos vivendo, cuidando da sa\u00fade da nossa popula\u00e7\u00e3o\u201d, enalteceu Fa\u00e7anha, ressaltando que a homenagem, foi uma forma de agradecer o trabalho realizado por todas aquelas pessoas que, dentro das suas profiss\u00f5es, est\u00e3o contribuindo para a melhoria da sa\u00fade e da qualidade de vida dos corumbaenses.<\/p>\n<p>A homenagem foi feita para todas as pessoas que integram o Programa de Imuniza\u00e7\u00e3o da Prefeitura, bem como enfermeiras (os), t\u00e9cnicos e auxiliares de enfermagem que, al\u00e9m do bel\u00edssimo trabalho que desenvolvem, tem outros dois motivos para comemorar: o Dia Internacional do Enfermeiro (12 de maio), e o Dia Nacional do T\u00e9cnico de Enfermagem (20 de maio).<\/p>\n<p>HOMENAGEADAS<\/p>\n<p>Foram homenageadas com Mo\u00e7\u00f5es de Congratula\u00e7\u00f5es a coordenadora do Programa Municipal de Imuniza\u00e7\u00e3o, enfermeira Luciana Ferreira Ambr\u00f3sio Barbosa; bem como as t\u00e9cnicas de enfermagem Ana Maria Alexandrino Ribeiro de Brito, Fabilaine Seren Sant\u2019Anna, Vit\u00f3ria T\u00e2nia de Jesus, e a agente de endemias e t\u00e9cnica de enfermagem Ivanise Soares Mendon\u00e7a.<\/p>\n<p>Vit\u00f3ria T\u00e2nia de Jesus por sinal, \u00e9 a vacinadora mais antiga do quadro de servidores da Secretaria da Sa\u00fade, \u00e9 foi a primeira a aplicar dose da vacina contra a Covid \u2013 19 em Corumb\u00e1.<\/p>\n<p>Al\u00e9m disso, pelos servi\u00e7os prestados \u00e0 sa\u00fade da popula\u00e7\u00e3o, intensificados durante a pandemia, o Poder Legislativo corumbaense homenageou profissionais em alus\u00e3o \u00e0 Semana da Enfermagem, que ser\u00e1 celebrada no per\u00edodo de 12 a 20 de maio.<\/p>\n<p>Foram agraciadas com Mo\u00e7\u00f5es de Congratula\u00e7\u00f5es a diretora de Enfermagem da Santa Casa de Corumb\u00e1, D\u2019Jenane Alexandre Rocha; a coordenadora de Enfermagem da Santa Casa, Rosiele Dias da Cruz; a coordenadora de Vigil\u00e2ncia Epidemiol\u00f3gica do Munic\u00edpio, Mari\u00e2ngela Capurro de Paula Pinho; a coordenadora da UPA \u2013 24 Horas do Guat\u00f3s, T\u00e2nia Maria de Arruda Oliveira, e a coordenadora do Pronto Socorro Municipal, Maria L\u00facia Braga.<\/p>\n<p>As homenagens foram extensivas as enfermeiras, enfermeiros, t\u00e9cnicos e t\u00e9cnicas, bem como auxiliares de enfermagem do Munic\u00edpio, respons\u00e1veis por um trabalho relevante na cidade em prol da popula\u00e7\u00e3o corumbaense, e que tiveram um papel fundamental durante a pandemia da Covid \u2013 19.<\/p>\n<p>A iniciativa partiu dos vereadores Roberto Fa\u00e7anha, Manoel Rodrigues, Yussef Salla, Elinho Junior, Samyr Qualhada, Ga\u00facho da Pr\u00f3-Art, Genilson Jos\u00e9, Chic\u00e3o Vianna, Allex Dellas, Daniel Brambilla, Ubiratan Canhete de Campos Filho (Bira), Nelsinho Dib, Alexandre Vasconcellos, Marcelo Ara\u00fajo e da vereadora Rachel Bryk.<\/p>\n<p>O ato contou com a presen\u00e7a da secret\u00e1ria adjunto de Sa\u00fade, Mariluce Gon\u00e7alves Le\u00e3o; do novo presidente da Junta Administrativa da Santa Casa, Milton Carlos de Melo, entre outros.<\/p>\n","protected":false},"excerpt":{"rendered":"<p>Os vereadores corumbaenses homenagearam ontem, ter\u00e7a-feira, 10, profissionais que prestam um relevante servi\u00e7o \u00e0 popula\u00e7\u00e3o&#8230;<\/p>\n","protected":false},"author":21,"featured_media":11724785,"comment_status":"closed","ping_status":"closed","sticky":false,"template":"","format":"standard","meta":{"footnotes":""},"categories":[8,19,21],"tags":[],"class_list":["post-11724783","post","type-post","status-publish","format-standard","has-post-thumbnail","hentry","category-destaque","category-politica","category-saude"],"_links":{"self":[{"href":"https:\/\/www.corumbaonline.com.br\/news\/wp-json\/wp\/v2\/posts\/11724783","targetHints":{"allow":["GET"]}}],"collection":[{"href":"https:\/\/www.corumbaonline.com.br\/news\/wp-json\/wp\/v2\/posts"}],"about":[{"href":"https:\/\/www.corumbaonline.com.br\/news\/wp-json\/wp\/v2\/types\/post"}],"author":[{"embeddable":true,"href":"https:\/\/www.corumbaonline.com.br\/news\/wp-json\/wp\/v2\/users\/21"}],"replies":[{"embeddable":true,"href":"https:\/\/www.corumbaonline.com.br\/news\/wp-json\/wp\/v2\/comments?post=11724783"}],"version-history":[{"count":1,"href":"https:\/\/www.corumbaonline.com.br\/news\/wp-json\/wp\/v2\/posts\/11724783\/revisions"}],"predecessor-version":[{"id":11724786,"href":"https:\/\/www.corumbaonline.com.br\/news\/wp-json\/wp\/v2\/posts\/11724783\/revisions\/11724786"}],"wp:featuredmedia":[{"embeddable":true,"href":"https:\/\/www.corumbaonline.com.br\/news\/wp-json\/wp\/v2\/media\/11724785"}],"wp:attachment":[{"href":"https:\/\/www.corumbaonline.com.br\/news\/wp-json\/wp\/v2\/media?parent=11724783"}],"wp:term":[{"taxonomy":"category","embeddable":true,"href":"https:\/\/www.corumbaonline.com.br\/news\/wp-json\/wp\/v2\/categories?post=11724783"},{"taxonomy":"post_tag","embeddable":true,"href":"https:\/\/www.corumbaonline.com.br\/news\/wp-json\/wp\/v2\/tags?post=11724783"}],"curies":[{"name":"wp","href":"https:\/\/api.w.org\/{rel}","templated":true}]}}