{"id":11725397,"date":"2022-06-02T08:52:00","date_gmt":"2022-06-02T12:52:00","guid":{"rendered":"http:\/\/www.corumbaonline.com.br\/news\/?p=11725397"},"modified":"2022-06-02T11:02:48","modified_gmt":"2022-06-02T15:02:48","slug":"iunes-assina-convenio-de-r-225-milhoes-com-estado-projetos-da-prefeitura-receberao-total-de-r-525-milhoes-em-investimentos","status":"publish","type":"post","link":"https:\/\/www.corumbaonline.com.br\/news\/iunes-assina-convenio-de-r-225-milhoes-com-estado-projetos-da-prefeitura-receberao-total-de-r-525-milhoes-em-investimentos\/","title":{"rendered":"Iunes assina conv\u00eanio de R$ 22,5 milh\u00f5es com Estado; projetos da Prefeitura receber\u00e3o total de R$ 52,5 milh\u00f5es em investimentos"},"content":{"rendered":"<p>O prefeito Marcelo Iunes assinou nesta quarta-feira, 1\u00ba de junho, conv\u00eanio de R$ 22,5 milh\u00f5es com o Governo do Estado. Com mais R$ 26 milh\u00f5es de recursos pr\u00f3prios do Munic\u00edpio e R$ 4 milh\u00f5es da Uni\u00e3o, oriundos de emendas federais, os projetos estruturantes elaborados pela Prefeitura v\u00e3o receber um total de R$ 52,5 milh\u00f5es em investimentos.<\/p>\n<p>Participaram da solenidade o secret\u00e1rio de Estado de Meio Ambiente, Desenvolvimento Econ\u00f4mico, Produ\u00e7\u00e3o e Agricultura Familiar (SEMAGRO), Jaime Verruck, o secret\u00e1rio de Estado de Infraestrutura, Renato Marc\u00edlio da Silva, o presidente do Legislativo municipal, Roberto Fa\u00e7anha, os vereadores Allex Della e Manoel Rodrigues, o secret\u00e1rio municipal de Governo, Luiz Ant\u00f4nio da Silva, e a assessora pol\u00edtica do Governo do Estado, Gl\u00e1ucia Iunes.<\/p>\n<p>\u201cMais uma vez quero agradecer a parceria do governador Reinaldo Azambuja com a nossa cidade. Nunca na hist\u00f3ria de Corumb\u00e1 tivemos uma gest\u00e3o t\u00e3o municipalista quanto essas administra\u00e7\u00f5es do governador Reinaldo. E, mais uma vez repito, quem ganha com esse alinhamento \u00e9 a nossa popula\u00e7\u00e3o\u201d, afirmou o prefeito de Corumb\u00e1.<\/p>\n<p>Marcelo Iunes pontuou ainda que os recursos ser\u00e3o aplicados em obras estruturantes por toda as regi\u00f5es da cidade. \u201cE desta vez, ser\u00e1 uma formato diferente do que foi feito pela AGESUL na requalifica\u00e7\u00e3o asf\u00e1ltica dos bairros Universit\u00e1rio, Guat\u00f3s e na substitui\u00e7\u00e3o das lajotas por CBUq, nas imedia\u00e7\u00f5es do novo Pronto Socorro\u201d.<\/p>\n<p>\u201cEste montante importante de recursos ser\u00e1 aplicado pelo Executivo municipal em projetos elaborados e que ser\u00e3o licitados e executados pela Prefeitura. Ou seja, s\u00e3o projetos que partiram das demandas que colhemos junto \u00e0 comunidade corumbaense\u201d, completou o prefeito de Corumb\u00e1.<\/p>\n","protected":false},"excerpt":{"rendered":"<p>O prefeito Marcelo Iunes assinou nesta quarta-feira, 1\u00ba de junho, conv\u00eanio de R$ 22,5 milh\u00f5es&#8230;<\/p>\n","protected":false},"author":70,"featured_media":11725398,"comment_status":"closed","ping_status":"closed","sticky":false,"template":"","format":"standard","meta":{"footnotes":""},"categories":[19],"tags":[],"class_list":["post-11725397","post","type-post","status-publish","format-standard","has-post-thumbnail","hentry","category-politica"],"_links":{"self":[{"href":"https:\/\/www.corumbaonline.com.br\/news\/wp-json\/wp\/v2\/posts\/11725397","targetHints":{"allow":["GET"]}}],"collection":[{"href":"https:\/\/www.corumbaonline.com.br\/news\/wp-json\/wp\/v2\/posts"}],"about":[{"href":"https:\/\/www.corumbaonline.com.br\/news\/wp-json\/wp\/v2\/types\/post"}],"author":[{"embeddable":true,"href":"https:\/\/www.corumbaonline.com.br\/news\/wp-json\/wp\/v2\/users\/70"}],"replies":[{"embeddable":true,"href":"https:\/\/www.corumbaonline.com.br\/news\/wp-json\/wp\/v2\/comments?post=11725397"}],"version-history":[{"count":1,"href":"https:\/\/www.corumbaonline.com.br\/news\/wp-json\/wp\/v2\/posts\/11725397\/revisions"}],"predecessor-version":[{"id":11725399,"href":"https:\/\/www.corumbaonline.com.br\/news\/wp-json\/wp\/v2\/posts\/11725397\/revisions\/11725399"}],"wp:featuredmedia":[{"embeddable":true,"href":"https:\/\/www.corumbaonline.com.br\/news\/wp-json\/wp\/v2\/media\/11725398"}],"wp:attachment":[{"href":"https:\/\/www.corumbaonline.com.br\/news\/wp-json\/wp\/v2\/media?parent=11725397"}],"wp:term":[{"taxonomy":"category","embeddable":true,"href":"https:\/\/www.corumbaonline.com.br\/news\/wp-json\/wp\/v2\/categories?post=11725397"},{"taxonomy":"post_tag","embeddable":true,"href":"https:\/\/www.corumbaonline.com.br\/news\/wp-json\/wp\/v2\/tags?post=11725397"}],"curies":[{"name":"wp","href":"https:\/\/api.w.org\/{rel}","templated":true}]}}