{"id":11725400,"date":"2022-06-02T09:11:00","date_gmt":"2022-06-02T13:11:00","guid":{"rendered":"http:\/\/www.corumbaonline.com.br\/news\/?p=11725400"},"modified":"2022-06-02T11:05:32","modified_gmt":"2022-06-02T15:05:32","slug":"comissao-da-camara-convoca-ministro-da-justica-para-falar-sobre-morte-de-genivaldo","status":"publish","type":"post","link":"https:\/\/www.corumbaonline.com.br\/news\/comissao-da-camara-convoca-ministro-da-justica-para-falar-sobre-morte-de-genivaldo\/","title":{"rendered":"Comiss\u00e3o da C\u00e2mara convoca ministro da Justi\u00e7a para falar sobre morte de Genivaldo"},"content":{"rendered":"<p>A Comiss\u00e3o de Direitos Humanos e Minorias da C\u00e2mara dos Deputados aprovou nesta quarta-feira (1\u00ba) a convoca\u00e7\u00e3o do ministro da Justi\u00e7a, Anderson Torres, para prestar esclarecimentos sobre a morte de Genivaldo de Jesus Santos durante abordagem da Pol\u00edcia Rodovi\u00e1ria Federal (PRF) em Sergipe na semana passada. A convoca\u00e7\u00e3o do diretor da PRF, Silvinei Vasques, tamb\u00e9m foi aprovada pelo colegiado.<img decoding=\"async\" src=\"https:\/\/agenciabrasil.ebc.com.br\/ebc.png?id=1463229&amp;o=node\" \/><img decoding=\"async\" src=\"https:\/\/agenciabrasil.ebc.com.br\/ebc.gif?id=1463229&amp;o=node\" \/><\/p>\n<p>A convoca\u00e7\u00e3o, ao contr\u00e1rio do convite, \u00e9 obrigat\u00f3ria. Se o convocado n\u00e3o comparecer sem apresentar um justificativa considera \u201cadequada\u201d, pode responder por crime de responsabilidade.<\/p>\n<p>Os pedidos foram apresentados pelos deputados Alexandre Frota (PSDB-SP), T\u00falio Gadelha (Rede-PE), Tal\u00edria Petrone (Psol-RJ) e Vivi Reis (Psol-PA). Os requerimentos foram subscritos pelos deputados Frei Anast\u00e1cio (PT-PB), Helder Salom\u00e3o (PT-ES), Padre Jo\u00e3o (PT-MG), Joenia Wapichana (Rede-RR) e Erika Kokay (PT-DF).<\/p>\n<p>Anderson Torres afirmou, na segunda-feira (30), que foram instaurados processo administrativo no \u00e2mbito da PRF\u00a0e um inqu\u00e9rito na Pol\u00edcia Federal (PF) e que a apura\u00e7\u00e3o do caso ser\u00e1 \u201ca mais breve poss\u00edvel\u201d. \u201cO que tinha que ser feito pelo Estado j\u00e1 foi feito e agora \u00e9 aguardar a finaliza\u00e7\u00e3o\u201d, disse o ministro.<\/p>\n<p>No dia 25 de maio, tr\u00eas policiais rodovi\u00e1rios federais abordaram Genivaldo por pilotar uma moto sem capacete, na BR-101, no munic\u00edpio de Umba\u00faba, localizado no sul do estado de Sergipe. Imagens veiculadas na internet mostram a v\u00edtima presa dentro de uma viatura esfuma\u00e7ada. O homem se debate com as pernas para fora enquanto um policial rodovi\u00e1rio mant\u00e9m a tampa do porta-malas abaixada, impedindo o homem de sair.<\/p>\n<p>Segundo o Instituto M\u00e9dico Legal (IML) do estado, a v\u00edtima morreu de insufici\u00eancia aguda secund\u00e1ria a asfixia.<\/p>\n","protected":false},"excerpt":{"rendered":"<p>A Comiss\u00e3o de Direitos Humanos e Minorias da C\u00e2mara dos Deputados aprovou nesta quarta-feira (1\u00ba)&#8230;<\/p>\n","protected":false},"author":4,"featured_media":0,"comment_status":"closed","ping_status":"closed","sticky":false,"template":"","format":"standard","meta":{"footnotes":""},"categories":[19],"tags":[],"class_list":["post-11725400","post","type-post","status-publish","format-standard","hentry","category-politica"],"_links":{"self":[{"href":"https:\/\/www.corumbaonline.com.br\/news\/wp-json\/wp\/v2\/posts\/11725400","targetHints":{"allow":["GET"]}}],"collection":[{"href":"https:\/\/www.corumbaonline.com.br\/news\/wp-json\/wp\/v2\/posts"}],"about":[{"href":"https:\/\/www.corumbaonline.com.br\/news\/wp-json\/wp\/v2\/types\/post"}],"author":[{"embeddable":true,"href":"https:\/\/www.corumbaonline.com.br\/news\/wp-json\/wp\/v2\/users\/4"}],"replies":[{"embeddable":true,"href":"https:\/\/www.corumbaonline.com.br\/news\/wp-json\/wp\/v2\/comments?post=11725400"}],"version-history":[{"count":1,"href":"https:\/\/www.corumbaonline.com.br\/news\/wp-json\/wp\/v2\/posts\/11725400\/revisions"}],"predecessor-version":[{"id":11725401,"href":"https:\/\/www.corumbaonline.com.br\/news\/wp-json\/wp\/v2\/posts\/11725400\/revisions\/11725401"}],"wp:attachment":[{"href":"https:\/\/www.corumbaonline.com.br\/news\/wp-json\/wp\/v2\/media?parent=11725400"}],"wp:term":[{"taxonomy":"category","embeddable":true,"href":"https:\/\/www.corumbaonline.com.br\/news\/wp-json\/wp\/v2\/categories?post=11725400"},{"taxonomy":"post_tag","embeddable":true,"href":"https:\/\/www.corumbaonline.com.br\/news\/wp-json\/wp\/v2\/tags?post=11725400"}],"curies":[{"name":"wp","href":"https:\/\/api.w.org\/{rel}","templated":true}]}}