{"id":11725435,"date":"2022-06-03T08:37:00","date_gmt":"2022-06-03T12:37:00","guid":{"rendered":"http:\/\/www.corumbaonline.com.br\/news\/?p=11725435"},"modified":"2022-06-03T09:09:02","modified_gmt":"2022-06-03T13:09:02","slug":"inscricoes-para-o-encceja-2022-poderao-ser-realizadas-ate-o-dia-04-de-junho","status":"publish","type":"post","link":"https:\/\/www.corumbaonline.com.br\/news\/inscricoes-para-o-encceja-2022-poderao-ser-realizadas-ate-o-dia-04-de-junho\/","title":{"rendered":"Inscri\u00e7\u00f5es para o ENCCEJA 2022 poder\u00e3o ser realizadas at\u00e9 o dia 04 de junho"},"content":{"rendered":"\n<p>Secretaria de Estado de Educa\u00e7\u00e3o (SED), atrav\u00e9s da Superintend\u00eancia de Planejamento e Apoio Institucional informa que est\u00e3o abertas as inscri\u00e7\u00f5es para edi\u00e7\u00e3o 2022 do Exame Nacional para Certifica\u00e7\u00e3o de Compet\u00eancias de Jovens e Adultos (Encceja), que poder\u00e3o ser realizadas at\u00e9 \u00e0s 23h59 do dia 04 de junho de 2022 (hor\u00e1rio de Bras\u00edlia-DF), no endere\u00e7o eletr\u00f4nico<strong><a href=\"http:\/\/portal.inep.gov.br\/artigo\/-\/asset_publisher\/B4AQV9zFY7Bv\/content\/encceja-2019-tera-inscricoes-entre-20-e-31-de-maio\/21206\">&nbsp;enccejanacional.inep.gov.br\/encceja.<\/a><\/strong><\/p>\n\n\n\n<p>A participa\u00e7\u00e3o no Encceja Nacional 2022 \u00e9 volunt\u00e1ria, gratuita e destinada a jovens e &nbsp;adultos que n\u00e3o tiveram oportunidade de concluir seus estudos na idade apropriada para cada n\u00edvel de ensino. Para participar dever\u00e1 ter, no m\u00ednimo, 15 (quinze) anos completos para o Ensino Fundamental, e no m\u00ednimo, 18 (dezoito) anos completos para o Ensino M\u00e9dio, na data de realiza\u00e7\u00e3o do Exame, conforme estabelecem o \u00a7 1\u00ba e \u00a7 2\u00ba do art. 38, da Lei n\u00ba 9.394, de 20 de dezembro de 1996.<\/p>\n\n\n\n<p>A aplica\u00e7\u00e3o das provas, no turno matutino, ter\u00e1 in\u00edcio \u00e0s 9h e se encerrar\u00e1 \u00e0s 13h e, no turno vespertino, ter\u00e1 in\u00edcio \u00e0s 15h30 e se encerrar\u00e1 \u00e0s 20h30 (hor\u00e1rio de Bras\u00edlia-DF), em todos os Estados e no Distrito Federal. As informa\u00e7\u00f5es est\u00e3o dispon\u00edveis no Edital n. 36, de 12 de maio de 2022 publicado no Di\u00e1rio Oficial da Uni\u00e3o, de 16 de maio de 2022.<\/p>\n\n\n\n<p>O participante, antes de efetuar a sua inscri\u00e7\u00e3o, dever\u00e1 ler o Edital e os atos normativos nele mencionados, para certificar-se de que aceita todas as condi\u00e7\u00f5es nele estabelecidas e que preenche todos os requisitos exigidos para a participa\u00e7\u00e3o no Encceja Nacional 2022.<\/p>\n\n\n\n<p>As provas do&nbsp;Encceja&nbsp;Nacional ser\u00e3o aplicadas em&nbsp;<strong>28 de agosto de 2022<\/strong>, tanto para o Ensino Fundamental, quanto para o Ensino M\u00e9dio, conforme&nbsp; cronograma abaixo:<\/p>\n\n\n\n<figure class=\"wp-block-table\"><table><tbody><tr><td><strong>ENSINO FUNDAMENTAL<\/strong><\/td><\/tr><tr><td><strong>28 de agosto de 2022<\/strong><\/td><\/tr><tr><td><strong>Manh\u00e3<\/strong><\/td><td><strong>Tarde<\/strong><\/td><\/tr><tr><td>Hor\u00e1rio (de Bras\u00edlia): 9h \u00e0s 13h<\/td><td>Hor\u00e1rio (de Bras\u00edlia): 15h30 \u00e0s 20h30<\/td><\/tr><tr><td>Prova I: Ci\u00eancias Naturais<\/td><td>Prova III: L\u00edngua Portuguesa, L\u00edngua Estrangeira Moderna, Artes, Educa\u00e7\u00e3o F\u00edsica e Reda\u00e7\u00e3o<\/td><\/tr><tr><td>Prova II: Matem\u00e1tica<\/td><td>Prova IV: Hist\u00f3ria e Geografia<\/td><\/tr><tr><td><strong>ENSINO M\u00c9DIO<\/strong><\/td><\/tr><tr><td><strong>Manh\u00e3<\/strong><\/td><td><strong>Tarde<\/strong><\/td><\/tr><tr><td>Hor\u00e1rio (de Bras\u00edlia): 9h \u00e0s 13h<\/td><td>Hor\u00e1rio (de Bras\u00edlia): 15h30 \u00e0s 20h30<\/td><\/tr><tr><td>Prova I: Ci\u00eancias da Natureza e suas Tecnologias<\/td><td>Prova III: Linguagens, C\u00f3digos e suas Tecnologias e Reda\u00e7\u00e3o<\/td><\/tr><tr><td>Prova II: Matem\u00e1tica e suas Tecnologias<\/td><td>Prova IV: Ci\u00eancias Humanas e suas Tecnologias<\/td><\/tr><\/tbody><\/table><\/figure>\n","protected":false},"excerpt":{"rendered":"<p>Secretaria de Estado de Educa\u00e7\u00e3o (SED), atrav\u00e9s da Superintend\u00eancia de Planejamento e Apoio Institucional informa&#8230;<\/p>\n","protected":false},"author":13,"featured_media":0,"comment_status":"closed","ping_status":"closed","sticky":false,"template":"","format":"standard","meta":{"footnotes":""},"categories":[10],"tags":[],"class_list":["post-11725435","post","type-post","status-publish","format-standard","hentry","category-educacao"],"_links":{"self":[{"href":"https:\/\/www.corumbaonline.com.br\/news\/wp-json\/wp\/v2\/posts\/11725435","targetHints":{"allow":["GET"]}}],"collection":[{"href":"https:\/\/www.corumbaonline.com.br\/news\/wp-json\/wp\/v2\/posts"}],"about":[{"href":"https:\/\/www.corumbaonline.com.br\/news\/wp-json\/wp\/v2\/types\/post"}],"author":[{"embeddable":true,"href":"https:\/\/www.corumbaonline.com.br\/news\/wp-json\/wp\/v2\/users\/13"}],"replies":[{"embeddable":true,"href":"https:\/\/www.corumbaonline.com.br\/news\/wp-json\/wp\/v2\/comments?post=11725435"}],"version-history":[{"count":1,"href":"https:\/\/www.corumbaonline.com.br\/news\/wp-json\/wp\/v2\/posts\/11725435\/revisions"}],"predecessor-version":[{"id":11725436,"href":"https:\/\/www.corumbaonline.com.br\/news\/wp-json\/wp\/v2\/posts\/11725435\/revisions\/11725436"}],"wp:attachment":[{"href":"https:\/\/www.corumbaonline.com.br\/news\/wp-json\/wp\/v2\/media?parent=11725435"}],"wp:term":[{"taxonomy":"category","embeddable":true,"href":"https:\/\/www.corumbaonline.com.br\/news\/wp-json\/wp\/v2\/categories?post=11725435"},{"taxonomy":"post_tag","embeddable":true,"href":"https:\/\/www.corumbaonline.com.br\/news\/wp-json\/wp\/v2\/tags?post=11725435"}],"curies":[{"name":"wp","href":"https:\/\/api.w.org\/{rel}","templated":true}]}}