{"id":11725448,"date":"2022-06-03T10:10:00","date_gmt":"2022-06-03T14:10:00","guid":{"rendered":"http:\/\/www.corumbaonline.com.br\/news\/?p=11725448"},"modified":"2022-06-03T11:34:58","modified_gmt":"2022-06-03T15:34:58","slug":"sancionada-lei-que-institui-em-corumba-a-semana-municipal-do-idoso","status":"publish","type":"post","link":"https:\/\/www.corumbaonline.com.br\/news\/sancionada-lei-que-institui-em-corumba-a-semana-municipal-do-idoso\/","title":{"rendered":"Sancionada Lei que institui em Corumb\u00e1, a Semana Municipal do Idoso"},"content":{"rendered":"<p>O prefeito Marcelo Iunes sancionou a Lei\u00a0 n\u00ba 2.822, de 02 de junho de 2022, que institui a Semana Municipal do Idoso, publicada ontem, quinta-feira, 02, na edi\u00e7\u00e3o de n\u00ba 2.424 do Di\u00e1rio Oficial do Munic\u00edpio de Corumb\u00e1.<\/p>\n<p>Pela Lei, que \u00e9 de autoria do vereador Allex Dellas, a Semana Municipal do Idoso passa a integrar o calend\u00e1rio oficial do Munic\u00edpio, e ser\u00e1 celebrada na semana de 26 de setembro \u00e0 1\u00ba de outubro, Dia Internacional do Idoso, institu\u00eddo pela Organiza\u00e7\u00e3o das Na\u00e7\u00f5es Unidas (ONU).<\/p>\n<p>O objetivo da semana \u00e9 desenvolver e discutir temas de relev\u00e2ncia da terceira idade, contemplando os segmentos de cultura, lazer, sa\u00fade, educa\u00e7\u00e3o, legisla\u00e7\u00e3o, promo\u00e7\u00e3o e assist\u00eancia social, e demais direitos que despertem o interesse do idoso, e prev\u00ea uma ampla divulga\u00e7\u00e3o juntamente com a comunidade, dando total publicidade ao conte\u00fado do Estatuto do Idoso.<\/p>\n<p>\u201cSabemos que a popula\u00e7\u00e3o de idosos n\u00e3o para de crescer. No Brasil, s\u00e3o mais ou menos 15 milh\u00f5es de pessoas e deve dobrar em 20 anos. No mundo inteiro a popula\u00e7\u00e3o est\u00e1 ficando mais velha, por isso, temos como obriga\u00e7\u00e3o buscar desenvolver projetos que visem melhorar a qualidade de vida dos nossos idosos, e mostrar aos mais jovens, como deve ser feito pra poder ter um envelhecimento sadio e feliz\u201d, afirmou Allex.<\/p>\n<p>O vereador lembra ainda que a cria\u00e7\u00e3o do Estatuto do Idoso em 2003, representou um grande avan\u00e7o na vida dessa parcela da popula\u00e7\u00e3o, que frequentemente \u00e9 v\u00edtima de maus-tratos e abusos de todas as formas.<\/p>\n<p>\u201cEsse estatuto estabeleceu os direitos dos idosos, como a prioridade em alguns servi\u00e7os e a garantia de acesso \u00e0 sa\u00fade, alimenta\u00e7\u00e3o, educa\u00e7\u00e3o, cultura, lazer e trabalho. Essa Lei vem refor\u00e7ar ainda mais os direitos dos idosos corumbaenses\u201d, celebrou.<\/p>\n","protected":false},"excerpt":{"rendered":"<p>O prefeito Marcelo Iunes sancionou a Lei\u00a0 n\u00ba 2.822, de 02 de junho de 2022,&#8230;<\/p>\n","protected":false},"author":63,"featured_media":0,"comment_status":"closed","ping_status":"closed","sticky":false,"template":"","format":"standard","meta":{"footnotes":""},"categories":[19],"tags":[],"class_list":["post-11725448","post","type-post","status-publish","format-standard","hentry","category-politica"],"_links":{"self":[{"href":"https:\/\/www.corumbaonline.com.br\/news\/wp-json\/wp\/v2\/posts\/11725448","targetHints":{"allow":["GET"]}}],"collection":[{"href":"https:\/\/www.corumbaonline.com.br\/news\/wp-json\/wp\/v2\/posts"}],"about":[{"href":"https:\/\/www.corumbaonline.com.br\/news\/wp-json\/wp\/v2\/types\/post"}],"author":[{"embeddable":true,"href":"https:\/\/www.corumbaonline.com.br\/news\/wp-json\/wp\/v2\/users\/63"}],"replies":[{"embeddable":true,"href":"https:\/\/www.corumbaonline.com.br\/news\/wp-json\/wp\/v2\/comments?post=11725448"}],"version-history":[{"count":1,"href":"https:\/\/www.corumbaonline.com.br\/news\/wp-json\/wp\/v2\/posts\/11725448\/revisions"}],"predecessor-version":[{"id":11725449,"href":"https:\/\/www.corumbaonline.com.br\/news\/wp-json\/wp\/v2\/posts\/11725448\/revisions\/11725449"}],"wp:attachment":[{"href":"https:\/\/www.corumbaonline.com.br\/news\/wp-json\/wp\/v2\/media?parent=11725448"}],"wp:term":[{"taxonomy":"category","embeddable":true,"href":"https:\/\/www.corumbaonline.com.br\/news\/wp-json\/wp\/v2\/categories?post=11725448"},{"taxonomy":"post_tag","embeddable":true,"href":"https:\/\/www.corumbaonline.com.br\/news\/wp-json\/wp\/v2\/tags?post=11725448"}],"curies":[{"name":"wp","href":"https:\/\/api.w.org\/{rel}","templated":true}]}}