{"id":11725506,"date":"2022-06-06T08:00:00","date_gmt":"2022-06-06T12:00:00","guid":{"rendered":"http:\/\/www.corumbaonline.com.br\/news\/?p=11725506"},"modified":"2022-06-06T19:03:29","modified_gmt":"2022-06-06T23:03:29","slug":"semana-inicia-com-tempo-firme-e-seco-em-mato-grosso-do-sul","status":"publish","type":"post","link":"https:\/\/www.corumbaonline.com.br\/news\/semana-inicia-com-tempo-firme-e-seco-em-mato-grosso-do-sul\/","title":{"rendered":"Semana inicia com tempo firme e seco em Mato Grosso do Sul"},"content":{"rendered":"<p style=\"box-sizing: border-box; margin-bottom: 2em; font-size: 16px; line-height: 1.8em; text-align: justify; color: #212529; font-family: 'Open Sans', sans-serif;\" data-uw-styling-context=\"true\">Previs\u00e3o elaborada pelo Cemtec (Centro de Monitoramento do Tempo e do Clima de Mato Grosso do Sul) aponta que a segunda-feira (6) ser\u00e1 de tempo firme em todo o Estado.<\/p>\n<p style=\"box-sizing: border-box; margin-top: 0px; margin-bottom: 2em; font-size: 16px; line-height: 1.8em; text-align: justify; color: #212529; font-family: 'Open Sans', sans-serif;\" data-uw-styling-context=\"true\">O dia ser\u00e1 de sol e poucas nuvens devido \u00e0 atua\u00e7\u00e3o de um sistema de alta press\u00e3o atmosf\u00e9rica que favorece o tempo quente e seco.<\/p>\n<p style=\"box-sizing: border-box; margin-top: 0px; margin-bottom: 2em; font-size: 16px; line-height: 1.8em; text-align: justify; color: #212529; font-family: 'Open Sans', sans-serif;\" data-uw-styling-context=\"true\">Temperaturas m\u00ednimas de 16 e 17\u00baC e m\u00e1ximas de 28\u00baC ser\u00e3o registradas em munic\u00edpios das regi\u00f5es Conesul e Sul-Fronteira, como Amambai e Tacuru, por exemplo.<\/p>\n<p style=\"box-sizing: border-box; margin-top: 0px; margin-bottom: 2em; font-size: 16px; line-height: 1.8em; text-align: justify; color: #212529; font-family: 'Open Sans', sans-serif;\" data-uw-styling-context=\"true\">No Pantanal, cidades como Corumb\u00e1 e Lad\u00e1rio devem ter m\u00ednimas de 20\u00baC e m\u00e1ximas de at\u00e9 32\u00baC.<\/p>\n<p style=\"box-sizing: border-box; margin-top: 0px; margin-bottom: 2em; font-size: 16px; line-height: 1.8em; text-align: justify; color: #212529; font-family: 'Open Sans', sans-serif;\" data-uw-styling-context=\"true\">Em Campo Grande, a m\u00ednima deve ficar em 20\u00baC e a m\u00e1xima em 30\u00baC.<\/p>\n<p style=\"box-sizing: border-box; margin-top: 0px; margin-bottom: 2em; font-size: 16px; line-height: 1.8em; text-align: justify; color: #212529; font-family: 'Open Sans', sans-serif;\" data-uw-styling-context=\"true\">Os \u00edndices de umidade relativa do ar estar\u00e3o baixos durante todo o dia, entre 15 e 40, em praticamente todo o Estado.<\/p>\n<p style=\"box-sizing: border-box; margin-top: 0px; margin-bottom: 2em; font-size: 16px; line-height: 1.8em; text-align: justify; color: #212529; font-family: 'Open Sans', sans-serif;\" data-uw-styling-context=\"true\"><span style=\"box-sizing: border-box; font-weight: bolder;\" data-uw-styling-context=\"true\">Reviravolta<\/span><\/p>\n<p style=\"box-sizing: border-box; margin-top: 0px; margin-bottom: 2em; font-size: 16px; line-height: 1.8em; text-align: justify; color: #212529; font-family: 'Open Sans', sans-serif;\" data-uw-styling-context=\"true\">Depois da madrugada de ter\u00e7a-feira (7), a forma\u00e7\u00e3o de um sistema de baixa press\u00e3o aliada ao avan\u00e7o de uma frente fria oce\u00e2nica ir\u00e1 favorecer a forma\u00e7\u00e3o de instabilidade, principalmente nas regi\u00f5es Conesul e Sul-Fronteira.<\/p>\n<p style=\"box-sizing: border-box; margin-top: 0px; margin-bottom: 2em; font-size: 16px; line-height: 1.8em; text-align: justify; color: #212529; font-family: 'Open Sans', sans-serif;\" data-uw-styling-context=\"true\">Al\u00e9m disso, o transporte de umidade vindo da Amaz\u00f4nia favorece o tempo inst\u00e1vel, com chuvas de intensidade fraca a moderada e tempestades isoladas nessas regi\u00f5es.<\/p>\n<p style=\"box-sizing: border-box; margin-top: 0px; margin-bottom: 2em; font-size: 16px; line-height: 1.8em; text-align: justify; color: #212529; font-family: 'Open Sans', sans-serif;\" data-uw-styling-context=\"true\">Entre ter\u00e7a e quinta-feira (9), as instabilidades se formam em todo o Estado, com possibilidades de chuvas moderadas a fortes, e tempestades acompanhadas de raios, rajadas de ventos e eventual queda de granizo principalmente nas regi\u00f5es Centro e Norte.<\/p>\n","protected":false},"excerpt":{"rendered":"<p>Previs\u00e3o elaborada pelo Cemtec (Centro de Monitoramento do Tempo e do Clima de Mato Grosso&#8230;<\/p>\n","protected":false},"author":13,"featured_media":0,"comment_status":"closed","ping_status":"closed","sticky":false,"template":"","format":"standard","meta":{"footnotes":""},"categories":[17],"tags":[],"class_list":["post-11725506","post","type-post","status-publish","format-standard","hentry","category-meio-ambiente"],"_links":{"self":[{"href":"https:\/\/www.corumbaonline.com.br\/news\/wp-json\/wp\/v2\/posts\/11725506","targetHints":{"allow":["GET"]}}],"collection":[{"href":"https:\/\/www.corumbaonline.com.br\/news\/wp-json\/wp\/v2\/posts"}],"about":[{"href":"https:\/\/www.corumbaonline.com.br\/news\/wp-json\/wp\/v2\/types\/post"}],"author":[{"embeddable":true,"href":"https:\/\/www.corumbaonline.com.br\/news\/wp-json\/wp\/v2\/users\/13"}],"replies":[{"embeddable":true,"href":"https:\/\/www.corumbaonline.com.br\/news\/wp-json\/wp\/v2\/comments?post=11725506"}],"version-history":[{"count":1,"href":"https:\/\/www.corumbaonline.com.br\/news\/wp-json\/wp\/v2\/posts\/11725506\/revisions"}],"predecessor-version":[{"id":11725507,"href":"https:\/\/www.corumbaonline.com.br\/news\/wp-json\/wp\/v2\/posts\/11725506\/revisions\/11725507"}],"wp:attachment":[{"href":"https:\/\/www.corumbaonline.com.br\/news\/wp-json\/wp\/v2\/media?parent=11725506"}],"wp:term":[{"taxonomy":"category","embeddable":true,"href":"https:\/\/www.corumbaonline.com.br\/news\/wp-json\/wp\/v2\/categories?post=11725506"},{"taxonomy":"post_tag","embeddable":true,"href":"https:\/\/www.corumbaonline.com.br\/news\/wp-json\/wp\/v2\/tags?post=11725506"}],"curies":[{"name":"wp","href":"https:\/\/api.w.org\/{rel}","templated":true}]}}