{"id":11725521,"date":"2022-06-06T09:38:00","date_gmt":"2022-06-06T13:38:00","guid":{"rendered":"http:\/\/www.corumbaonline.com.br\/news\/?p=11725521"},"modified":"2022-06-06T19:03:53","modified_gmt":"2022-06-06T23:03:53","slug":"feira-tematica-abre-atividades-da-semana-do-meio-ambiente-destacando-sustentabilidade","status":"publish","type":"post","link":"https:\/\/www.corumbaonline.com.br\/news\/feira-tematica-abre-atividades-da-semana-do-meio-ambiente-destacando-sustentabilidade\/","title":{"rendered":"Feira Tem\u00e1tica abre atividades da Semana do Meio Ambiente destacando Sustentabilidade"},"content":{"rendered":"<p>Para comemorar o Dia Mundial do Meio Ambiente, a Prefeitura de Corumb\u00e1, por meio da Funda\u00e7\u00e3o de Meio Ambiente do Pantanal, promoveu ao longo da tarde do domingo, 05 de junho, a Feira Tem\u00e1tica. A atividade deu in\u00edcio \u00e0 programa\u00e7\u00e3o da Semana do Meio Ambiente, que este ano traz \u00e0 discuss\u00e3o o tema \u201cSustentabilidade\u201d.<\/p>\n<p>Realizado no Jardim da Independ\u00eancia, o evento foi o palco para a conscientiza\u00e7\u00e3o popular em torno da import\u00e2ncia e necessidade da preserva\u00e7\u00e3o do patrim\u00f4nio natural da regi\u00e3o pantaneira e, consequentemente, do Brasil. A Feira Tem\u00e1tica contou com oficina de aquarela para crian\u00e7as; feira dos produtores rurais dos assentamentos; distribui\u00e7\u00e3o de pipocas e algod\u00e3o doce para as crian\u00e7as; distribui\u00e7\u00e3o de mudas de plantas; al\u00e9m de espa\u00e7o para o correto descarte correto de materiais e estandes com orienta\u00e7\u00f5es ambientais. O evento tamb\u00e9m teve a participa\u00e7\u00e3o de parceiros que desenvolvem trabalhos ambientais na regi\u00e3o e atra\u00e7\u00f5es musicais.<\/p>\n<figure id=\"attachment_130366\" class=\"wp-caption alignright\" aria-describedby=\"caption-attachment-130366\"><img loading=\"lazy\" decoding=\"async\" class=\" wp-image-130366\" src=\"https:\/\/www.corumba.ms.gov.br\/wp-content\/uploads\/2022\/06\/Foto-Rene-Marcio-CarneiroDia-Mundial-do-Meio-Ambiente-37-300x200.jpg\" sizes=\"auto, (max-width: 444px) 100vw, 444px\" srcset=\"https:\/\/www.corumba.ms.gov.br\/wp-content\/uploads\/2022\/06\/Foto-Rene-Marcio-CarneiroDia-Mundial-do-Meio-Ambiente-37-300x200.jpg 300w, https:\/\/www.corumba.ms.gov.br\/wp-content\/uploads\/2022\/06\/Foto-Rene-Marcio-CarneiroDia-Mundial-do-Meio-Ambiente-37-1024x683.jpg 1024w, https:\/\/www.corumba.ms.gov.br\/wp-content\/uploads\/2022\/06\/Foto-Rene-Marcio-CarneiroDia-Mundial-do-Meio-Ambiente-37-768x512.jpg 768w, https:\/\/www.corumba.ms.gov.br\/wp-content\/uploads\/2022\/06\/Foto-Rene-Marcio-CarneiroDia-Mundial-do-Meio-Ambiente-37.jpg 1200w\" alt=\"\" width=\"444\" height=\"296\"><figcaption id=\"caption-attachment-130366\" class=\"wp-caption-text\">Foto: Ren\u00ea Marcio Carneiro\/PMC<\/figcaption><\/figure>\n<p>Diretora-presidente da Funda\u00e7\u00e3o de Meio Ambiente do Pantanal, Ana Cl\u00e1udia Moreira Boabaid, destacou o apoio do prefeito Marcelo Iunes para as a\u00e7\u00f5es que visam a defesa e sustentabilidade do meio ambiente corumbaense. \u201cO prefeito Marcelo Iunes tem uma ampla vis\u00e3o para \u00e1rea ambiental, d\u00e1 liberdade para sua equipe t\u00e9cnica desenvolver projetos na \u00e1rea de sustentabilidade. A Funda\u00e7\u00e3o de Meio Ambiente do Pantanal vem desenvolvendo in\u00fameros projetos para captar recursos para o munic\u00edpio de Corumb\u00e1\u201d, disse.<\/p>\n<p>Ana Cla\u00fadia ressaltou a programa\u00e7\u00e3o da Semana do Meio Ambiente que traz uma s\u00e9rie de palestras, minicursos e debates. \u201cNossos t\u00e9cnicos fizeram planejamento voltado para a \u00e1rea de sustentabilidade, tema da Semana. No dia 08 teremos uma discuss\u00e3o sobre res\u00edduos. Pela manh\u00e3 teremos palestra sobre \u2018Gest\u00e3o de Res\u00edduos S\u00f3lidos em MS\u2019, com a gestora de Projetos de Desenvolvimento do Imasul, Luciene Deov\u00e1, e a tarde o promotor de Justi\u00e7a de Mato Grosso do Sul, Luciano Loubet, vai abordar o \u2018Aterro Sanit\u00e1rio\u2019, em sua palestra\u201d, completou.<\/p>\n<p>Representando a C\u00e2mara Municipal, o vereador Allex Dellas, que \u00e9 l\u00edder do Governo no Legislativo, ressaltou a import\u00e2ncia de lembrar a data, que anualmente \u00e9 comemorada em 05 de junho. \u201c\u00c9 muito importante lembramos e promovermos a conscientiza\u00e7\u00e3o da popula\u00e7\u00e3o a respeito da import\u00e2ncia do nosso meio ambiente de maneira geral. Posso dizer que o meio ambiente \u00e9 todo dia, toda hora e todo momento\u201d.<\/p>\n<p>Acompanharam a abertura da Semana do Meio Ambiente os secret\u00e1rios Luiz Henrique Maia de Paula (Finan\u00e7as e Or\u00e7amento); C\u00e1ssio Augusto da Costa Marques (Desenvolvimento Econ\u00f4mico e Sustent\u00e1vel) Jos\u00e9 Carlos Macena de Britto J\u00fanior (adjunto de Gest\u00e3o e Planejamento) e os diretores-presidentes Luciano Silva de Oliveira (Funec), e&nbsp;<span class=\"markedContent\"><span dir=\"ltr\" role=\"presentation\">Mario S\u00e9rgio Aguiar Siqueira (Ag\u00eancia Municipal Portu\u00e1ria).<\/span><\/span><\/p>\n<p>Confira abaixo a programa\u00e7\u00e3o completa.<\/p>\n<p><strong>DIA: 06 DE JUNHO<\/strong><\/p>\n<p><em>PER\u00cdODO MATUTINO<\/em><\/p>\n<p><strong>Hor\u00e1rio: 07h 00min \u00e0s 08h 00min<\/strong><\/p>\n<p>Palestra: Coexistir com On\u00e7as \u00e9 Poss\u00edvel?<\/p>\n<p>Palestrante: M\u00e9dico Veterin\u00e1rio Diego Viana \u2013 Instituto Homem Pantaneiro<\/p>\n<p>P\u00fablico-alvo: Alunos do N\u00edvel Fundamental<\/p>\n<p>Local: SESI<\/p>\n<p><strong>Hor\u00e1rio: 8h 00min \u00e0s 9h 00 min<\/strong><\/p>\n<p>Palestra: Uso da Tecnologia na Conserva\u00e7\u00e3o da Biodiversidade<\/p>\n<p>Palestrante: Bi\u00f3loga Andreia Nasser \u2013 Instituto de Conserva\u00e7\u00e3o de Animais Silvestres (ICAS)<\/p>\n<p>P\u00fablico-alvo: Alunos do Ensino M\u00e9dio<\/p>\n<p>Local: SESI<\/p>\n<p><strong>Hor\u00e1rio: 09h 20min \u00e0s 10h 20min<\/strong><\/p>\n<p>Palestra: Coleta Seletiva \u2013 Jogos L\u00fadicos<\/p>\n<p>Palestrante: Lenir Alencar Peinado e Wandir Navarro (Funda\u00e7\u00e3o de Meio Ambiente do Pantanal)<\/p>\n<p>Local: SESI<\/p>\n<p><strong>DIA: 07 DE JUNHO<\/strong><\/p>\n<p><em>PER\u00cdODO MATUTINO<\/em><\/p>\n<p><strong>Hor\u00e1rio: 07h 30min \u00e0s 09h 30 min<\/strong><\/p>\n<p>Evento: Visita ao Viveiro Municipal<\/p>\n<p>P\u00fablico-alvo:&nbsp; Alunos do Pr\u00e9 II \u2013 Turmas A e B da Escola CAIC \u201cPadre Ernesto Sassida\u201d<\/p>\n<p>Monitores: Equipes de Arboriza\u00e7\u00e3o e Educa\u00e7\u00e3o Ambiental FMAP<\/p>\n<p><strong>Hor\u00e1rio: 08h 00min \u00e0s 11h 00 min<\/strong><\/p>\n<p>Palestra: Palestra Gest\u00e3o Municipal de Res\u00edduos S\u00f3lidos<\/p>\n<p>Palestrante: Lenir Alencar Peinado(Funda\u00e7\u00e3o de Meio Ambiente do Pantanal)<\/p>\n<p>Local: Audit\u00f3rio da Empresa Mineradora \u2013 Vetorial<\/p>\n<p>P\u00fablico-alvo: Colaboradores da Empresa<\/p>\n<p><strong>DIA: 08 DE JUNHO<\/strong><\/p>\n<p><em>PER\u00cdODO MATUTINO<\/em><\/p>\n<p><strong>Hor\u00e1rio: 07h 30 min&nbsp; \u00e0s 08h 30 min<\/strong><\/p>\n<p>Palestra: A Casa Comum: Cidadania e Sustentabilidade<\/p>\n<p>Palestrante: Professor Thiago Godoy \u2013 Mestre em Estudos Fronteiri\u00e7os<\/p>\n<p>P\u00fablico-alvo: Alunos da Escola<\/p>\n<p>Local: Escola Municipal Cyr\u00edaco F\u00e9lix de Toledo<\/p>\n<p><strong>Hor\u00e1rio: 08h 30 min \u00e0s 09h 30 min<\/strong><\/p>\n<p>Palestra: Fogo e o Pantanal<\/p>\n<p>Palestrante: Gestora Ambiental Thainan Bornato<\/p>\n<p>P\u00fablico-alvo: Alunos da Escola<\/p>\n<p>Local: Escola Municipal Cyr\u00edaco F\u00e9lix de Toledo<\/p>\n<p><strong>Hor\u00e1rio: 08h 30 min \u00e0s 10h 00 min<\/strong><\/p>\n<p>Palestra: Gest\u00e3o de Res\u00edduos S\u00f3lidos em MS<\/p>\n<p>Palestrante: Gestora de Projetos de Desenvolvimento \u2013 Luciene Deov\u00e1 (IMASUL)<\/p>\n<p>P\u00fablico-alvo: Profissionais de Meio Ambiente e Professores.<\/p>\n<p>Local: Audit\u00f3rio da Embrapa Pantanal<\/p>\n<p><em>PER\u00cdODO VESPERTINO<\/em><\/p>\n<p><strong>Hor\u00e1rio: Das 13 \u00e0s 14 horas<\/strong><\/p>\n<p>Palestra: CAE \u2013 Centro de Atendimento Emergencial a Fauna Silvestre em Corumb\u00e1<\/p>\n<p>Palestrante: M\u00e9dica Veterin\u00e1ria Thamy Moreira<\/p>\n<p>Local: Escola Municipal \u201cPedro Paulo de Medeiros\u201d<\/p>\n<p>P\u00fablico-alvo: Alunos da Escola<\/p>\n<p><strong>Hor\u00e1rio: Das 13h30 \u00e0s 17h30<\/strong><\/p>\n<p>Palestra: Aterro Sanit\u00e1rio<\/p>\n<p>Palestrante: Promotor de Justi\u00e7a de Mato Grosso do Sul, Dr. Luciano Loubet \u2013 Mestre em Direito Ambiental<\/p>\n<p>Local: Audit\u00f3rio da Embrapa Pantanal<\/p>\n<p><strong>DIA: 09 DE JUNHO<\/strong><\/p>\n<p><em>PER\u00cdODO MATUTINO<\/em><\/p>\n<p><strong>Hor\u00e1rio: 08h 00min \u00e0s 09 00min<\/strong><\/p>\n<p>Palestra: Res\u00edduos S\u00f3lidos<\/p>\n<p>Palestrantes: Lenir Alencar Peinado e Wandir Navarro<\/p>\n<p>Local: Escola Municipal \u201cBar\u00e3o do Rio Branco\u201d<\/p>\n<p>P\u00fablico-alvo: Alunos da Escola<\/p>\n<p><strong>Hor\u00e1rio: 10h 00min \u00e0s 11h 00min<\/strong><\/p>\n<p>Palestra: Res\u00edduos S\u00f3lidos e Lixo Eletr\u00f4nico<\/p>\n<p>Palestrantes: Lenir Alencar Peinado e Wandir Navarro<\/p>\n<p>Local: Escola Estadual \u201cJo\u00e3o Leite de Barros\u201d<\/p>\n<p>P\u00fablico-alvo: Alunos da Escola<\/p>\n<p><strong>DIA: 09 DE JUNHO<\/strong><\/p>\n<p><em>PER\u00cdODO VESPERTINO<\/em><\/p>\n<p><strong>Hor\u00e1rio: 13h 00min \u00e0s 14h 00min<\/strong><\/p>\n<p>Workshop:&nbsp; Compostagem de Res\u00edduos Org\u00e2nicos<\/p>\n<p>Palestrantes: Engenheira Agr\u00f4noma, Mestre em Produ\u00e7\u00e3o Vegetal \u2013 Richelly Aline Camargo de Sousa<\/p>\n<p>Local: Escola Municipal \u201cBar\u00e3o do Rio Branco\u201d<\/p>\n<p>P\u00fablico-alvo: Alunos da Escola<\/p>\n<p><strong>Hor\u00e1rio: Das 13 \u00e0s 14 horas<\/strong><\/p>\n<p>Palestra: CAE \u2013 Centro de Atendimento Emergencial a Fauna Silvestre em Corumb\u00e1<\/p>\n<p>Palestrante: M\u00e9dica Veterin\u00e1ria Thamy Moreira<\/p>\n<p>Local: Escola Municipal \u201cAlmirante Tamandar\u00e9\u201d<\/p>\n<p>P\u00fablico-alvo: Alunos da Escola<\/p>\n<p><strong>DIA: 10 DE JUNHO<\/strong><\/p>\n<p><em>PER\u00cdODO MATUTINO<\/em><\/p>\n<p><strong>Hor\u00e1rio: 08h 00min \u00e0s 10h 00min<\/strong><\/p>\n<p>Tema: Fauna Pantaneira<\/p>\n<p>Palestrante: Bi\u00f3logo Gabriel Oliveira de Freitas<\/p>\n<p>Local: Escola Municipal Rural Eutr\u00f3pia Gomes Pedroso<\/p>\n<p>P\u00fablico-alvo: Alunos da Escola<\/p>\n<p><strong>DIA: 12 DE JUNHO<\/strong><\/p>\n<p>Encerramento da Semana de Meio Ambiente<\/p>\n<p>Evento: IV Corrida de Aventura<\/p>\n<p><strong>Largada: 08h<\/strong><\/p>\n<p>Local: Parque Natural Municipal de Piraputangas<\/p>\n<div id=\"gallery-1\" class=\"gallery galleryid-130412 gallery-columns-3 gallery-size-full\">\n<figure class=\"gallery-item\">\n<div class=\"gallery-icon landscape\"><a role=\"link\" href=\"https:\/\/www.corumba.ms.gov.br\/?attachment_id=130373\"><img loading=\"lazy\" decoding=\"async\" class=\"attachment-full size-full\" src=\"https:\/\/www.corumba.ms.gov.br\/wp-content\/uploads\/2022\/06\/Foto-Rene-Marcio-CarneiroDia-Mundial-do-Meio-Ambiente-47.jpg\" sizes=\"auto, (max-width: 1200px) 100vw, 1200px\" srcset=\"https:\/\/www.corumba.ms.gov.br\/wp-content\/uploads\/2022\/06\/Foto-Rene-Marcio-CarneiroDia-Mundial-do-Meio-Ambiente-47.jpg 1200w, https:\/\/www.corumba.ms.gov.br\/wp-content\/uploads\/2022\/06\/Foto-Rene-Marcio-CarneiroDia-Mundial-do-Meio-Ambiente-47-300x200.jpg 300w, https:\/\/www.corumba.ms.gov.br\/wp-content\/uploads\/2022\/06\/Foto-Rene-Marcio-CarneiroDia-Mundial-do-Meio-Ambiente-47-1024x683.jpg 1024w, https:\/\/www.corumba.ms.gov.br\/wp-content\/uploads\/2022\/06\/Foto-Rene-Marcio-CarneiroDia-Mundial-do-Meio-Ambiente-47-768x512.jpg 768w\" alt=\"\" width=\"1200\" height=\"800\" aria-describedby=\"gallery-1-130373\"><\/a><\/div><figcaption id=\"gallery-1-130373\" class=\"wp-caption-text gallery-caption\">Foto: Ren\u00ea Marcio Carneiro\/PMC<\/figcaption><\/figure>\n<figure class=\"gallery-item\">\n<div class=\"gallery-icon landscape\"><a role=\"link\" href=\"https:\/\/www.corumba.ms.gov.br\/?attachment_id=130372\"><img loading=\"lazy\" decoding=\"async\" class=\"attachment-full size-full\" src=\"https:\/\/www.corumba.ms.gov.br\/wp-content\/uploads\/2022\/06\/Foto-Rene-Marcio-CarneiroDia-Mundial-do-Meio-Ambiente-46.jpg\" sizes=\"auto, (max-width: 1200px) 100vw, 1200px\" srcset=\"https:\/\/www.corumba.ms.gov.br\/wp-content\/uploads\/2022\/06\/Foto-Rene-Marcio-CarneiroDia-Mundial-do-Meio-Ambiente-46.jpg 1200w, https:\/\/www.corumba.ms.gov.br\/wp-content\/uploads\/2022\/06\/Foto-Rene-Marcio-CarneiroDia-Mundial-do-Meio-Ambiente-46-300x200.jpg 300w, https:\/\/www.corumba.ms.gov.br\/wp-content\/uploads\/2022\/06\/Foto-Rene-Marcio-CarneiroDia-Mundial-do-Meio-Ambiente-46-1024x683.jpg 1024w, https:\/\/www.corumba.ms.gov.br\/wp-content\/uploads\/2022\/06\/Foto-Rene-Marcio-CarneiroDia-Mundial-do-Meio-Ambiente-46-768x512.jpg 768w\" alt=\"\" width=\"1200\" height=\"800\" aria-describedby=\"gallery-1-130372\"><\/a><\/div><figcaption id=\"gallery-1-130372\" class=\"wp-caption-text gallery-caption\">Foto: Ren\u00ea Marcio Carneiro\/PMC<\/figcaption><\/figure>\n<figure class=\"gallery-item\">\n<div class=\"gallery-icon landscape\"><a role=\"link\" href=\"https:\/\/www.corumba.ms.gov.br\/?attachment_id=130371\"><img loading=\"lazy\" decoding=\"async\" class=\"attachment-full size-full\" src=\"https:\/\/www.corumba.ms.gov.br\/wp-content\/uploads\/2022\/06\/Foto-Rene-Marcio-CarneiroDia-Mundial-do-Meio-Ambiente-45.jpg\" sizes=\"auto, (max-width: 1200px) 100vw, 1200px\" srcset=\"https:\/\/www.corumba.ms.gov.br\/wp-content\/uploads\/2022\/06\/Foto-Rene-Marcio-CarneiroDia-Mundial-do-Meio-Ambiente-45.jpg 1200w, https:\/\/www.corumba.ms.gov.br\/wp-content\/uploads\/2022\/06\/Foto-Rene-Marcio-CarneiroDia-Mundial-do-Meio-Ambiente-45-300x200.jpg 300w, https:\/\/www.corumba.ms.gov.br\/wp-content\/uploads\/2022\/06\/Foto-Rene-Marcio-CarneiroDia-Mundial-do-Meio-Ambiente-45-1024x683.jpg 1024w, https:\/\/www.corumba.ms.gov.br\/wp-content\/uploads\/2022\/06\/Foto-Rene-Marcio-CarneiroDia-Mundial-do-Meio-Ambiente-45-768x512.jpg 768w\" alt=\"\" width=\"1200\" height=\"800\" aria-describedby=\"gallery-1-130371\"><\/a><\/div><figcaption id=\"gallery-1-130371\" class=\"wp-caption-text gallery-caption\">Foto: Ren\u00ea Marcio Carneiro\/PMC<\/figcaption><\/figure>\n<figure class=\"gallery-item\">\n<div class=\"gallery-icon landscape\"><a role=\"link\" href=\"https:\/\/www.corumba.ms.gov.br\/?attachment_id=130370\"><img loading=\"lazy\" decoding=\"async\" class=\"attachment-full size-full\" src=\"https:\/\/www.corumba.ms.gov.br\/wp-content\/uploads\/2022\/06\/Foto-Rene-Marcio-CarneiroDia-Mundial-do-Meio-Ambiente-44.jpg\" sizes=\"auto, (max-width: 1200px) 100vw, 1200px\" srcset=\"https:\/\/www.corumba.ms.gov.br\/wp-content\/uploads\/2022\/06\/Foto-Rene-Marcio-CarneiroDia-Mundial-do-Meio-Ambiente-44.jpg 1200w, https:\/\/www.corumba.ms.gov.br\/wp-content\/uploads\/2022\/06\/Foto-Rene-Marcio-CarneiroDia-Mundial-do-Meio-Ambiente-44-300x200.jpg 300w, https:\/\/www.corumba.ms.gov.br\/wp-content\/uploads\/2022\/06\/Foto-Rene-Marcio-CarneiroDia-Mundial-do-Meio-Ambiente-44-1024x683.jpg 1024w, https:\/\/www.corumba.ms.gov.br\/wp-content\/uploads\/2022\/06\/Foto-Rene-Marcio-CarneiroDia-Mundial-do-Meio-Ambiente-44-768x512.jpg 768w\" alt=\"\" width=\"1200\" height=\"800\" aria-describedby=\"gallery-1-130370\"><\/a><\/div><figcaption id=\"gallery-1-130370\" class=\"wp-caption-text gallery-caption\">Foto: Ren\u00ea Marcio Carneiro\/PMC<\/figcaption><\/figure>\n<figure class=\"gallery-item\">\n<div class=\"gallery-icon landscape\"><a role=\"link\" href=\"https:\/\/www.corumba.ms.gov.br\/?attachment_id=130362\"><img loading=\"lazy\" decoding=\"async\" class=\"attachment-full size-full\" src=\"https:\/\/www.corumba.ms.gov.br\/wp-content\/uploads\/2022\/06\/Foto-Rene-Marcio-CarneiroDia-Mundial-do-Meio-Ambiente-31.jpg\" sizes=\"auto, (max-width: 1200px) 100vw, 1200px\" srcset=\"https:\/\/www.corumba.ms.gov.br\/wp-content\/uploads\/2022\/06\/Foto-Rene-Marcio-CarneiroDia-Mundial-do-Meio-Ambiente-31.jpg 1200w, https:\/\/www.corumba.ms.gov.br\/wp-content\/uploads\/2022\/06\/Foto-Rene-Marcio-CarneiroDia-Mundial-do-Meio-Ambiente-31-300x200.jpg 300w, https:\/\/www.corumba.ms.gov.br\/wp-content\/uploads\/2022\/06\/Foto-Rene-Marcio-CarneiroDia-Mundial-do-Meio-Ambiente-31-1024x683.jpg 1024w, https:\/\/www.corumba.ms.gov.br\/wp-content\/uploads\/2022\/06\/Foto-Rene-Marcio-CarneiroDia-Mundial-do-Meio-Ambiente-31-768x512.jpg 768w\" alt=\"\" width=\"1200\" height=\"800\" aria-describedby=\"gallery-1-130362\"><\/a><\/div><figcaption id=\"gallery-1-130362\" class=\"wp-caption-text gallery-caption\">Foto: Ren\u00ea Marcio Carneiro\/PMC<\/figcaption><\/figure>\n<figure class=\"gallery-item\">\n<div class=\"gallery-icon landscape\"><a role=\"link\" href=\"https:\/\/www.corumba.ms.gov.br\/?attachment_id=130363\"><img loading=\"lazy\" decoding=\"async\" class=\"attachment-full size-full\" src=\"https:\/\/www.corumba.ms.gov.br\/wp-content\/uploads\/2022\/06\/Foto-Rene-Marcio-CarneiroDia-Mundial-do-Meio-Ambiente-34.jpg\" sizes=\"auto, (max-width: 1200px) 100vw, 1200px\" srcset=\"https:\/\/www.corumba.ms.gov.br\/wp-content\/uploads\/2022\/06\/Foto-Rene-Marcio-CarneiroDia-Mundial-do-Meio-Ambiente-34.jpg 1200w, https:\/\/www.corumba.ms.gov.br\/wp-content\/uploads\/2022\/06\/Foto-Rene-Marcio-CarneiroDia-Mundial-do-Meio-Ambiente-34-300x200.jpg 300w, https:\/\/www.corumba.ms.gov.br\/wp-content\/uploads\/2022\/06\/Foto-Rene-Marcio-CarneiroDia-Mundial-do-Meio-Ambiente-34-1024x683.jpg 1024w, https:\/\/www.corumba.ms.gov.br\/wp-content\/uploads\/2022\/06\/Foto-Rene-Marcio-CarneiroDia-Mundial-do-Meio-Ambiente-34-768x512.jpg 768w\" alt=\"\" width=\"1200\" height=\"800\" aria-describedby=\"gallery-1-130363\"><\/a><\/div><figcaption id=\"gallery-1-130363\" class=\"wp-caption-text gallery-caption\">Foto: Ren\u00ea Marcio Carneiro\/PMC<\/figcaption><\/figure>\n<figure class=\"gallery-item\">\n<div class=\"gallery-icon landscape\"><a role=\"link\" href=\"https:\/\/www.corumba.ms.gov.br\/?attachment_id=130364\"><img loading=\"lazy\" decoding=\"async\" class=\"attachment-full size-full\" src=\"https:\/\/www.corumba.ms.gov.br\/wp-content\/uploads\/2022\/06\/Foto-Rene-Marcio-CarneiroDia-Mundial-do-Meio-Ambiente-35.jpg\" sizes=\"auto, (max-width: 1200px) 100vw, 1200px\" srcset=\"https:\/\/www.corumba.ms.gov.br\/wp-content\/uploads\/2022\/06\/Foto-Rene-Marcio-CarneiroDia-Mundial-do-Meio-Ambiente-35.jpg 1200w, https:\/\/www.corumba.ms.gov.br\/wp-content\/uploads\/2022\/06\/Foto-Rene-Marcio-CarneiroDia-Mundial-do-Meio-Ambiente-35-300x200.jpg 300w, https:\/\/www.corumba.ms.gov.br\/wp-content\/uploads\/2022\/06\/Foto-Rene-Marcio-CarneiroDia-Mundial-do-Meio-Ambiente-35-1024x683.jpg 1024w, https:\/\/www.corumba.ms.gov.br\/wp-content\/uploads\/2022\/06\/Foto-Rene-Marcio-CarneiroDia-Mundial-do-Meio-Ambiente-35-768x512.jpg 768w\" alt=\"\" width=\"1200\" height=\"800\" aria-describedby=\"gallery-1-130364\"><\/a><\/div><figcaption id=\"gallery-1-130364\" class=\"wp-caption-text gallery-caption\">Foto: Ren\u00ea Marcio Carneiro\/PMC<\/figcaption><\/figure>\n<figure class=\"gallery-item\">\n<div class=\"gallery-icon landscape\"><a role=\"link\" href=\"https:\/\/www.corumba.ms.gov.br\/?attachment_id=130365\"><img loading=\"lazy\" decoding=\"async\" class=\"attachment-full size-full\" src=\"https:\/\/www.corumba.ms.gov.br\/wp-content\/uploads\/2022\/06\/Foto-Rene-Marcio-CarneiroDia-Mundial-do-Meio-Ambiente-36.jpg\" sizes=\"auto, (max-width: 1200px) 100vw, 1200px\" srcset=\"https:\/\/www.corumba.ms.gov.br\/wp-content\/uploads\/2022\/06\/Foto-Rene-Marcio-CarneiroDia-Mundial-do-Meio-Ambiente-36.jpg 1200w, https:\/\/www.corumba.ms.gov.br\/wp-content\/uploads\/2022\/06\/Foto-Rene-Marcio-CarneiroDia-Mundial-do-Meio-Ambiente-36-300x200.jpg 300w, https:\/\/www.corumba.ms.gov.br\/wp-content\/uploads\/2022\/06\/Foto-Rene-Marcio-CarneiroDia-Mundial-do-Meio-Ambiente-36-1024x683.jpg 1024w, https:\/\/www.corumba.ms.gov.br\/wp-content\/uploads\/2022\/06\/Foto-Rene-Marcio-CarneiroDia-Mundial-do-Meio-Ambiente-36-768x512.jpg 768w\" alt=\"\" width=\"1200\" height=\"800\" aria-describedby=\"gallery-1-130365\"><\/a><\/div><figcaption id=\"gallery-1-130365\" class=\"wp-caption-text gallery-caption\">Foto: Ren\u00ea Marcio Carneiro\/PMC<\/figcaption><\/figure>\n<figure class=\"gallery-item\">\n<div class=\"gallery-icon landscape\"><a role=\"link\" href=\"https:\/\/www.corumba.ms.gov.br\/?attachment_id=130366\"><img loading=\"lazy\" decoding=\"async\" class=\"attachment-full size-full\" src=\"https:\/\/www.corumba.ms.gov.br\/wp-content\/uploads\/2022\/06\/Foto-Rene-Marcio-CarneiroDia-Mundial-do-Meio-Ambiente-37.jpg\" sizes=\"auto, (max-width: 1200px) 100vw, 1200px\" srcset=\"https:\/\/www.corumba.ms.gov.br\/wp-content\/uploads\/2022\/06\/Foto-Rene-Marcio-CarneiroDia-Mundial-do-Meio-Ambiente-37.jpg 1200w, https:\/\/www.corumba.ms.gov.br\/wp-content\/uploads\/2022\/06\/Foto-Rene-Marcio-CarneiroDia-Mundial-do-Meio-Ambiente-37-300x200.jpg 300w, https:\/\/www.corumba.ms.gov.br\/wp-content\/uploads\/2022\/06\/Foto-Rene-Marcio-CarneiroDia-Mundial-do-Meio-Ambiente-37-1024x683.jpg 1024w, https:\/\/www.corumba.ms.gov.br\/wp-content\/uploads\/2022\/06\/Foto-Rene-Marcio-CarneiroDia-Mundial-do-Meio-Ambiente-37-768x512.jpg 768w\" alt=\"\" width=\"1200\" height=\"800\" aria-describedby=\"gallery-1-130366\"><\/a><\/div><figcaption id=\"gallery-1-130366\" class=\"wp-caption-text gallery-caption\">Foto: Ren\u00ea Marcio Carneiro\/PMC<\/figcaption><\/figure>\n<figure class=\"gallery-item\">\n<div class=\"gallery-icon landscape\"><a role=\"link\" href=\"https:\/\/www.corumba.ms.gov.br\/?attachment_id=130367\"><img loading=\"lazy\" decoding=\"async\" class=\"attachment-full size-full\" src=\"https:\/\/www.corumba.ms.gov.br\/wp-content\/uploads\/2022\/06\/Foto-Rene-Marcio-CarneiroDia-Mundial-do-Meio-Ambiente-38.jpg\" sizes=\"auto, (max-width: 1200px) 100vw, 1200px\" srcset=\"https:\/\/www.corumba.ms.gov.br\/wp-content\/uploads\/2022\/06\/Foto-Rene-Marcio-CarneiroDia-Mundial-do-Meio-Ambiente-38.jpg 1200w, https:\/\/www.corumba.ms.gov.br\/wp-content\/uploads\/2022\/06\/Foto-Rene-Marcio-CarneiroDia-Mundial-do-Meio-Ambiente-38-300x200.jpg 300w, https:\/\/www.corumba.ms.gov.br\/wp-content\/uploads\/2022\/06\/Foto-Rene-Marcio-CarneiroDia-Mundial-do-Meio-Ambiente-38-1024x683.jpg 1024w, https:\/\/www.corumba.ms.gov.br\/wp-content\/uploads\/2022\/06\/Foto-Rene-Marcio-CarneiroDia-Mundial-do-Meio-Ambiente-38-768x512.jpg 768w\" alt=\"\" width=\"1200\" height=\"800\" aria-describedby=\"gallery-1-130367\"><\/a><\/div><figcaption id=\"gallery-1-130367\" class=\"wp-caption-text gallery-caption\">Foto: Ren\u00ea Marcio Carneiro\/PMC<\/figcaption><\/figure>\n<figure class=\"gallery-item\">\n<div class=\"gallery-icon landscape\"><a role=\"link\" href=\"https:\/\/www.corumba.ms.gov.br\/?attachment_id=130368\"><img loading=\"lazy\" decoding=\"async\" class=\"attachment-full size-full\" src=\"https:\/\/www.corumba.ms.gov.br\/wp-content\/uploads\/2022\/06\/Foto-Rene-Marcio-CarneiroDia-Mundial-do-Meio-Ambiente-40.jpg\" sizes=\"auto, (max-width: 1200px) 100vw, 1200px\" srcset=\"https:\/\/www.corumba.ms.gov.br\/wp-content\/uploads\/2022\/06\/Foto-Rene-Marcio-CarneiroDia-Mundial-do-Meio-Ambiente-40.jpg 1200w, https:\/\/www.corumba.ms.gov.br\/wp-content\/uploads\/2022\/06\/Foto-Rene-Marcio-CarneiroDia-Mundial-do-Meio-Ambiente-40-300x200.jpg 300w, https:\/\/www.corumba.ms.gov.br\/wp-content\/uploads\/2022\/06\/Foto-Rene-Marcio-CarneiroDia-Mundial-do-Meio-Ambiente-40-1024x683.jpg 1024w, https:\/\/www.corumba.ms.gov.br\/wp-content\/uploads\/2022\/06\/Foto-Rene-Marcio-CarneiroDia-Mundial-do-Meio-Ambiente-40-768x512.jpg 768w\" alt=\"\" width=\"1200\" height=\"800\" aria-describedby=\"gallery-1-130368\"><\/a><\/div><figcaption id=\"gallery-1-130368\" class=\"wp-caption-text gallery-caption\">Foto: Ren\u00ea Marcio Carneiro\/PMC<\/figcaption><\/figure>\n<figure class=\"gallery-item\">\n<div class=\"gallery-icon landscape\"><a role=\"link\" href=\"https:\/\/www.corumba.ms.gov.br\/?attachment_id=130369\"><img loading=\"lazy\" decoding=\"async\" class=\"attachment-full size-full\" src=\"https:\/\/www.corumba.ms.gov.br\/wp-content\/uploads\/2022\/06\/Foto-Rene-Marcio-CarneiroDia-Mundial-do-Meio-Ambiente-42.jpg\" sizes=\"auto, (max-width: 1200px) 100vw, 1200px\" srcset=\"https:\/\/www.corumba.ms.gov.br\/wp-content\/uploads\/2022\/06\/Foto-Rene-Marcio-CarneiroDia-Mundial-do-Meio-Ambiente-42.jpg 1200w, https:\/\/www.corumba.ms.gov.br\/wp-content\/uploads\/2022\/06\/Foto-Rene-Marcio-CarneiroDia-Mundial-do-Meio-Ambiente-42-300x200.jpg 300w, https:\/\/www.corumba.ms.gov.br\/wp-content\/uploads\/2022\/06\/Foto-Rene-Marcio-CarneiroDia-Mundial-do-Meio-Ambiente-42-1024x683.jpg 1024w, https:\/\/www.corumba.ms.gov.br\/wp-content\/uploads\/2022\/06\/Foto-Rene-Marcio-CarneiroDia-Mundial-do-Meio-Ambiente-42-768x512.jpg 768w\" alt=\"\" width=\"1200\" height=\"800\" aria-describedby=\"gallery-1-130369\"><\/a><\/div><figcaption id=\"gallery-1-130369\" class=\"wp-caption-text gallery-caption\">Foto: Ren\u00ea Marcio Carneiro\/PMC<\/figcaption><\/figure>\n<figure class=\"gallery-item\">\n<div class=\"gallery-icon landscape\"><a role=\"link\" href=\"https:\/\/www.corumba.ms.gov.br\/?attachment_id=130361\"><img loading=\"lazy\" decoding=\"async\" class=\"attachment-full size-full\" src=\"https:\/\/www.corumba.ms.gov.br\/wp-content\/uploads\/2022\/06\/Foto-Rene-Marcio-CarneiroDia-Mundial-do-Meio-Ambiente-30.jpg\" sizes=\"auto, (max-width: 1200px) 100vw, 1200px\" srcset=\"https:\/\/www.corumba.ms.gov.br\/wp-content\/uploads\/2022\/06\/Foto-Rene-Marcio-CarneiroDia-Mundial-do-Meio-Ambiente-30.jpg 1200w, https:\/\/www.corumba.ms.gov.br\/wp-content\/uploads\/2022\/06\/Foto-Rene-Marcio-CarneiroDia-Mundial-do-Meio-Ambiente-30-300x200.jpg 300w, https:\/\/www.corumba.ms.gov.br\/wp-content\/uploads\/2022\/06\/Foto-Rene-Marcio-CarneiroDia-Mundial-do-Meio-Ambiente-30-1024x683.jpg 1024w, https:\/\/www.corumba.ms.gov.br\/wp-content\/uploads\/2022\/06\/Foto-Rene-Marcio-CarneiroDia-Mundial-do-Meio-Ambiente-30-768x512.jpg 768w\" alt=\"\" width=\"1200\" height=\"800\" aria-describedby=\"gallery-1-130361\"><\/a><\/div><figcaption id=\"gallery-1-130361\" class=\"wp-caption-text gallery-caption\">Foto: Ren\u00ea Marcio Carneiro\/PMC<\/figcaption><\/figure>\n<figure class=\"gallery-item\">\n<div class=\"gallery-icon landscape\"><a role=\"link\" href=\"https:\/\/www.corumba.ms.gov.br\/?attachment_id=130360\"><img loading=\"lazy\" decoding=\"async\" class=\"attachment-full size-full\" src=\"https:\/\/www.corumba.ms.gov.br\/wp-content\/uploads\/2022\/06\/Foto-Rene-Marcio-CarneiroDia-Mundial-do-Meio-Ambiente-29.jpg\" sizes=\"auto, (max-width: 1200px) 100vw, 1200px\" srcset=\"https:\/\/www.corumba.ms.gov.br\/wp-content\/uploads\/2022\/06\/Foto-Rene-Marcio-CarneiroDia-Mundial-do-Meio-Ambiente-29.jpg 1200w, https:\/\/www.corumba.ms.gov.br\/wp-content\/uploads\/2022\/06\/Foto-Rene-Marcio-CarneiroDia-Mundial-do-Meio-Ambiente-29-300x200.jpg 300w, https:\/\/www.corumba.ms.gov.br\/wp-content\/uploads\/2022\/06\/Foto-Rene-Marcio-CarneiroDia-Mundial-do-Meio-Ambiente-29-1024x683.jpg 1024w, https:\/\/www.corumba.ms.gov.br\/wp-content\/uploads\/2022\/06\/Foto-Rene-Marcio-CarneiroDia-Mundial-do-Meio-Ambiente-29-768x512.jpg 768w\" alt=\"\" width=\"1200\" height=\"800\" aria-describedby=\"gallery-1-130360\"><\/a><\/div><figcaption id=\"gallery-1-130360\" class=\"wp-caption-text gallery-caption\">Foto: Ren\u00ea Marcio Carneiro\/PMC<\/figcaption><\/figure>\n<figure class=\"gallery-item\">\n<div class=\"gallery-icon landscape\"><a role=\"link\" href=\"https:\/\/www.corumba.ms.gov.br\/?attachment_id=130359\"><img loading=\"lazy\" decoding=\"async\" class=\"attachment-full size-full\" src=\"https:\/\/www.corumba.ms.gov.br\/wp-content\/uploads\/2022\/06\/Foto-Rene-Marcio-CarneiroDia-Mundial-do-Meio-Ambiente-26.jpg\" sizes=\"auto, (max-width: 1200px) 100vw, 1200px\" srcset=\"https:\/\/www.corumba.ms.gov.br\/wp-content\/uploads\/2022\/06\/Foto-Rene-Marcio-CarneiroDia-Mundial-do-Meio-Ambiente-26.jpg 1200w, https:\/\/www.corumba.ms.gov.br\/wp-content\/uploads\/2022\/06\/Foto-Rene-Marcio-CarneiroDia-Mundial-do-Meio-Ambiente-26-300x200.jpg 300w, https:\/\/www.corumba.ms.gov.br\/wp-content\/uploads\/2022\/06\/Foto-Rene-Marcio-CarneiroDia-Mundial-do-Meio-Ambiente-26-1024x683.jpg 1024w, https:\/\/www.corumba.ms.gov.br\/wp-content\/uploads\/2022\/06\/Foto-Rene-Marcio-CarneiroDia-Mundial-do-Meio-Ambiente-26-768x512.jpg 768w\" alt=\"\" width=\"1200\" height=\"800\" aria-describedby=\"gallery-1-130359\"><\/a><\/div><figcaption id=\"gallery-1-130359\" class=\"wp-caption-text gallery-caption\">Foto: Ren\u00ea Marcio Carneiro\/PMC<\/figcaption><\/figure>\n<figure class=\"gallery-item\">\n<div class=\"gallery-icon landscape\"><a role=\"link\" href=\"https:\/\/www.corumba.ms.gov.br\/?attachment_id=130358\"><img loading=\"lazy\" decoding=\"async\" class=\"attachment-full size-full\" src=\"https:\/\/www.corumba.ms.gov.br\/wp-content\/uploads\/2022\/06\/Foto-Rene-Marcio-CarneiroDia-Mundial-do-Meio-Ambiente-23.jpg\" sizes=\"auto, (max-width: 1200px) 100vw, 1200px\" srcset=\"https:\/\/www.corumba.ms.gov.br\/wp-content\/uploads\/2022\/06\/Foto-Rene-Marcio-CarneiroDia-Mundial-do-Meio-Ambiente-23.jpg 1200w, https:\/\/www.corumba.ms.gov.br\/wp-content\/uploads\/2022\/06\/Foto-Rene-Marcio-CarneiroDia-Mundial-do-Meio-Ambiente-23-300x200.jpg 300w, https:\/\/www.corumba.ms.gov.br\/wp-content\/uploads\/2022\/06\/Foto-Rene-Marcio-CarneiroDia-Mundial-do-Meio-Ambiente-23-1024x683.jpg 1024w, https:\/\/www.corumba.ms.gov.br\/wp-content\/uploads\/2022\/06\/Foto-Rene-Marcio-CarneiroDia-Mundial-do-Meio-Ambiente-23-768x512.jpg 768w\" alt=\"\" width=\"1200\" height=\"800\" aria-describedby=\"gallery-1-130358\"><\/a><\/div><figcaption id=\"gallery-1-130358\" class=\"wp-caption-text gallery-caption\">Foto: Ren\u00ea Marcio Carneiro\/PMC<\/figcaption><\/figure>\n<figure class=\"gallery-item\">\n<div class=\"gallery-icon landscape\"><a role=\"link\" href=\"https:\/\/www.corumba.ms.gov.br\/?attachment_id=130357\"><img loading=\"lazy\" decoding=\"async\" class=\"attachment-full size-full\" src=\"https:\/\/www.corumba.ms.gov.br\/wp-content\/uploads\/2022\/06\/Foto-Rene-Marcio-CarneiroDia-Mundial-do-Meio-Ambiente-22.jpg\" sizes=\"auto, (max-width: 1200px) 100vw, 1200px\" srcset=\"https:\/\/www.corumba.ms.gov.br\/wp-content\/uploads\/2022\/06\/Foto-Rene-Marcio-CarneiroDia-Mundial-do-Meio-Ambiente-22.jpg 1200w, https:\/\/www.corumba.ms.gov.br\/wp-content\/uploads\/2022\/06\/Foto-Rene-Marcio-CarneiroDia-Mundial-do-Meio-Ambiente-22-300x200.jpg 300w, https:\/\/www.corumba.ms.gov.br\/wp-content\/uploads\/2022\/06\/Foto-Rene-Marcio-CarneiroDia-Mundial-do-Meio-Ambiente-22-1024x683.jpg 1024w, https:\/\/www.corumba.ms.gov.br\/wp-content\/uploads\/2022\/06\/Foto-Rene-Marcio-CarneiroDia-Mundial-do-Meio-Ambiente-22-768x512.jpg 768w\" alt=\"\" width=\"1200\" height=\"800\" aria-describedby=\"gallery-1-130357\"><\/a><\/div><figcaption id=\"gallery-1-130357\" class=\"wp-caption-text gallery-caption\">Foto: Ren\u00ea Marcio Carneiro\/PMC<\/figcaption><\/figure>\n<figure class=\"gallery-item\">\n<div class=\"gallery-icon landscape\"><a role=\"link\" href=\"https:\/\/www.corumba.ms.gov.br\/?attachment_id=130356\"><img loading=\"lazy\" decoding=\"async\" class=\"attachment-full size-full\" src=\"https:\/\/www.corumba.ms.gov.br\/wp-content\/uploads\/2022\/06\/Foto-Rene-Marcio-CarneiroDia-Mundial-do-Meio-Ambiente-19.jpg\" sizes=\"auto, (max-width: 1200px) 100vw, 1200px\" srcset=\"https:\/\/www.corumba.ms.gov.br\/wp-content\/uploads\/2022\/06\/Foto-Rene-Marcio-CarneiroDia-Mundial-do-Meio-Ambiente-19.jpg 1200w, https:\/\/www.corumba.ms.gov.br\/wp-content\/uploads\/2022\/06\/Foto-Rene-Marcio-CarneiroDia-Mundial-do-Meio-Ambiente-19-300x200.jpg 300w, https:\/\/www.corumba.ms.gov.br\/wp-content\/uploads\/2022\/06\/Foto-Rene-Marcio-CarneiroDia-Mundial-do-Meio-Ambiente-19-1024x683.jpg 1024w, https:\/\/www.corumba.ms.gov.br\/wp-content\/uploads\/2022\/06\/Foto-Rene-Marcio-CarneiroDia-Mundial-do-Meio-Ambiente-19-768x512.jpg 768w\" alt=\"\" width=\"1200\" height=\"800\" aria-describedby=\"gallery-1-130356\"><\/a><\/div><figcaption id=\"gallery-1-130356\" class=\"wp-caption-text gallery-caption\">Foto: Ren\u00ea Marcio Carneiro\/PMC<\/figcaption><\/figure>\n<figure class=\"gallery-item\">\n<div class=\"gallery-icon landscape\"><a role=\"link\" href=\"https:\/\/www.corumba.ms.gov.br\/?attachment_id=130355\"><img loading=\"lazy\" decoding=\"async\" class=\"attachment-full size-full\" src=\"https:\/\/www.corumba.ms.gov.br\/wp-content\/uploads\/2022\/06\/Foto-Rene-Marcio-CarneiroDia-Mundial-do-Meio-Ambiente-18.jpg\" sizes=\"auto, (max-width: 1200px) 100vw, 1200px\" srcset=\"https:\/\/www.corumba.ms.gov.br\/wp-content\/uploads\/2022\/06\/Foto-Rene-Marcio-CarneiroDia-Mundial-do-Meio-Ambiente-18.jpg 1200w, https:\/\/www.corumba.ms.gov.br\/wp-content\/uploads\/2022\/06\/Foto-Rene-Marcio-CarneiroDia-Mundial-do-Meio-Ambiente-18-300x200.jpg 300w, https:\/\/www.corumba.ms.gov.br\/wp-content\/uploads\/2022\/06\/Foto-Rene-Marcio-CarneiroDia-Mundial-do-Meio-Ambiente-18-1024x683.jpg 1024w, https:\/\/www.corumba.ms.gov.br\/wp-content\/uploads\/2022\/06\/Foto-Rene-Marcio-CarneiroDia-Mundial-do-Meio-Ambiente-18-768x512.jpg 768w\" alt=\"\" width=\"1200\" height=\"800\" aria-describedby=\"gallery-1-130355\"><\/a><\/div><figcaption id=\"gallery-1-130355\" class=\"wp-caption-text gallery-caption\">Foto: Ren\u00ea Marcio Carneiro\/PMC<\/figcaption><\/figure>\n<figure class=\"gallery-item\">\n<div class=\"gallery-icon landscape\"><a role=\"link\" href=\"https:\/\/www.corumba.ms.gov.br\/?attachment_id=130354\"><img loading=\"lazy\" decoding=\"async\" class=\"attachment-full size-full\" src=\"https:\/\/www.corumba.ms.gov.br\/wp-content\/uploads\/2022\/06\/Foto-Rene-Marcio-CarneiroDia-Mundial-do-Meio-Ambiente-17.jpg\" sizes=\"auto, (max-width: 1200px) 100vw, 1200px\" srcset=\"https:\/\/www.corumba.ms.gov.br\/wp-content\/uploads\/2022\/06\/Foto-Rene-Marcio-CarneiroDia-Mundial-do-Meio-Ambiente-17.jpg 1200w, https:\/\/www.corumba.ms.gov.br\/wp-content\/uploads\/2022\/06\/Foto-Rene-Marcio-CarneiroDia-Mundial-do-Meio-Ambiente-17-300x200.jpg 300w, https:\/\/www.corumba.ms.gov.br\/wp-content\/uploads\/2022\/06\/Foto-Rene-Marcio-CarneiroDia-Mundial-do-Meio-Ambiente-17-1024x683.jpg 1024w, https:\/\/www.corumba.ms.gov.br\/wp-content\/uploads\/2022\/06\/Foto-Rene-Marcio-CarneiroDia-Mundial-do-Meio-Ambiente-17-768x512.jpg 768w\" alt=\"\" width=\"1200\" height=\"800\" aria-describedby=\"gallery-1-130354\"><\/a><\/div><figcaption id=\"gallery-1-130354\" class=\"wp-caption-text gallery-caption\">Foto: Ren\u00ea Marcio Carneiro\/PMC<\/figcaption><\/figure>\n<figure class=\"gallery-item\">\n<div class=\"gallery-icon landscape\"><a role=\"link\" href=\"https:\/\/www.corumba.ms.gov.br\/?attachment_id=130346\"><img loading=\"lazy\" decoding=\"async\" class=\"attachment-full size-full\" src=\"https:\/\/www.corumba.ms.gov.br\/wp-content\/uploads\/2022\/06\/Foto-Rene-Marcio-CarneiroDia-Mundial-do-Meio-Ambiente-8.jpg\" sizes=\"auto, (max-width: 1200px) 100vw, 1200px\" srcset=\"https:\/\/www.corumba.ms.gov.br\/wp-content\/uploads\/2022\/06\/Foto-Rene-Marcio-CarneiroDia-Mundial-do-Meio-Ambiente-8.jpg 1200w, https:\/\/www.corumba.ms.gov.br\/wp-content\/uploads\/2022\/06\/Foto-Rene-Marcio-CarneiroDia-Mundial-do-Meio-Ambiente-8-300x200.jpg 300w, https:\/\/www.corumba.ms.gov.br\/wp-content\/uploads\/2022\/06\/Foto-Rene-Marcio-CarneiroDia-Mundial-do-Meio-Ambiente-8-1024x683.jpg 1024w, https:\/\/www.corumba.ms.gov.br\/wp-content\/uploads\/2022\/06\/Foto-Rene-Marcio-CarneiroDia-Mundial-do-Meio-Ambiente-8-768x512.jpg 768w\" alt=\"\" width=\"1200\" height=\"800\" aria-describedby=\"gallery-1-130346\"><\/a><\/div><figcaption id=\"gallery-1-130346\" class=\"wp-caption-text gallery-caption\">Foto: Ren\u00ea Marcio Carneiro\/PMC<\/figcaption><\/figure>\n<figure class=\"gallery-item\">\n<div class=\"gallery-icon landscape\"><a role=\"link\" href=\"https:\/\/www.corumba.ms.gov.br\/?attachment_id=130347\"><img loading=\"lazy\" decoding=\"async\" class=\"attachment-full size-full\" src=\"https:\/\/www.corumba.ms.gov.br\/wp-content\/uploads\/2022\/06\/Foto-Rene-Marcio-CarneiroDia-Mundial-do-Meio-Ambiente-9.jpg\" sizes=\"auto, (max-width: 1200px) 100vw, 1200px\" srcset=\"https:\/\/www.corumba.ms.gov.br\/wp-content\/uploads\/2022\/06\/Foto-Rene-Marcio-CarneiroDia-Mundial-do-Meio-Ambiente-9.jpg 1200w, https:\/\/www.corumba.ms.gov.br\/wp-content\/uploads\/2022\/06\/Foto-Rene-Marcio-CarneiroDia-Mundial-do-Meio-Ambiente-9-300x200.jpg 300w, https:\/\/www.corumba.ms.gov.br\/wp-content\/uploads\/2022\/06\/Foto-Rene-Marcio-CarneiroDia-Mundial-do-Meio-Ambiente-9-1024x683.jpg 1024w, https:\/\/www.corumba.ms.gov.br\/wp-content\/uploads\/2022\/06\/Foto-Rene-Marcio-CarneiroDia-Mundial-do-Meio-Ambiente-9-768x512.jpg 768w\" alt=\"\" width=\"1200\" height=\"800\" aria-describedby=\"gallery-1-130347\"><\/a><\/div><figcaption id=\"gallery-1-130347\" class=\"wp-caption-text gallery-caption\">Foto: Ren\u00ea Marcio Carneiro\/PMC<\/figcaption><\/figure>\n<figure class=\"gallery-item\">\n<div class=\"gallery-icon landscape\"><a role=\"link\" href=\"https:\/\/www.corumba.ms.gov.br\/?attachment_id=130348\"><img loading=\"lazy\" decoding=\"async\" class=\"attachment-full size-full\" src=\"https:\/\/www.corumba.ms.gov.br\/wp-content\/uploads\/2022\/06\/Foto-Rene-Marcio-CarneiroDia-Mundial-do-Meio-Ambiente-10.jpg\" sizes=\"auto, (max-width: 1200px) 100vw, 1200px\" srcset=\"https:\/\/www.corumba.ms.gov.br\/wp-content\/uploads\/2022\/06\/Foto-Rene-Marcio-CarneiroDia-Mundial-do-Meio-Ambiente-10.jpg 1200w, https:\/\/www.corumba.ms.gov.br\/wp-content\/uploads\/2022\/06\/Foto-Rene-Marcio-CarneiroDia-Mundial-do-Meio-Ambiente-10-300x207.jpg 300w, https:\/\/www.corumba.ms.gov.br\/wp-content\/uploads\/2022\/06\/Foto-Rene-Marcio-CarneiroDia-Mundial-do-Meio-Ambiente-10-1024x706.jpg 1024w, https:\/\/www.corumba.ms.gov.br\/wp-content\/uploads\/2022\/06\/Foto-Rene-Marcio-CarneiroDia-Mundial-do-Meio-Ambiente-10-768x529.jpg 768w\" alt=\"\" width=\"1200\" height=\"827\" aria-describedby=\"gallery-1-130348\"><\/a><\/div><figcaption id=\"gallery-1-130348\" class=\"wp-caption-text gallery-caption\">Foto: Ren\u00ea Marcio Carneiro\/PMC<\/figcaption><\/figure>\n<figure class=\"gallery-item\">\n<div class=\"gallery-icon landscape\"><a role=\"link\" href=\"https:\/\/www.corumba.ms.gov.br\/?attachment_id=130349\"><img loading=\"lazy\" decoding=\"async\" class=\"attachment-full size-full\" src=\"https:\/\/www.corumba.ms.gov.br\/wp-content\/uploads\/2022\/06\/Foto-Rene-Marcio-CarneiroDia-Mundial-do-Meio-Ambiente-11.jpg\" sizes=\"auto, (max-width: 1200px) 100vw, 1200px\" srcset=\"https:\/\/www.corumba.ms.gov.br\/wp-content\/uploads\/2022\/06\/Foto-Rene-Marcio-CarneiroDia-Mundial-do-Meio-Ambiente-11.jpg 1200w, https:\/\/www.corumba.ms.gov.br\/wp-content\/uploads\/2022\/06\/Foto-Rene-Marcio-CarneiroDia-Mundial-do-Meio-Ambiente-11-300x200.jpg 300w, https:\/\/www.corumba.ms.gov.br\/wp-content\/uploads\/2022\/06\/Foto-Rene-Marcio-CarneiroDia-Mundial-do-Meio-Ambiente-11-1024x683.jpg 1024w, https:\/\/www.corumba.ms.gov.br\/wp-content\/uploads\/2022\/06\/Foto-Rene-Marcio-CarneiroDia-Mundial-do-Meio-Ambiente-11-768x512.jpg 768w\" alt=\"\" width=\"1200\" height=\"800\" aria-describedby=\"gallery-1-130349\"><\/a><\/div><figcaption id=\"gallery-1-130349\" class=\"wp-caption-text gallery-caption\">Foto: Ren\u00ea Marcio Carneiro\/PMC<\/figcaption><\/figure>\n<figure class=\"gallery-item\">\n<div class=\"gallery-icon landscape\"><a role=\"link\" href=\"https:\/\/www.corumba.ms.gov.br\/?attachment_id=130350\"><img loading=\"lazy\" decoding=\"async\" class=\"attachment-full size-full\" src=\"https:\/\/www.corumba.ms.gov.br\/wp-content\/uploads\/2022\/06\/Foto-Rene-Marcio-CarneiroDia-Mundial-do-Meio-Ambiente-12.jpg\" sizes=\"auto, (max-width: 1200px) 100vw, 1200px\" srcset=\"https:\/\/www.corumba.ms.gov.br\/wp-content\/uploads\/2022\/06\/Foto-Rene-Marcio-CarneiroDia-Mundial-do-Meio-Ambiente-12.jpg 1200w, https:\/\/www.corumba.ms.gov.br\/wp-content\/uploads\/2022\/06\/Foto-Rene-Marcio-CarneiroDia-Mundial-do-Meio-Ambiente-12-300x200.jpg 300w, https:\/\/www.corumba.ms.gov.br\/wp-content\/uploads\/2022\/06\/Foto-Rene-Marcio-CarneiroDia-Mundial-do-Meio-Ambiente-12-1024x683.jpg 1024w, https:\/\/www.corumba.ms.gov.br\/wp-content\/uploads\/2022\/06\/Foto-Rene-Marcio-CarneiroDia-Mundial-do-Meio-Ambiente-12-768x512.jpg 768w\" alt=\"\" width=\"1200\" height=\"800\" aria-describedby=\"gallery-1-130350\"><\/a><\/div><figcaption id=\"gallery-1-130350\" class=\"wp-caption-text gallery-caption\">Foto: Ren\u00ea Marcio Carneiro\/PMC<\/figcaption><\/figure>\n<figure class=\"gallery-item\">\n<div class=\"gallery-icon landscape\"><a role=\"link\" href=\"https:\/\/www.corumba.ms.gov.br\/?attachment_id=130351\"><img loading=\"lazy\" decoding=\"async\" class=\"attachment-full size-full\" src=\"https:\/\/www.corumba.ms.gov.br\/wp-content\/uploads\/2022\/06\/Foto-Rene-Marcio-CarneiroDia-Mundial-do-Meio-Ambiente-14.jpg\" sizes=\"auto, (max-width: 1200px) 100vw, 1200px\" srcset=\"https:\/\/www.corumba.ms.gov.br\/wp-content\/uploads\/2022\/06\/Foto-Rene-Marcio-CarneiroDia-Mundial-do-Meio-Ambiente-14.jpg 1200w, https:\/\/www.corumba.ms.gov.br\/wp-content\/uploads\/2022\/06\/Foto-Rene-Marcio-CarneiroDia-Mundial-do-Meio-Ambiente-14-300x200.jpg 300w, https:\/\/www.corumba.ms.gov.br\/wp-content\/uploads\/2022\/06\/Foto-Rene-Marcio-CarneiroDia-Mundial-do-Meio-Ambiente-14-1024x683.jpg 1024w, https:\/\/www.corumba.ms.gov.br\/wp-content\/uploads\/2022\/06\/Foto-Rene-Marcio-CarneiroDia-Mundial-do-Meio-Ambiente-14-768x512.jpg 768w\" alt=\"\" width=\"1200\" height=\"800\" aria-describedby=\"gallery-1-130351\"><\/a><\/div><figcaption id=\"gallery-1-130351\" class=\"wp-caption-text gallery-caption\">Foto: Ren\u00ea Marcio Carneiro\/PMC<\/figcaption><\/figure>\n<figure class=\"gallery-item\">\n<div class=\"gallery-icon landscape\"><a role=\"link\" href=\"https:\/\/www.corumba.ms.gov.br\/?attachment_id=130352\"><img loading=\"lazy\" decoding=\"async\" class=\"attachment-full size-full\" src=\"https:\/\/www.corumba.ms.gov.br\/wp-content\/uploads\/2022\/06\/Foto-Rene-Marcio-CarneiroDia-Mundial-do-Meio-Ambiente-15.jpg\" sizes=\"auto, (max-width: 1200px) 100vw, 1200px\" srcset=\"https:\/\/www.corumba.ms.gov.br\/wp-content\/uploads\/2022\/06\/Foto-Rene-Marcio-CarneiroDia-Mundial-do-Meio-Ambiente-15.jpg 1200w, https:\/\/www.corumba.ms.gov.br\/wp-content\/uploads\/2022\/06\/Foto-Rene-Marcio-CarneiroDia-Mundial-do-Meio-Ambiente-15-300x200.jpg 300w, https:\/\/www.corumba.ms.gov.br\/wp-content\/uploads\/2022\/06\/Foto-Rene-Marcio-CarneiroDia-Mundial-do-Meio-Ambiente-15-1024x683.jpg 1024w, https:\/\/www.corumba.ms.gov.br\/wp-content\/uploads\/2022\/06\/Foto-Rene-Marcio-CarneiroDia-Mundial-do-Meio-Ambiente-15-768x512.jpg 768w\" alt=\"\" width=\"1200\" height=\"800\" aria-describedby=\"gallery-1-130352\"><\/a><\/div><figcaption id=\"gallery-1-130352\" class=\"wp-caption-text gallery-caption\">Foto: Ren\u00ea Marcio Carneiro\/PMCFoto: Ren\u00ea Marcio Carneiro\/PMC<\/figcaption><\/figure>\n<figure class=\"gallery-item\">\n<div class=\"gallery-icon landscape\"><a role=\"link\" href=\"https:\/\/www.corumba.ms.gov.br\/?attachment_id=130353\"><img loading=\"lazy\" decoding=\"async\" class=\"attachment-full size-full\" src=\"https:\/\/www.corumba.ms.gov.br\/wp-content\/uploads\/2022\/06\/Foto-Rene-Marcio-CarneiroDia-Mundial-do-Meio-Ambiente-16.jpg\" sizes=\"auto, (max-width: 1200px) 100vw, 1200px\" srcset=\"https:\/\/www.corumba.ms.gov.br\/wp-content\/uploads\/2022\/06\/Foto-Rene-Marcio-CarneiroDia-Mundial-do-Meio-Ambiente-16.jpg 1200w, https:\/\/www.corumba.ms.gov.br\/wp-content\/uploads\/2022\/06\/Foto-Rene-Marcio-CarneiroDia-Mundial-do-Meio-Ambiente-16-300x200.jpg 300w, https:\/\/www.corumba.ms.gov.br\/wp-content\/uploads\/2022\/06\/Foto-Rene-Marcio-CarneiroDia-Mundial-do-Meio-Ambiente-16-1024x683.jpg 1024w, https:\/\/www.corumba.ms.gov.br\/wp-content\/uploads\/2022\/06\/Foto-Rene-Marcio-CarneiroDia-Mundial-do-Meio-Ambiente-16-768x512.jpg 768w\" alt=\"\" width=\"1200\" height=\"800\" aria-describedby=\"gallery-1-130353\"><\/a><\/div><figcaption id=\"gallery-1-130353\" class=\"wp-caption-text gallery-caption\">Foto: Ren\u00ea Marcio Carneiro\/PMC<\/figcaption><\/figure>\n<figure class=\"gallery-item\">\n<div class=\"gallery-icon landscape\"><a role=\"link\" href=\"https:\/\/www.corumba.ms.gov.br\/?attachment_id=130345\"><img loading=\"lazy\" decoding=\"async\" class=\"attachment-full size-full\" src=\"https:\/\/www.corumba.ms.gov.br\/wp-content\/uploads\/2022\/06\/Foto-Rene-Marcio-CarneiroDia-Mundial-do-Meio-Ambiente-7.jpg\" sizes=\"auto, (max-width: 1200px) 100vw, 1200px\" srcset=\"https:\/\/www.corumba.ms.gov.br\/wp-content\/uploads\/2022\/06\/Foto-Rene-Marcio-CarneiroDia-Mundial-do-Meio-Ambiente-7.jpg 1200w, https:\/\/www.corumba.ms.gov.br\/wp-content\/uploads\/2022\/06\/Foto-Rene-Marcio-CarneiroDia-Mundial-do-Meio-Ambiente-7-300x200.jpg 300w, https:\/\/www.corumba.ms.gov.br\/wp-content\/uploads\/2022\/06\/Foto-Rene-Marcio-CarneiroDia-Mundial-do-Meio-Ambiente-7-1024x683.jpg 1024w, https:\/\/www.corumba.ms.gov.br\/wp-content\/uploads\/2022\/06\/Foto-Rene-Marcio-CarneiroDia-Mundial-do-Meio-Ambiente-7-768x512.jpg 768w\" alt=\"\" width=\"1200\" height=\"800\" aria-describedby=\"gallery-1-130345\"><\/a><\/div><figcaption id=\"gallery-1-130345\" class=\"wp-caption-text gallery-caption\">Foto: Ren\u00ea Marcio Carneiro\/PMC<\/figcaption><\/figure>\n<figure class=\"gallery-item\">\n<div class=\"gallery-icon landscape\"><a role=\"link\" href=\"https:\/\/www.corumba.ms.gov.br\/?attachment_id=130344\"><img loading=\"lazy\" decoding=\"async\" class=\"attachment-full size-full\" src=\"https:\/\/www.corumba.ms.gov.br\/wp-content\/uploads\/2022\/06\/Foto-Rene-Marcio-CarneiroDia-Mundial-do-Meio-Ambiente-6.jpg\" sizes=\"auto, (max-width: 1200px) 100vw, 1200px\" srcset=\"https:\/\/www.corumba.ms.gov.br\/wp-content\/uploads\/2022\/06\/Foto-Rene-Marcio-CarneiroDia-Mundial-do-Meio-Ambiente-6.jpg 1200w, https:\/\/www.corumba.ms.gov.br\/wp-content\/uploads\/2022\/06\/Foto-Rene-Marcio-CarneiroDia-Mundial-do-Meio-Ambiente-6-300x200.jpg 300w, https:\/\/www.corumba.ms.gov.br\/wp-content\/uploads\/2022\/06\/Foto-Rene-Marcio-CarneiroDia-Mundial-do-Meio-Ambiente-6-1024x683.jpg 1024w, https:\/\/www.corumba.ms.gov.br\/wp-content\/uploads\/2022\/06\/Foto-Rene-Marcio-CarneiroDia-Mundial-do-Meio-Ambiente-6-768x512.jpg 768w\" alt=\"\" width=\"1200\" height=\"800\" aria-describedby=\"gallery-1-130344\"><\/a><\/div><figcaption id=\"gallery-1-130344\" class=\"wp-caption-text gallery-caption\">Foto: Ren\u00ea Marcio Carneiro\/PMC<\/figcaption><\/figure>\n<figure class=\"gallery-item\">\n<div class=\"gallery-icon landscape\"><a role=\"link\" href=\"https:\/\/www.corumba.ms.gov.br\/?attachment_id=130343\"><img loading=\"lazy\" decoding=\"async\" class=\"attachment-full size-full\" src=\"https:\/\/www.corumba.ms.gov.br\/wp-content\/uploads\/2022\/06\/Foto-Rene-Marcio-CarneiroDia-Mundial-do-Meio-Ambiente-5.jpg\" sizes=\"auto, (max-width: 1200px) 100vw, 1200px\" srcset=\"https:\/\/www.corumba.ms.gov.br\/wp-content\/uploads\/2022\/06\/Foto-Rene-Marcio-CarneiroDia-Mundial-do-Meio-Ambiente-5.jpg 1200w, https:\/\/www.corumba.ms.gov.br\/wp-content\/uploads\/2022\/06\/Foto-Rene-Marcio-CarneiroDia-Mundial-do-Meio-Ambiente-5-300x200.jpg 300w, https:\/\/www.corumba.ms.gov.br\/wp-content\/uploads\/2022\/06\/Foto-Rene-Marcio-CarneiroDia-Mundial-do-Meio-Ambiente-5-1024x683.jpg 1024w, https:\/\/www.corumba.ms.gov.br\/wp-content\/uploads\/2022\/06\/Foto-Rene-Marcio-CarneiroDia-Mundial-do-Meio-Ambiente-5-768x512.jpg 768w\" alt=\"\" width=\"1200\" height=\"800\" aria-describedby=\"gallery-1-130343\"><\/a><\/div><figcaption id=\"gallery-1-130343\" class=\"wp-caption-text gallery-caption\">Foto: Ren\u00ea Marcio Carneiro\/PMC<\/figcaption><\/figure>\n<figure class=\"gallery-item\">\n<div class=\"gallery-icon landscape\"><a role=\"link\" href=\"https:\/\/www.corumba.ms.gov.br\/?attachment_id=130342\"><img loading=\"lazy\" decoding=\"async\" class=\"attachment-full size-full\" src=\"https:\/\/www.corumba.ms.gov.br\/wp-content\/uploads\/2022\/06\/Foto-Rene-Marcio-CarneiroDia-Mundial-do-Meio-Ambiente-4.jpg\" sizes=\"auto, (max-width: 1200px) 100vw, 1200px\" srcset=\"https:\/\/www.corumba.ms.gov.br\/wp-content\/uploads\/2022\/06\/Foto-Rene-Marcio-CarneiroDia-Mundial-do-Meio-Ambiente-4.jpg 1200w, https:\/\/www.corumba.ms.gov.br\/wp-content\/uploads\/2022\/06\/Foto-Rene-Marcio-CarneiroDia-Mundial-do-Meio-Ambiente-4-300x200.jpg 300w, https:\/\/www.corumba.ms.gov.br\/wp-content\/uploads\/2022\/06\/Foto-Rene-Marcio-CarneiroDia-Mundial-do-Meio-Ambiente-4-1024x683.jpg 1024w, https:\/\/www.corumba.ms.gov.br\/wp-content\/uploads\/2022\/06\/Foto-Rene-Marcio-CarneiroDia-Mundial-do-Meio-Ambiente-4-768x512.jpg 768w\" alt=\"\" width=\"1200\" height=\"800\" aria-describedby=\"gallery-1-130342\"><\/a><\/div><figcaption id=\"gallery-1-130342\" class=\"wp-caption-text gallery-caption\">Foto: Ren\u00ea Marcio Carneiro\/PMC<\/figcaption><\/figure>\n<figure class=\"gallery-item\">\n<div class=\"gallery-icon landscape\"><a role=\"link\" href=\"https:\/\/www.corumba.ms.gov.br\/?attachment_id=130341\"><img loading=\"lazy\" decoding=\"async\" class=\"attachment-full size-full\" src=\"https:\/\/www.corumba.ms.gov.br\/wp-content\/uploads\/2022\/06\/Foto-Rene-Marcio-CarneiroDia-Mundial-do-Meio-Ambiente-1.jpg\" sizes=\"auto, (max-width: 1200px) 100vw, 1200px\" srcset=\"https:\/\/www.corumba.ms.gov.br\/wp-content\/uploads\/2022\/06\/Foto-Rene-Marcio-CarneiroDia-Mundial-do-Meio-Ambiente-1.jpg 1200w, https:\/\/www.corumba.ms.gov.br\/wp-content\/uploads\/2022\/06\/Foto-Rene-Marcio-CarneiroDia-Mundial-do-Meio-Ambiente-1-300x200.jpg 300w, https:\/\/www.corumba.ms.gov.br\/wp-content\/uploads\/2022\/06\/Foto-Rene-Marcio-CarneiroDia-Mundial-do-Meio-Ambiente-1-1024x683.jpg 1024w, https:\/\/www.corumba.ms.gov.br\/wp-content\/uploads\/2022\/06\/Foto-Rene-Marcio-CarneiroDia-Mundial-do-Meio-Ambiente-1-768x512.jpg 768w\" alt=\"\" width=\"1200\" height=\"800\" aria-describedby=\"gallery-1-130341\"><\/a><\/div><figcaption id=\"gallery-1-130341\" class=\"wp-caption-text gallery-caption\">Foto: Ren\u00ea Marcio Carneiro\/PMC<\/figcaption><\/figure>\n<\/div>\n","protected":false},"excerpt":{"rendered":"<p>Para comemorar o Dia Mundial do Meio Ambiente, a Prefeitura de Corumb\u00e1, por meio da&#8230;<\/p>\n","protected":false},"author":70,"featured_media":11725522,"comment_status":"closed","ping_status":"closed","sticky":false,"template":"","format":"standard","meta":{"footnotes":""},"categories":[17],"tags":[],"class_list":["post-11725521","post","type-post","status-publish","format-standard","has-post-thumbnail","hentry","category-meio-ambiente"],"_links":{"self":[{"href":"https:\/\/www.corumbaonline.com.br\/news\/wp-json\/wp\/v2\/posts\/11725521","targetHints":{"allow":["GET"]}}],"collection":[{"href":"https:\/\/www.corumbaonline.com.br\/news\/wp-json\/wp\/v2\/posts"}],"about":[{"href":"https:\/\/www.corumbaonline.com.br\/news\/wp-json\/wp\/v2\/types\/post"}],"author":[{"embeddable":true,"href":"https:\/\/www.corumbaonline.com.br\/news\/wp-json\/wp\/v2\/users\/70"}],"replies":[{"embeddable":true,"href":"https:\/\/www.corumbaonline.com.br\/news\/wp-json\/wp\/v2\/comments?post=11725521"}],"version-history":[{"count":2,"href":"https:\/\/www.corumbaonline.com.br\/news\/wp-json\/wp\/v2\/posts\/11725521\/revisions"}],"predecessor-version":[{"id":11725548,"href":"https:\/\/www.corumbaonline.com.br\/news\/wp-json\/wp\/v2\/posts\/11725521\/revisions\/11725548"}],"wp:featuredmedia":[{"embeddable":true,"href":"https:\/\/www.corumbaonline.com.br\/news\/wp-json\/wp\/v2\/media\/11725522"}],"wp:attachment":[{"href":"https:\/\/www.corumbaonline.com.br\/news\/wp-json\/wp\/v2\/media?parent=11725521"}],"wp:term":[{"taxonomy":"category","embeddable":true,"href":"https:\/\/www.corumbaonline.com.br\/news\/wp-json\/wp\/v2\/categories?post=11725521"},{"taxonomy":"post_tag","embeddable":true,"href":"https:\/\/www.corumbaonline.com.br\/news\/wp-json\/wp\/v2\/tags?post=11725521"}],"curies":[{"name":"wp","href":"https:\/\/api.w.org\/{rel}","templated":true}]}}