{"id":11725558,"date":"2022-06-07T08:23:00","date_gmt":"2022-06-07T12:23:00","guid":{"rendered":"http:\/\/www.corumbaonline.com.br\/news\/?p=11725558"},"modified":"2022-06-07T10:12:16","modified_gmt":"2022-06-07T14:12:16","slug":"prefeito-se-reune-com-secretario-estadual-de-saude-e-assegura-recursos-para-conclusao-do-cem","status":"publish","type":"post","link":"https:\/\/www.corumbaonline.com.br\/news\/prefeito-se-reune-com-secretario-estadual-de-saude-e-assegura-recursos-para-conclusao-do-cem\/","title":{"rendered":"Prefeito se re\u00fane com secret\u00e1rio estadual de Sa\u00fade e assegura recursos para conclus\u00e3o do CEM"},"content":{"rendered":"<p>O prefeito Marcelo Iunes reuniu-se nesta segunda-feira, 06 de junho, com o secret\u00e1rio estadual de Sa\u00fade, Fl\u00e1vio Brito. Durante a agenda na Capital do Estado, foi assinado o conv\u00eanio que assegura os recursos necess\u00e1rios para reconstru\u00e7\u00e3o e adequa\u00e7\u00e3o do segundo piso do Centro de Especialidades M\u00e9dicas (CEM) Dr. Fadah Scaff Gattass, localizado na rua Cabral \u2013 Centro.<\/p>\n<p>\u201cEsse \u00e9 mais um projeto muito importante para nossa popula\u00e7\u00e3o e que teve a parceria fundamental do ex-secret\u00e1rio de Sa\u00fade, doutor Geraldo Resende, e do ex-secret\u00e1rio de Infraestrutura, Eduardo Riedel, que desde o come\u00e7o se empenharam para que pud\u00e9ssemos trazer mais essa benfeitoria para Corumb\u00e1\u201d, afirmou Marcelo Iunes.<\/p>\n<figure id=\"attachment_130468\" class=\"wp-caption aligncenter\" aria-describedby=\"caption-attachment-130468\"><img loading=\"lazy\" decoding=\"async\" class=\"wp-image-130468 size-full\" src=\"https:\/\/www.corumba.ms.gov.br\/wp-content\/uploads\/2022\/06\/cem2.jpg\" sizes=\"auto, (max-width: 1024px) 100vw, 1024px\" srcset=\"https:\/\/www.corumba.ms.gov.br\/wp-content\/uploads\/2022\/06\/cem2.jpg 1024w, https:\/\/www.corumba.ms.gov.br\/wp-content\/uploads\/2022\/06\/cem2-300x225.jpg 300w, https:\/\/www.corumba.ms.gov.br\/wp-content\/uploads\/2022\/06\/cem2-768x576.jpg 768w\" alt=\"O secret\u00e1rio municipal de Desenvolvimento Econ\u00f4mico e Sustent\u00e1vel, C\u00e1ssio Augusto da Costa Marques, tamb\u00e9m participou da reuni\u00e3o.\" width=\"1024\" height=\"768\" \/><figcaption id=\"caption-attachment-130468\" class=\"wp-caption-text\">O secret\u00e1rio municipal de Desenvolvimento Econ\u00f4mico e Sustent\u00e1vel, C\u00e1ssio Augusto da Costa Marques, tamb\u00e9m participou da reuni\u00e3o.<\/figcaption><\/figure>\n<p>O prefeito destacou tamb\u00e9m o trabalho do governador Reinaldo Azambuja na \u00e1rea da Sa\u00fade P\u00fablica corumbaense. \u201cGra\u00e7as a sensibilidade do governador Reinaldo, nossa cidade vai contar com um amplo e moderno Pronto Socorro. Junto com essa amplia\u00e7\u00e3o dos servi\u00e7os oferecidos no CEM, melhorar\u00e3o demais o atendimento prestado a nossa popula\u00e7\u00e3o\u201d, completou o prefeito.<\/p>\n<p>Com o conv\u00eanio assinado hoje, o Estado vai aportar R$ 1.230.000,00 (um milh\u00e3o, duzentos e trinta mil reais) e a Prefeitura entrar\u00e1 com contrapartida de aproximadamente R$ 320 mil (trezentos e vinte mil reais) na conclus\u00e3o do CEM. O Centro de Especialidades M\u00e9dicas foi inaugurado pelo prefeito Marcelo Iunes em 2020, ap\u00f3s o Executivo municipal desapropriar a \u00e1rea em 2009.<\/p>\n<p>O Centro de Especialidades M\u00e9dicas funciona das 7 \u00e0s 21 horas e possui 19 especialidades m\u00e9dicas: Cl\u00ednica Geral, Dermatologia, Ortopedia, Geriatria, Endocrinologista, Cirurgia Geral, Urologia, Psiquiatria, Gastroenterologista, Anestesista, Cirurgia Vascular, Neuro Pediatra, Pediatria, Oftalmologia, Nefrologista, Cirurgi\u00e3o Pedi\u00e1trico, Fonoaudiologia, Terapia Ocupacional e Nutricionista. E 7 exames: Ultrassonografia, Eletroencefalograma, Eletrocardiograma, RX, Teste da Orelhinha e Audiometria.<\/p>\n","protected":false},"excerpt":{"rendered":"<p>O prefeito Marcelo Iunes reuniu-se nesta segunda-feira, 06 de junho, com o secret\u00e1rio estadual de&#8230;<\/p>\n","protected":false},"author":70,"featured_media":11725559,"comment_status":"closed","ping_status":"closed","sticky":false,"template":"","format":"standard","meta":{"footnotes":""},"categories":[21],"tags":[],"class_list":["post-11725558","post","type-post","status-publish","format-standard","has-post-thumbnail","hentry","category-saude"],"_links":{"self":[{"href":"https:\/\/www.corumbaonline.com.br\/news\/wp-json\/wp\/v2\/posts\/11725558","targetHints":{"allow":["GET"]}}],"collection":[{"href":"https:\/\/www.corumbaonline.com.br\/news\/wp-json\/wp\/v2\/posts"}],"about":[{"href":"https:\/\/www.corumbaonline.com.br\/news\/wp-json\/wp\/v2\/types\/post"}],"author":[{"embeddable":true,"href":"https:\/\/www.corumbaonline.com.br\/news\/wp-json\/wp\/v2\/users\/70"}],"replies":[{"embeddable":true,"href":"https:\/\/www.corumbaonline.com.br\/news\/wp-json\/wp\/v2\/comments?post=11725558"}],"version-history":[{"count":1,"href":"https:\/\/www.corumbaonline.com.br\/news\/wp-json\/wp\/v2\/posts\/11725558\/revisions"}],"predecessor-version":[{"id":11725560,"href":"https:\/\/www.corumbaonline.com.br\/news\/wp-json\/wp\/v2\/posts\/11725558\/revisions\/11725560"}],"wp:featuredmedia":[{"embeddable":true,"href":"https:\/\/www.corumbaonline.com.br\/news\/wp-json\/wp\/v2\/media\/11725559"}],"wp:attachment":[{"href":"https:\/\/www.corumbaonline.com.br\/news\/wp-json\/wp\/v2\/media?parent=11725558"}],"wp:term":[{"taxonomy":"category","embeddable":true,"href":"https:\/\/www.corumbaonline.com.br\/news\/wp-json\/wp\/v2\/categories?post=11725558"},{"taxonomy":"post_tag","embeddable":true,"href":"https:\/\/www.corumbaonline.com.br\/news\/wp-json\/wp\/v2\/tags?post=11725558"}],"curies":[{"name":"wp","href":"https:\/\/api.w.org\/{rel}","templated":true}]}}