{"id":11725564,"date":"2022-06-07T08:51:00","date_gmt":"2022-06-07T12:51:00","guid":{"rendered":"http:\/\/www.corumbaonline.com.br\/news\/?p=11725564"},"modified":"2022-06-07T10:26:39","modified_gmt":"2022-06-07T14:26:39","slug":"com-acoes-descentralizadas-prefeitura-leva-saude-para-os-bairros-guatos-e-cristo-redentor","status":"publish","type":"post","link":"https:\/\/www.corumbaonline.com.br\/news\/com-acoes-descentralizadas-prefeitura-leva-saude-para-os-bairros-guatos-e-cristo-redentor\/","title":{"rendered":"Com a\u00e7\u00f5es descentralizadas, Prefeitura leva sa\u00fade para os Bairros Guat\u00f3s e Cristo Redentor"},"content":{"rendered":"<p>No \u00faltimo final de semana, a Secretaria de Sa\u00fade realizou duas grandes a\u00e7\u00f5es. No s\u00e1bado, dia 04 de junho, a a\u00e7\u00e3o foi na UBSF Walter Vict\u00f3rio. Personagens animados incentivaram as crian\u00e7as a se vacinar, e cerca de 70 doses foram aplicadas. Tamb\u00e9m houve atendimento m\u00e9dico e odontol\u00f3gico.<\/p>\n<p>E no domingo, dia 05\/06, a a\u00e7\u00e3o foi em parceria com a Igreja Adventista, no Conjunto Habitacional Flamboynt. Foram realizadas mais de 80 consultas m\u00e9dicas, 90 orienta\u00e7\u00f5es sobre sa\u00fade bucal, aplica\u00e7\u00e3o de 311 doses de vacina, coleta de 8 preventivos, distribui\u00e7\u00e3o de medica\u00e7\u00e3o, teste de Covid-19, aferi\u00e7\u00e3o de press\u00e3o arterial e uma palestra sobre alimenta\u00e7\u00e3o saud\u00e1vel.<\/p>\n<p>O Chefe do Executivo Municipal, Marcelo Iunes refor\u00e7a \u201cnosso objetivo \u00e9 de cuidar bem da nossa popula\u00e7\u00e3o. E de sempre facilitar o acesso aos usu\u00e1rios, sempre que pudemos trazemos os servi\u00e7os para o Conjunto Habitacional, pois sabemos que muitos aqui possuem dificuldade de se deslocar at\u00e9 uma Unidade de Sa\u00fade\u201d.<\/p>\n<p>A Secret\u00e1ria de Sa\u00fade, Beatriz Assad, conta \u201ctivemos um final de semana muito produtivo. Somando as a\u00e7\u00f5es de s\u00e1bado, mais a vacina\u00e7\u00e3o da Ladeira quase mil doses de vacina foram aplicadas. A\u00e7\u00f5es preventivas como estas evitam o agravamento de v\u00e1rias doen\u00e7as\u201d.<\/p>\n","protected":false},"excerpt":{"rendered":"<p>No \u00faltimo final de semana, a Secretaria de Sa\u00fade realizou duas grandes a\u00e7\u00f5es. No s\u00e1bado,&#8230;<\/p>\n","protected":false},"author":70,"featured_media":11725565,"comment_status":"closed","ping_status":"closed","sticky":false,"template":"","format":"standard","meta":{"footnotes":""},"categories":[21],"tags":[],"class_list":["post-11725564","post","type-post","status-publish","format-standard","has-post-thumbnail","hentry","category-saude"],"_links":{"self":[{"href":"https:\/\/www.corumbaonline.com.br\/news\/wp-json\/wp\/v2\/posts\/11725564","targetHints":{"allow":["GET"]}}],"collection":[{"href":"https:\/\/www.corumbaonline.com.br\/news\/wp-json\/wp\/v2\/posts"}],"about":[{"href":"https:\/\/www.corumbaonline.com.br\/news\/wp-json\/wp\/v2\/types\/post"}],"author":[{"embeddable":true,"href":"https:\/\/www.corumbaonline.com.br\/news\/wp-json\/wp\/v2\/users\/70"}],"replies":[{"embeddable":true,"href":"https:\/\/www.corumbaonline.com.br\/news\/wp-json\/wp\/v2\/comments?post=11725564"}],"version-history":[{"count":1,"href":"https:\/\/www.corumbaonline.com.br\/news\/wp-json\/wp\/v2\/posts\/11725564\/revisions"}],"predecessor-version":[{"id":11725566,"href":"https:\/\/www.corumbaonline.com.br\/news\/wp-json\/wp\/v2\/posts\/11725564\/revisions\/11725566"}],"wp:featuredmedia":[{"embeddable":true,"href":"https:\/\/www.corumbaonline.com.br\/news\/wp-json\/wp\/v2\/media\/11725565"}],"wp:attachment":[{"href":"https:\/\/www.corumbaonline.com.br\/news\/wp-json\/wp\/v2\/media?parent=11725564"}],"wp:term":[{"taxonomy":"category","embeddable":true,"href":"https:\/\/www.corumbaonline.com.br\/news\/wp-json\/wp\/v2\/categories?post=11725564"},{"taxonomy":"post_tag","embeddable":true,"href":"https:\/\/www.corumbaonline.com.br\/news\/wp-json\/wp\/v2\/tags?post=11725564"}],"curies":[{"name":"wp","href":"https:\/\/api.w.org\/{rel}","templated":true}]}}