{"id":11725578,"date":"2022-06-07T09:55:00","date_gmt":"2022-06-07T13:55:00","guid":{"rendered":"http:\/\/www.corumbaonline.com.br\/news\/?p=11725578"},"modified":"2022-06-07T11:19:19","modified_gmt":"2022-06-07T15:19:19","slug":"vereador-reivindica-instalacao-de-receptivo-turistico-na-regiao-do-buraco-das-piranhas","status":"publish","type":"post","link":"https:\/\/www.corumbaonline.com.br\/news\/vereador-reivindica-instalacao-de-receptivo-turistico-na-regiao-do-buraco-das-piranhas\/","title":{"rendered":"Vereador reivindica instala\u00e7\u00e3o de receptivo tur\u00edstico na regi\u00e3o do Buraco das Piranhas"},"content":{"rendered":"<p>O vereador Nelsinho Dib est\u00e1 buscando junto \u00e0s autoridades competentes, a instala\u00e7\u00e3o de um receptivo tur\u00edstico na regi\u00e3o do Buraco das Piranhas, localizado no entroncamento da BR 262 com a MS 228, a Estrada Parque, a \u201cporta de entrada do Pantanal de Corumb\u00e1\u201d.<\/p>\n<p>O pedido foi feito por meio de requerimento direto ao prefeito Marcelo Iunes, bem como \u00e0 diretora \u2013 presidente da Funda\u00e7\u00e3o de Turismo do Pantanal de Corumb\u00e1, Elis\u00e2ngela Sienna da Costa Oliva, solicitando entendimento com todas as esferas (Federal e Estadual), para instala\u00e7\u00e3o desse receptivo naquela regi\u00e3o.<\/p>\n<p>\u201cS\u00e3o necess\u00e1rias medidas adequadas tanto na \u00e1rea de infraestrutura como de pessoal, para que tenhamos um receptivo no Buraco das Piranhas, para orientar e bem receber os turistas que visitam nosso Pantanal\u201d, explicou.<\/p>\n<p>Disse que \u201c\u00e9 investir no turismo \u00e9 bom para o nosso pa\u00eds, nosso Estado e, muito bom para Corumb\u00e1. \u00c9 retorno garantido, \u00e9 uma ind\u00fastria sem chamin\u00e9, sem polui\u00e7\u00e3o. Um receptivo no Buraco das Piranhas vai ajudar em muito o turismo da regi\u00e3o, em todos os sentidos\u201d, refor\u00e7ou.<\/p>\n<p>CENTO DE CONVEN\u00c7\u00d5ES<\/p>\n<p>Ao mesmo tempo, Nelsinho reivindicou junto ao prefeito Marcelo Iunes, a recupera\u00e7\u00e3o do Centro de Conven\u00e7\u00f5es Miguel G\u00f3mez que necessita de obras de manuten\u00e7\u00e3o para que possa receber grandes eventos como j\u00e1 ocorreu at\u00e9 bem pouco tempo atr\u00e1s. Explicou que \u00e9 precis\u00e3o ado\u00e7\u00e3o de medidas para que todos os equipamentos estejam funcionando a contento, para bem receber n\u00e3o s\u00f3 a popula\u00e7\u00e3o, mas turistas que visitam a regi\u00e3o, al\u00e9m de estar em condi\u00e7\u00f5es de sediar grandes eventos.<\/p>\n<p>MIRANTE<\/p>\n<p>J\u00e1 ao secret\u00e1rio de Infraestrutura e Servi\u00e7os P\u00fablicos, Ricardo Ametlla, Nelsinho pediu a realiza\u00e7\u00e3o de servi\u00e7os urgentes para recuperar o Mirante da Capivara, ponto tur\u00edstico da cidade localizado na Bairro Generoso. Segundo ele, \u00e9 preciso uma limpeza geral do espa\u00e7o, com remo\u00e7\u00e3o de res\u00edduos vegetais e lixo; manuten\u00e7\u00e3o do gradil e corrim\u00e3o, bem como das escadas de acesso ao local eu faz parte do roteiro tur\u00edstico da cidade, para melhorar o visual e estar apto a receber visita\u00e7\u00e3o p\u00fablica.<\/p>\n<p>PARQUE INFANTIL<\/p>\n<p>Outra solicita\u00e7\u00e3o \u00e0 pasta de Infraestrutura visa a recupera\u00e7\u00e3o do parque infantil existente no Jardim da Independ\u00eancia, localizado no centro de Corumb\u00e1. Explicou que o espa\u00e7o necessita de manuten\u00e7\u00e3o, recupera\u00e7\u00e3o da estrutura da cerca de prote\u00e7\u00e3o para evitar que animais tenham acesso, principalmente cachorros que fazem suas necessidades na areia, ocasionando constantes problemas de sa\u00fade aos usu\u00e1rios, em especial \u00e0s crian\u00e7as.<\/p>\n","protected":false},"excerpt":{"rendered":"<p>O vereador Nelsinho Dib est\u00e1 buscando junto \u00e0s autoridades competentes, a instala\u00e7\u00e3o de um receptivo&#8230;<\/p>\n","protected":false},"author":63,"featured_media":0,"comment_status":"closed","ping_status":"closed","sticky":false,"template":"","format":"standard","meta":{"footnotes":""},"categories":[19],"tags":[],"class_list":["post-11725578","post","type-post","status-publish","format-standard","hentry","category-politica"],"_links":{"self":[{"href":"https:\/\/www.corumbaonline.com.br\/news\/wp-json\/wp\/v2\/posts\/11725578","targetHints":{"allow":["GET"]}}],"collection":[{"href":"https:\/\/www.corumbaonline.com.br\/news\/wp-json\/wp\/v2\/posts"}],"about":[{"href":"https:\/\/www.corumbaonline.com.br\/news\/wp-json\/wp\/v2\/types\/post"}],"author":[{"embeddable":true,"href":"https:\/\/www.corumbaonline.com.br\/news\/wp-json\/wp\/v2\/users\/63"}],"replies":[{"embeddable":true,"href":"https:\/\/www.corumbaonline.com.br\/news\/wp-json\/wp\/v2\/comments?post=11725578"}],"version-history":[{"count":1,"href":"https:\/\/www.corumbaonline.com.br\/news\/wp-json\/wp\/v2\/posts\/11725578\/revisions"}],"predecessor-version":[{"id":11725579,"href":"https:\/\/www.corumbaonline.com.br\/news\/wp-json\/wp\/v2\/posts\/11725578\/revisions\/11725579"}],"wp:attachment":[{"href":"https:\/\/www.corumbaonline.com.br\/news\/wp-json\/wp\/v2\/media?parent=11725578"}],"wp:term":[{"taxonomy":"category","embeddable":true,"href":"https:\/\/www.corumbaonline.com.br\/news\/wp-json\/wp\/v2\/categories?post=11725578"},{"taxonomy":"post_tag","embeddable":true,"href":"https:\/\/www.corumbaonline.com.br\/news\/wp-json\/wp\/v2\/tags?post=11725578"}],"curies":[{"name":"wp","href":"https:\/\/api.w.org\/{rel}","templated":true}]}}