{"id":11725587,"date":"2022-06-07T10:38:00","date_gmt":"2022-06-07T14:38:00","guid":{"rendered":"http:\/\/www.corumbaonline.com.br\/news\/?p=11725587"},"modified":"2022-06-07T11:43:38","modified_gmt":"2022-06-07T15:43:38","slug":"projeto-na-camara-preve-criacao-do-junho-verde-mes-destinado-ao-meio-ambiente","status":"publish","type":"post","link":"https:\/\/www.corumbaonline.com.br\/news\/projeto-na-camara-preve-criacao-do-junho-verde-mes-destinado-ao-meio-ambiente\/","title":{"rendered":"Projeto na C\u00e2mara prev\u00ea cria\u00e7\u00e3o do \u201cJunho Verde\u201d, m\u00eas destinado ao meio ambiente"},"content":{"rendered":"<p>A institui\u00e7\u00e3o do \u201cJunho Verde\u201d, um m\u00eas dedicado \u00e0s a\u00e7\u00f5es de conscientiza\u00e7\u00e3o e valoriza\u00e7\u00e3o do meio ambiente, \u00e9 o que pretende o vereador Allex Dellas. Ontem, segunda-feira, 6, durante sess\u00e3o da C\u00e2mara, ele apresentou um Projeto de Lei nesse sentido, visando desenvolvimento de programas estrat\u00e9gicos para o combate a degrada\u00e7\u00e3o e o fortalecimento das campanhas de conscientiza\u00e7\u00e3o junto a popula\u00e7\u00e3o.<\/p>\n<p>Allex explicou que \u201co Junho Verde tem a miss\u00e3o de promover e desenvolver a\u00e7\u00f5es de educa\u00e7\u00e3o ambiental e sustentabilidade com apoio da sociedade civil, de forma trazer conhecimento e sobre os cuidados de preserva\u00e7\u00e3o. Com certeza, far\u00e1 do m\u00eas de junho um exemplo a se irradiar para todos os outros meses do ano, promovendo a\u00e7\u00f5es que v\u00e3o fazer parte do cotidiano das pessoas que residem em nossa cidade\u201d.<\/p>\n<p>Pelo Projeto de Lei, os \u00f3rg\u00e3os p\u00fablicos municipais, durante o m\u00eas de junho, dever\u00e3o desenvolver atividades alusivas \u00e0 promo\u00e7\u00e3o e valoriza\u00e7\u00e3o do meio ambiente, conserva\u00e7\u00e3o da natureza com foco no desenvolvimento sustent\u00e1vel e responsabilidade social, com grande destaque em 05 de junho Dia da Ecologia e Dia Mundial do Meio Ambiente. O &#8220;Junho Verde&#8221; passar\u00e1 tamb\u00e9m a fazer parte do Calend\u00e1rio Oficial do Munic\u00edpio.<\/p>\n<p>\u201cSer\u00e1 importante para esclarecer a popula\u00e7\u00e3o do nosso Munic\u00edpio sobre a import\u00e2ncia da conscientiza\u00e7\u00e3o ambiental; promover e estimular atividades a a\u00e7\u00f5es nos estabelecimentos da Rede Municipal de Ensino, entre outras; conscientizar a popula\u00e7\u00e3o sobre os impactos ambientais e estimular medidas que visem a preserva\u00e7\u00e3o, a manuten\u00e7\u00e3o do meio ambiente, da fauna e flora sadia em benef\u00edcio da popula\u00e7\u00e3o.<\/p>\n","protected":false},"excerpt":{"rendered":"<p>A institui\u00e7\u00e3o do \u201cJunho Verde\u201d, um m\u00eas dedicado \u00e0s a\u00e7\u00f5es de conscientiza\u00e7\u00e3o e valoriza\u00e7\u00e3o do&#8230;<\/p>\n","protected":false},"author":63,"featured_media":0,"comment_status":"closed","ping_status":"closed","sticky":false,"template":"","format":"standard","meta":{"footnotes":""},"categories":[19],"tags":[],"class_list":["post-11725587","post","type-post","status-publish","format-standard","hentry","category-politica"],"_links":{"self":[{"href":"https:\/\/www.corumbaonline.com.br\/news\/wp-json\/wp\/v2\/posts\/11725587","targetHints":{"allow":["GET"]}}],"collection":[{"href":"https:\/\/www.corumbaonline.com.br\/news\/wp-json\/wp\/v2\/posts"}],"about":[{"href":"https:\/\/www.corumbaonline.com.br\/news\/wp-json\/wp\/v2\/types\/post"}],"author":[{"embeddable":true,"href":"https:\/\/www.corumbaonline.com.br\/news\/wp-json\/wp\/v2\/users\/63"}],"replies":[{"embeddable":true,"href":"https:\/\/www.corumbaonline.com.br\/news\/wp-json\/wp\/v2\/comments?post=11725587"}],"version-history":[{"count":1,"href":"https:\/\/www.corumbaonline.com.br\/news\/wp-json\/wp\/v2\/posts\/11725587\/revisions"}],"predecessor-version":[{"id":11725588,"href":"https:\/\/www.corumbaonline.com.br\/news\/wp-json\/wp\/v2\/posts\/11725587\/revisions\/11725588"}],"wp:attachment":[{"href":"https:\/\/www.corumbaonline.com.br\/news\/wp-json\/wp\/v2\/media?parent=11725587"}],"wp:term":[{"taxonomy":"category","embeddable":true,"href":"https:\/\/www.corumbaonline.com.br\/news\/wp-json\/wp\/v2\/categories?post=11725587"},{"taxonomy":"post_tag","embeddable":true,"href":"https:\/\/www.corumbaonline.com.br\/news\/wp-json\/wp\/v2\/tags?post=11725587"}],"curies":[{"name":"wp","href":"https:\/\/api.w.org\/{rel}","templated":true}]}}