{"id":11725597,"date":"2022-06-08T08:57:00","date_gmt":"2022-06-08T12:57:00","guid":{"rendered":"http:\/\/www.corumbaonline.com.br\/news\/?p=11725597"},"modified":"2022-06-08T14:23:49","modified_gmt":"2022-06-08T18:23:49","slug":"alms-seis-propostas-estao-pautadas-na-ordem-do-dia-desta-quarta-feira","status":"publish","type":"post","link":"https:\/\/www.corumbaonline.com.br\/news\/alms-seis-propostas-estao-pautadas-na-ordem-do-dia-desta-quarta-feira\/","title":{"rendered":"ALMS: seis propostas est\u00e3o pautadas na Ordem do Dia desta quarta-feira"},"content":{"rendered":"<p>Os parlamentares da Assembleia Legislativa de Mato Grosso do Sul (ALEMS) devem apreciar seis propostas durante a Ordem do Dia desta quarta-feira (8).\u00a0A vota\u00e7\u00e3o dos projetos acontece a partir do Plen\u00e1rio Deputado J\u00falio Maia e pode ser acompanhada ao vivo nos canais oficiais de comunica\u00e7\u00e3o da Casa de Leis &#8211; canal 9 da Claro\u00a0Net TV,\u00a0TV ALEMS,\u00a0Youtube,\u00a0Facebook,\u00a0R\u00e1dio ALEMS\u00a0e aplicativo Assembleia MS &#8211; (Android\/iOS). A sess\u00e3o ordin\u00e1ria tem in\u00edcio a partir das 9h.<\/p>\n<p>Segunda discuss\u00e3o<\/p>\n<p>De autoria do deputado Renato C\u00e2mara (MDB), o\u00a0Projeto de Lei 27\/2022\u00a0institui o \u201cMar\u00e7o Azul-Marinho\u201d e prev\u00ea a realiza\u00e7\u00e3o de campanhas informativas e preventivas sobre o c\u00e2ncer colorretal.<\/p>\n<p>O\u00a0Projeto de Lei 45\/2022, do deputado Marcio Fernandes (MDB), confere ao munic\u00edpio de Sidrol\u00e2ndia o cognome de \u201cCora\u00e7\u00e3o da Rota Bioce\u00e2nica\u201d em raz\u00e3o de sua localiza\u00e7\u00e3o estrat\u00e9gica no eixo do corredor.<\/p>\n<p>Do Tribunal de Justi\u00e7a, o\u00a0Projeto de Lei 94\/2022\u00a0altera dispositivos do Estatuto dos Servidores P\u00fablicos do Poder Judici\u00e1rio do Estado e do C\u00f3digo de Organiza\u00e7\u00e3o e Divis\u00e3o Judici\u00e1rias de Mato Grosso do Sul. S\u00e3o mudan\u00e7as sobre licen\u00e7a-maternidade, dispensa do trabalho e promo\u00e7\u00e3o de cargo.<\/p>\n<p>O\u00a0Projeto de Lei 98\/2022, do Poder Executivo, altera a reda\u00e7\u00e3o da\u00a0Lei 4.135\/2011, que trata da contrata\u00e7\u00e3o por tempo limitado para atender \u00e0 necessidade tempor\u00e1ria de excepcional interesse p\u00fablico. A proposta acrescenta a licen\u00e7a-paternidade na rela\u00e7\u00e3o de direitos dos servidores contratados temporariamente, conforme dispostos no artigo 12 dessa lei.<\/p>\n<p>De autoria do Governo do Estado, o\u00a0Projeto de Lei 107\/2022\u00a0autoriza a Ag\u00eancia de Habita\u00e7\u00e3o Popular de Mato Grosso do Sul (Agehab\/MS) a doar com encargos im\u00f3veis a Funda\u00e7\u00e3o de Desporto e Lazer de Mato Grosso do Sul (Fundesporte), para a constru\u00e7\u00e3o da pista de skate a ser constru\u00edda na regi\u00e3o das Moreninhas, em Campo Grande.<\/p>\n<p>Primeira discuss\u00e3o<\/p>\n<p>Tamb\u00e9m do Poder Executivo, o\u00a0Projeto de Lei 152\/2022\u00a0ratifica o Protocolo de Inten\u00e7\u00f5es celebrado entre alguns Estados Brasileiros para a constitui\u00e7\u00e3o do &#8220;Cons\u00f3rcio Interestadual sobre o Clima &#8211; Cons\u00f3rcio Brasil Verde&#8221;. O objetivo \u00e9 proteger o meio ambiente e promover o enfrentamento aos efeitos adversos das mudan\u00e7as do clima.<\/p>\n<p>Os Estados que integram o protocolo s\u00e3o: Acre, Alagoas, Amap\u00e1, Amazonas, Bahia, Cear\u00e1, Distrito Federal, Esp\u00edrito Santo, Goi\u00e1s, Maranh\u00e3o, Mato Grosso, Mato Grosso do Sul, Minas Gerais, Par\u00e1, Para\u00edba, Paran\u00e1, Pernambuco, Piau\u00ed, Rio de Janeiro, Rio Grande do Norte, Rio Grande do Sul, Rond\u00f4nia, Roraima, Santa Catarina, S\u00e3o Paulo, Sergipe e Tocantins.<\/p>\n","protected":false},"excerpt":{"rendered":"<p>Os parlamentares da Assembleia Legislativa de Mato Grosso do Sul (ALEMS) devem apreciar seis propostas&#8230;<\/p>\n","protected":false},"author":12,"featured_media":0,"comment_status":"closed","ping_status":"closed","sticky":false,"template":"","format":"standard","meta":{"footnotes":""},"categories":[19],"tags":[],"class_list":["post-11725597","post","type-post","status-publish","format-standard","hentry","category-politica"],"_links":{"self":[{"href":"https:\/\/www.corumbaonline.com.br\/news\/wp-json\/wp\/v2\/posts\/11725597","targetHints":{"allow":["GET"]}}],"collection":[{"href":"https:\/\/www.corumbaonline.com.br\/news\/wp-json\/wp\/v2\/posts"}],"about":[{"href":"https:\/\/www.corumbaonline.com.br\/news\/wp-json\/wp\/v2\/types\/post"}],"author":[{"embeddable":true,"href":"https:\/\/www.corumbaonline.com.br\/news\/wp-json\/wp\/v2\/users\/12"}],"replies":[{"embeddable":true,"href":"https:\/\/www.corumbaonline.com.br\/news\/wp-json\/wp\/v2\/comments?post=11725597"}],"version-history":[{"count":1,"href":"https:\/\/www.corumbaonline.com.br\/news\/wp-json\/wp\/v2\/posts\/11725597\/revisions"}],"predecessor-version":[{"id":11725598,"href":"https:\/\/www.corumbaonline.com.br\/news\/wp-json\/wp\/v2\/posts\/11725597\/revisions\/11725598"}],"wp:attachment":[{"href":"https:\/\/www.corumbaonline.com.br\/news\/wp-json\/wp\/v2\/media?parent=11725597"}],"wp:term":[{"taxonomy":"category","embeddable":true,"href":"https:\/\/www.corumbaonline.com.br\/news\/wp-json\/wp\/v2\/categories?post=11725597"},{"taxonomy":"post_tag","embeddable":true,"href":"https:\/\/www.corumbaonline.com.br\/news\/wp-json\/wp\/v2\/tags?post=11725597"}],"curies":[{"name":"wp","href":"https:\/\/api.w.org\/{rel}","templated":true}]}}