{"id":11725615,"date":"2022-06-08T10:21:00","date_gmt":"2022-06-08T14:21:00","guid":{"rendered":"http:\/\/www.corumbaonline.com.br\/news\/?p=11725615"},"modified":"2022-06-08T16:39:46","modified_gmt":"2022-06-08T20:39:46","slug":"vereador-busca-informacoes-sobre-reativacao-de-posto-de-saude-do-tamarineiro","status":"publish","type":"post","link":"https:\/\/www.corumbaonline.com.br\/news\/vereador-busca-informacoes-sobre-reativacao-de-posto-de-saude-do-tamarineiro\/","title":{"rendered":"Vereador busca informa\u00e7\u00f5es sobre reativa\u00e7\u00e3o de Posto de Sa\u00fade do Tamarineiro"},"content":{"rendered":"<p>O vereador Ubiratan Canhete de Campos Filho (Bira), est\u00e1 buscando informa\u00e7\u00f5es junto ao prefeito Marcelo Iunes e secret\u00e1ria de Sa\u00fade, Beatriz Silva Assad, para saber se h\u00e1 algum projeto para reativa\u00e7\u00e3o do Posto de Sa\u00fade do Assentamento Tamarineiro, que se encontra fechado j\u00e1 h\u00e1 algum tempo.<\/p>\n<p>O pedido de informa\u00e7\u00f5es ocorreu por meio de um requerimento apresentado ontem, segunda-feira, 6, durante sess\u00e3o ordin\u00e1ria da C\u00e2mara. A preocupa\u00e7\u00e3o do vereador \u00e9 que, durante esse per\u00edodo, as fam\u00edlias de pequenos produtores rurais do Tamarineiro, quando necessitam de atendimentos na \u00e1rea de sa\u00fade, s\u00e3o obrigados at\u00e9 a Escola Monte Azul, no Assentamento Taquaral, \u00fanica unidade em funcionamento que atende a regi\u00e3o.<\/p>\n<p>Bira lembrou que a unidade de sa\u00fade do Tamarineiro, localizada ao lado da Escola Municipal Rural Eutr\u00f3pia Gomes Pedroso, precisa ser reativado de forma urgente. \u201cHoje, quando precisam de atendimento m\u00e9dico, quem residente no Tamarineiro precisa andar mais de 10 quil\u00f4metros at\u00e9 o posto do Urucum, que est\u00e1 funcionando junto \u00e0 escola. A reativa\u00e7\u00e3o \u00e9 de extrema import\u00e2ncia para os moradores da regi\u00e3o. Al\u00e9m das dificuldades de deslocamento, o retorno do atendimento vai trazer mais conforto e seguran\u00e7a para os produtores rurais e familiares\u201d, enfatizou.<\/p>\n<p>MANUTEN\u00c7\u00c3O<\/p>\n<p>Ao secret\u00e1rio Ricardo Ametlla, de Infraestrutura e Servi\u00e7os P\u00fablicos, Bira solicitou servi\u00e7os de manuten\u00e7\u00e3o com reassentamento das lajotas do pavimento da Alameda Argentina, localizada entre a Avenida Gabriel Vandoni de Barros e a Rua Rep\u00fablica da Bol\u00edvia, no Bairro Dom Bosco, para melhorar a trafegabilidade.<\/p>\n<p>LIMPEZA NECESS\u00c1RIA<\/p>\n<p>Tamb\u00e9m ao titular da mesma pasta, o vereador pediu, por meio de indica\u00e7\u00e3o, a realiza\u00e7\u00e3o de servi\u00e7os de ro\u00e7ada e limpeza no passeio p\u00fablico da Rua Am\u00e9rica, trecho entre as ruas Marechal Deodoro e Edu Rocha, no Bairro Aeroporto. A solicita\u00e7\u00e3o \u00e9 justificada pelo fato que a via est\u00e1 tomada pela vegeta\u00e7\u00e3o, dificultando o tr\u00e1fego de pedestres, inclusive de um grande n\u00famero de pessoas que utilizam o espa\u00e7o para atividades f\u00edsicas di\u00e1rias.<\/p>\n<p>REMO\u00c7\u00c3O DE PEDRAS<\/p>\n<p>Um outro pedido ao secret\u00e1rio Ricardo Ametlla se refere \u00e0 necessidade da remo\u00e7\u00e3o de pedras de grande porte no cruzamento das ruas Monte Castelo e Amazonas, no Bairro Aeroporto, que podem causar acidentes graves, principalmente no per\u00edodo noturno, ocasi\u00e3o em que a visibilidade fica prejudicada.<\/p>\n","protected":false},"excerpt":{"rendered":"<p>O vereador Ubiratan Canhete de Campos Filho (Bira), est\u00e1 buscando informa\u00e7\u00f5es junto ao prefeito Marcelo&#8230;<\/p>\n","protected":false},"author":63,"featured_media":0,"comment_status":"closed","ping_status":"closed","sticky":false,"template":"","format":"standard","meta":{"footnotes":""},"categories":[19],"tags":[],"class_list":["post-11725615","post","type-post","status-publish","format-standard","hentry","category-politica"],"_links":{"self":[{"href":"https:\/\/www.corumbaonline.com.br\/news\/wp-json\/wp\/v2\/posts\/11725615","targetHints":{"allow":["GET"]}}],"collection":[{"href":"https:\/\/www.corumbaonline.com.br\/news\/wp-json\/wp\/v2\/posts"}],"about":[{"href":"https:\/\/www.corumbaonline.com.br\/news\/wp-json\/wp\/v2\/types\/post"}],"author":[{"embeddable":true,"href":"https:\/\/www.corumbaonline.com.br\/news\/wp-json\/wp\/v2\/users\/63"}],"replies":[{"embeddable":true,"href":"https:\/\/www.corumbaonline.com.br\/news\/wp-json\/wp\/v2\/comments?post=11725615"}],"version-history":[{"count":1,"href":"https:\/\/www.corumbaonline.com.br\/news\/wp-json\/wp\/v2\/posts\/11725615\/revisions"}],"predecessor-version":[{"id":11725617,"href":"https:\/\/www.corumbaonline.com.br\/news\/wp-json\/wp\/v2\/posts\/11725615\/revisions\/11725617"}],"wp:attachment":[{"href":"https:\/\/www.corumbaonline.com.br\/news\/wp-json\/wp\/v2\/media?parent=11725615"}],"wp:term":[{"taxonomy":"category","embeddable":true,"href":"https:\/\/www.corumbaonline.com.br\/news\/wp-json\/wp\/v2\/categories?post=11725615"},{"taxonomy":"post_tag","embeddable":true,"href":"https:\/\/www.corumbaonline.com.br\/news\/wp-json\/wp\/v2\/tags?post=11725615"}],"curies":[{"name":"wp","href":"https:\/\/api.w.org\/{rel}","templated":true}]}}