{"id":11725637,"date":"2022-06-09T08:49:00","date_gmt":"2022-06-09T12:49:00","guid":{"rendered":"http:\/\/www.corumbaonline.com.br\/news\/?p=11725637"},"modified":"2022-06-09T09:50:16","modified_gmt":"2022-06-09T13:50:16","slug":"vereador-sugere-estudos-para-coleta-e-reutilizacao-do-oleo-de-cozinha","status":"publish","type":"post","link":"https:\/\/www.corumbaonline.com.br\/news\/vereador-sugere-estudos-para-coleta-e-reutilizacao-do-oleo-de-cozinha\/","title":{"rendered":"Vereador sugere estudos para coleta e reutiliza\u00e7\u00e3o do \u00f3leo de cozinha"},"content":{"rendered":"<p>O vereador Allex Dellas apresentou um requerimento esta semana na C\u00e2mara Municipal, sugerindo estudos visando a inclus\u00e3o da coleta e armazenamento do \u00f3leo de cozinha para sua reutiliza\u00e7\u00e3o e destina\u00e7\u00e3o de forma adequada, visando preservar o meio ambiente e assegurar renda para fam\u00edlias de baixa renda, principalmente.<\/p>\n<p>A sugest\u00e3o foi direcionada \u00e0 diretora-presidente da Funda\u00e7\u00e3o de Meio Ambiente do Pantanal, Ana Cl\u00e1udia Moreira Boabaid, com c\u00f3pia ao gerente de Educa\u00e7\u00e3o Ambiental, Kleyton Arruda Pozza.<\/p>\n<p>Explicou que \u00e9 de extrema import\u00e2ncia reciclar o \u00f3leo de cozinha, cuja capacidade poluente \u00e9 muito alta. \u201cO descarte do \u00f3leo n\u00e3o deve ser feito no ralo da pia, no vaso sanit\u00e1rio e nem com o lixo org\u00e2nico. Esses destinos incorretos levam \u00e0 contamina\u00e7\u00e3o do solo e da atmosfera\u201d, lembrou.<\/p>\n<p>Disse que para evitar problemas \u00e9 preciso adotar uma postura mais consciente, evitando usar \u00f3leo desnecessariamente e coletando o mesmo para a reciclagem, seguindo exemplo da coleta e armazenamento de pneus e lixos eletr\u00f4nicos.<\/p>\n<p>PAVIMENTA\u00c7\u00c3O<\/p>\n<p>Allex tamb\u00e9m est\u00e1 reivindicando a pavimenta\u00e7\u00e3o, por meio de lajotas sextavadas, da via localizada na Rua Campo Grande, entre as ruas Sete de Setembro e Major Gama, no Bairro Nossa Senhora de F\u00e1tima.<\/p>\n<p>O pedido foi dirigido ao secret\u00e1rio Ricardo Ametlla, de Infraestrutura e Servi\u00e7os P\u00fablicos, em atendimento a pedidos dos moradores que reclamam das condi\u00e7\u00f5es de trafegabilidade da via que, em per\u00edodos de chuva, fica intransit\u00e1vel, devido \u00e0 lama, prejudicando inclusive o tr\u00e1fego de pedestres.<\/p>\n","protected":false},"excerpt":{"rendered":"<p>O vereador Allex Dellas apresentou um requerimento esta semana na C\u00e2mara Municipal, sugerindo estudos visando&#8230;<\/p>\n","protected":false},"author":63,"featured_media":0,"comment_status":"closed","ping_status":"closed","sticky":false,"template":"","format":"standard","meta":{"footnotes":""},"categories":[19],"tags":[],"class_list":["post-11725637","post","type-post","status-publish","format-standard","hentry","category-politica"],"_links":{"self":[{"href":"https:\/\/www.corumbaonline.com.br\/news\/wp-json\/wp\/v2\/posts\/11725637","targetHints":{"allow":["GET"]}}],"collection":[{"href":"https:\/\/www.corumbaonline.com.br\/news\/wp-json\/wp\/v2\/posts"}],"about":[{"href":"https:\/\/www.corumbaonline.com.br\/news\/wp-json\/wp\/v2\/types\/post"}],"author":[{"embeddable":true,"href":"https:\/\/www.corumbaonline.com.br\/news\/wp-json\/wp\/v2\/users\/63"}],"replies":[{"embeddable":true,"href":"https:\/\/www.corumbaonline.com.br\/news\/wp-json\/wp\/v2\/comments?post=11725637"}],"version-history":[{"count":1,"href":"https:\/\/www.corumbaonline.com.br\/news\/wp-json\/wp\/v2\/posts\/11725637\/revisions"}],"predecessor-version":[{"id":11725638,"href":"https:\/\/www.corumbaonline.com.br\/news\/wp-json\/wp\/v2\/posts\/11725637\/revisions\/11725638"}],"wp:attachment":[{"href":"https:\/\/www.corumbaonline.com.br\/news\/wp-json\/wp\/v2\/media?parent=11725637"}],"wp:term":[{"taxonomy":"category","embeddable":true,"href":"https:\/\/www.corumbaonline.com.br\/news\/wp-json\/wp\/v2\/categories?post=11725637"},{"taxonomy":"post_tag","embeddable":true,"href":"https:\/\/www.corumbaonline.com.br\/news\/wp-json\/wp\/v2\/tags?post=11725637"}],"curies":[{"name":"wp","href":"https:\/\/api.w.org\/{rel}","templated":true}]}}