{"id":11725642,"date":"2022-06-09T09:15:00","date_gmt":"2022-06-09T13:15:00","guid":{"rendered":"http:\/\/www.corumbaonline.com.br\/news\/?p=11725642"},"modified":"2022-06-09T11:53:40","modified_gmt":"2022-06-09T15:53:40","slug":"vereador-pede-cronograma-de-podas-de-arvores-a-pasta-de-meio-ambiente","status":"publish","type":"post","link":"https:\/\/www.corumbaonline.com.br\/news\/vereador-pede-cronograma-de-podas-de-arvores-a-pasta-de-meio-ambiente\/","title":{"rendered":"Vereador pede cronograma de podas de \u00e1rvores \u00e0 pasta de Meio Ambiente"},"content":{"rendered":"<p>Para melhor informar a popula\u00e7\u00e3o sobre a realiza\u00e7\u00e3o de servi\u00e7os disponibilizados pelo Poder P\u00fablico, o vereador Nelsinho Dib solicitou \u00e0 Funda\u00e7\u00e3o de Meio Ambiente do Pantanal de Corumb\u00e1, a disponibiliza\u00e7\u00e3o do cronograma de podas de \u00e1rvores na cidade, referente ao exerc\u00edcio de 2022, inclusive com prazos para execu\u00e7\u00e3o a partir da solicita\u00e7\u00e3o feita \u00e0 pasta.<\/p>\n<p>O pedido foi dirigido \u00e0 diretora-presidente do \u00f3rg\u00e3o, Ana Cl\u00e1udia Moreira Boabaid, com c\u00f3pia ao prefeito Marcelo Iunes, por meio de requerimento, e se refere n\u00e3o somente \u00e0 regi\u00e3o urbana, mas tamb\u00e9m aos distritos e outras \u00e1reas onde o servi\u00e7o \u00e9 executado.<\/p>\n<p>\u201cTemos sido cobrados de forma constante pela popula\u00e7\u00e3o e precisamos dar uma resposta. Mas, para isso, precisamos ter conhecimento do cronograma que deve ser disponibilizado a esta Casa de Leis, para que tenhamos condi\u00e7\u00f5es de divulgar amplamente esse trabalho, para que os cidad\u00e3os tenham conhecimento de quando o servi\u00e7o ser\u00e1 realizado em sua regi\u00e3o\u201d, observou.<\/p>\n<p>ENERGISA<\/p>\n<p>O vereador ressaltou ainda que o trabalho de poda n\u00e3o \u00e9 feito apenas pela pasta de Meio Ambiente. H\u00e1 casos em que a Energisa \u00e9 acionada para realizar o servi\u00e7o. \u00c9 a situa\u00e7\u00e3o hoje da Alameda Gozolina, no Birro Generoso, que necessita da interven\u00e7\u00e3o da empresa energ\u00e9tica, para uma poda de galhos que est\u00e3o em meio \u00e0 fia\u00e7\u00e3o el\u00e9trica, na altura do n\u00famero 570.<\/p>\n<p>Por isso mesmo Nelsinho apresentou requerimento solicitando esse servi\u00e7o ao gerente da Energisa em Corumb\u00e1, Marcos Ant\u00f4nio Luglio, com c\u00f3pia \u00e0 Funda\u00e7\u00e3o do Meio Ambiente, em atendimento a pedidos dos moradores, para eliminar problemas de oscila\u00e7\u00f5es no fornecimento de energia, que podem causar preju\u00edzos \u00e0 comunidade do bairro.<\/p>\n<p>CRIA\u00c7\u00c3O DE CONSELHO<\/p>\n<p>Por outro lado, o vereador reivindicou junto ao secret\u00e1rio de Finan\u00e7as e Or\u00e7amento, Luiz Henrique Maia de Paula, com c\u00f3pia ao prefeito, a realiza\u00e7\u00e3o de estudos visando a cria\u00e7\u00e3o do Conselho Municipal de Recursos Fiscais (CMRF), para julgar em Segunda Inst\u00e2ncia, os recursos volunt\u00e1rios e os de of\u00edcio, referentes aos Processos Administrativos, Tribut\u00e1rio e Fiscal, com representatividade parit\u00e1ria, inclusive com a participa\u00e7\u00e3o de membros da sociedade civil, conforme preconizado na Lei Complementar n.\u00ba 100, de 22 de dezembro de 2006, o C\u00f3digo Tribut\u00e1rio Municipal.<\/p>\n<p>Esta solicita\u00e7\u00e3o se deve a reclama\u00e7\u00f5es contribuintes que est\u00e3o aguardando j\u00e1 h\u00e1 algum tempo, esses julgamentos, e a n\u00e3o exist\u00eancia do CMRF, acaba levando \u00e0 ren\u00fancia de receitas aos cofres p\u00fablicos municipais, por conta de cancelamento de processos devido ao vencimento de prazos processuais (decurso de prazo), por poss\u00edvel irregularidade de prerrogativas funcionais.<\/p>\n<p>PONTO DE TAXI<\/p>\n<p>J\u00e1 \u00e0 pasta de Infraestrutura e Servi\u00e7os P\u00fablicos, o vereador solicitou a realiza\u00e7\u00e3o de servi\u00e7os de manuten\u00e7\u00e3o, com pintura, do ponto de taxi existente na fronteira com a Bol\u00edvia, denominado de Cl\u00e1udio Reis Rodrigues (Amaral), em atendimento a pedidos dos profissionais taxistas, bem como usu\u00e1rios do sistema de transporte de passageiros. Disse que o local necessita de melhor manuten\u00e7\u00e3o, para dotar o espa\u00e7o de perfeitas condi\u00e7\u00f5es de uso.<\/p>\n<p>HOMENAGENS<\/p>\n<p>O vereador teve aprovado por unanimidade, um requerimento que saiu em nome da Casa de Leis, homenageando com uma Mo\u00e7\u00e3o de Congratula\u00e7\u00e3o e Aplausos, Dorival Canavarros dos Santos, pelo importante e significativo trabalho realizado junto ao INCRA (Escrit\u00f3rio de Corumb\u00e1), como Assistente T\u00e9cnico e Gestor da Unidade Avan\u00e7ada.<\/p>\n<p>Dorival iniciou sua\u00a0 carreira no INCRA em 1976, para servi\u00e7os eventuais. Em 1\u00ba de mar\u00e7o de 1977, foi admitido como servidor efetivo para atuar no Projeto Fundi\u00e1rio de Corumb\u00e1, que continua em funcionamento at\u00e9 os dias atuais, gra\u00e7as ao seu desempenho.<\/p>\n<p>\u201c\u00c9 uma pessoa que merece de todos n\u00f3s, da popula\u00e7\u00e3o, o respeito e reconhecimento pelo trabalho dedicado, e \u00e9 um incentivo para que outras pessoas venham fazer parte desse tipo de a\u00e7\u00e3o que resultar\u00e3o em melhorias para a nossa regi\u00e3o\u201d, acentuou Nelsinho.<\/p>\n<p>PRIMEIRO CASO<\/p>\n<p>Outros homenageados pelo vereador com Mo\u00e7\u00e3o de Congratula\u00e7\u00e3o e Aplausos foram a delegada de Pol\u00edcia Civil Tatiana Zingier, e investigadores Rebeca Avelhaneda, Francielle Liz, Paulo Henrique Riquielme e Thiago Sabatel, todos lotados na Primeira Delegacia de Pol\u00edcia Civil de Corumb\u00e1, em virtude de suas a\u00e7\u00f5es realizadas de forma r\u00e1pida e muito profissional, que resultaram com a apreens\u00e3o em flagrante delito da autora de um crime praticado contra um c\u00e3o, que resultou em morte.<\/p>\n<p>O vereador explicou que o crime atenta contra o disposto na Lei Federal n.\u00ba 9.605\/1998, e com suas altera\u00e7\u00f5es previstas na Lei Federal n.\u00ba 14.064\/2020. \u201cAssim sendo, esta equipe da Pol\u00edcia Civil merece da popula\u00e7\u00e3o corumbaense e, consequentemente, desta Casa de Leis, o respeito e reconhecimento demonstrados atrav\u00e9s desta Mo\u00e7\u00e3o de Congratula\u00e7\u00e3o e Aplausos, como est\u00edmulo \u00e0 continuidade do trabalho, assim como de incentivo para que os cidad\u00e3os de nosso munic\u00edpio, venham fazer parte desse tipo de a\u00e7\u00e3o comunit\u00e1ria de prote\u00e7\u00e3o e cuidado aos animais dom\u00e9sticos, bem como conhecer e principalmente cumprir a legisla\u00e7\u00e3o vigente em nossa cidade\u201d, enfatizou.<\/p>\n","protected":false},"excerpt":{"rendered":"<p>Para melhor informar a popula\u00e7\u00e3o sobre a realiza\u00e7\u00e3o de servi\u00e7os disponibilizados pelo Poder P\u00fablico, o&#8230;<\/p>\n","protected":false},"author":63,"featured_media":0,"comment_status":"closed","ping_status":"closed","sticky":false,"template":"","format":"standard","meta":{"footnotes":""},"categories":[19],"tags":[],"class_list":["post-11725642","post","type-post","status-publish","format-standard","hentry","category-politica"],"_links":{"self":[{"href":"https:\/\/www.corumbaonline.com.br\/news\/wp-json\/wp\/v2\/posts\/11725642","targetHints":{"allow":["GET"]}}],"collection":[{"href":"https:\/\/www.corumbaonline.com.br\/news\/wp-json\/wp\/v2\/posts"}],"about":[{"href":"https:\/\/www.corumbaonline.com.br\/news\/wp-json\/wp\/v2\/types\/post"}],"author":[{"embeddable":true,"href":"https:\/\/www.corumbaonline.com.br\/news\/wp-json\/wp\/v2\/users\/63"}],"replies":[{"embeddable":true,"href":"https:\/\/www.corumbaonline.com.br\/news\/wp-json\/wp\/v2\/comments?post=11725642"}],"version-history":[{"count":1,"href":"https:\/\/www.corumbaonline.com.br\/news\/wp-json\/wp\/v2\/posts\/11725642\/revisions"}],"predecessor-version":[{"id":11725643,"href":"https:\/\/www.corumbaonline.com.br\/news\/wp-json\/wp\/v2\/posts\/11725642\/revisions\/11725643"}],"wp:attachment":[{"href":"https:\/\/www.corumbaonline.com.br\/news\/wp-json\/wp\/v2\/media?parent=11725642"}],"wp:term":[{"taxonomy":"category","embeddable":true,"href":"https:\/\/www.corumbaonline.com.br\/news\/wp-json\/wp\/v2\/categories?post=11725642"},{"taxonomy":"post_tag","embeddable":true,"href":"https:\/\/www.corumbaonline.com.br\/news\/wp-json\/wp\/v2\/tags?post=11725642"}],"curies":[{"name":"wp","href":"https:\/\/api.w.org\/{rel}","templated":true}]}}