{"id":11725765,"date":"2022-06-13T17:00:00","date_gmt":"2022-06-13T21:00:00","guid":{"rendered":"http:\/\/www.corumbaonline.com.br\/news\/?p=11725765"},"modified":"2022-06-14T08:07:41","modified_gmt":"2022-06-14T12:07:41","slug":"no-ultimo-mes-de-dialogos-musicais-programacao-conta-com-conferencias-palestras-e-concertos-musicais","status":"publish","type":"post","link":"https:\/\/www.corumbaonline.com.br\/news\/no-ultimo-mes-de-dialogos-musicais-programacao-conta-com-conferencias-palestras-e-concertos-musicais\/","title":{"rendered":"No \u00faltimo m\u00eas de \u201cDi\u00e1logos Musicais\u201d, programa\u00e7\u00e3o conta com confer\u00eancias, palestras e concertos musicais"},"content":{"rendered":"<p class=\"x_MsoNormal\">No \u00faltimo m\u00eas do projeto &#8220;Di\u00e1logos Musicais Ibero-Americanos&#8221;, a programa\u00e7\u00e3o conta com tr\u00eas confer\u00eancias, duas palestras, uma masterclass e quatro concertos. O projeto \u00e9 uma iniciativa da ABM (Associa\u00e7\u00e3o de Bandolins da Madeira) e do Instituto Cultural Moinho Cultural Sul-Americano. Toda a programa\u00e7\u00e3o \u00e9 on-line e gratuita.<\/p>\n<p class=\"x_MsoNormal\">\n<p class=\"x_MsoNormal\">No pr\u00f3ximo s\u00e1bado do m\u00eas (18 de junho), a programa\u00e7\u00e3o conta com uma masterclass de viola de arco, com o brasiliero Brenner Rozales, direto de Telaviv (Israel). As inscri\u00e7\u00f5es est\u00e3o abertas no link&nbsp;<a href=\"https:\/\/docs.google.com\/forms\/d\/e\/1FAIpQLSd4FWQrNB1cZ36opk6iNb8DTTCsyjTteSuKjRBfgYFa9XUQMQ\/viewform\" target=\"_blank\" rel=\"noopener noreferrer\">https:\/\/docs.google.com\/forms\/d\/e\/1FAIpQLSd4FWQrNB1cZ36opk6iNb8DTTCsyjTteSuKjRBfgYFa9XUQMQ\/viewform<\/a>&nbsp;. A masterclass ser\u00e1 das 15h \u00e0s 17h. No mesmo dia, Leonardo Afonso Luthier faz uma palestra sobre &#8220;Instrumentos de corda: constru\u00e7\u00e3o, manuten\u00e7\u00e3o e cuidados a ter&#8221;, das 11h \u00e0s 13h, a mesma ser\u00e1 transmitida no canal do youtube da ABM.<\/p>\n<p class=\"x_MsoNormal\">\n<p class=\"x_MsoNormal\">No \u00faltimo fim de semana do projeto, dia 25 de junho, a programa\u00e7\u00e3o come\u00e7a com a palestra &#8220;Projetos de sincroniza\u00e7\u00e3o de novas tecnologias aplicadas \u00e0 cultura, como plataforma de apresenta\u00e7\u00e3o e divulga\u00e7\u00e3o&#8221;, com Reinaldo Delgado, Alice Aquino, Karine Dias, Turnino Caires e Paulo Nunes, das 11h \u00e0s 13h. Das 14h \u00e0s 16h, acontece a confer\u00eancia &#8220;O bandolim no seu contexto hist\u00f3rico europeu, sua a\u00e7\u00e3o social nos dias de hoje (orquestras e tunas) e sua difus\u00e3o pelo mundo&#8221;, com Norberto Cruz, do Portal das Artes. A programa\u00e7\u00e3o termina com a apresenta\u00e7\u00e3o, a partir das 21h, do Encontro Regional de Tunas e Orquestras da R.A.M. (Portugal).<\/p>\n<p class=\"x_MsoNormal\">\n<p class=\"x_MsoNormal\">Todas as programa\u00e7\u00f5es do projeto podem ser acompanhadas nas redes sociais (Facebook e Youtube) da ABM e do Moinho Cultural. O &#8216;Di\u00e1logos Musicais Ibero-Americanos&#8217; busca a aproxima\u00e7\u00e3o cultural entre a Europa e a Am\u00e9rica, e, para isso, tem oferecido conhecimento na \u00e1rea de m\u00fasica, por meio de masterclass, confer\u00eancias e concertos. O projeto conta com apoiadores, como: Rep\u00fablica Portuguesa, DGArtes, Governo Regional da Madeira, Secretaria Regional de Turismo e Cultura, Secretaria Regional de Educa\u00e7\u00e3o, Ci\u00eancia e Tecnologia, Rep\u00fablica Portuguesa &#8211; Cultura, Instituto Cam\u00f5es &#8211; Instituto da Coopera\u00e7\u00e3o e da L\u00edngua Portuguesa, Funarte e Ibermusicas. S\u00e3o parceiros o Portal das Artes e Ligra.<\/p>\n<p class=\"x_MsoNormal\">\n<p class=\"x_MsoNormal\"><b>O Instituto Moinho Cultural Sul-Americano<\/b><\/p>\n<p class=\"x_MsoNormal\">Inaugurado em Corumb\u00e1 (MS), em 2004, o Moinho Cultural \u00e9 uma OSC que oferece para crian\u00e7as e adolescentes em situa\u00e7\u00e3o de vulnerabilidade social de Corumb\u00e1, Lad\u00e1rio, Puerto Suarez e Puerto Quijarro, aulas de dan\u00e7a, m\u00fasica, tecnologia e inform\u00e1tica. A forma\u00e7\u00e3o continuada oferecida pela institui\u00e7\u00e3o tem dura\u00e7\u00e3o de at\u00e9 oito anos. O Moinho tamb\u00e9m atua na forma\u00e7\u00e3o de int\u00e9rpretes criadores para jovens e adultos, com a Companhia de Dan\u00e7a do Pantanal, Orquestra de C\u00e2mara do Pantanal e N\u00facleo de Tecnologia. A miss\u00e3o da institui\u00e7\u00e3o \u00e9 diminuir a vulnerabilidade social na regi\u00e3o de fronteira Brasil-Bol\u00edvia, por meio do acesso a bens culturais e tecnol\u00f3gicos. Desde o in\u00edcio das atividades, mais de 23 mil crian\u00e7as e adolescentes j\u00e1 foram atendidos pelo Moinho.<\/p>\n<p class=\"x_MsoNormal\">\n<p class=\"x_MsoNormal\">Atualmente, o Moinho Cultural conta com o patroc\u00ednio m\u00e1ster via Lei de Incentivo Cultural do Instituto Cultural Vale, bem como, patroc\u00ednio da Bellalluna Participa\u00e7\u00f5es LTDA, Brinks, BTG Pactual, Carai Empreendimentos LTDA, Comper, Instituto Ita\u00fa Cultural, Hinove, Rodobens e Crian\u00e7a Esperan\u00e7a, al\u00e9m da a parceria da J.Mac\u00eado, Ita\u00fa Social e Fecom\u00e9rcioMS-SESC. S\u00e3o parceiros institucionais a Funda\u00e7\u00e3o de Cultural de Mato Grosso do Sul, Prefeitura de Corumb\u00e1, Prefeitura de Lad\u00e1rio, Prefeitura de Puerto Su\u00e1rez, Prefeitura de Puerto Quijarro, Instituto Homem Pantaneiro, IFMS, UFMS, Acaia Pantanal e outros doadores pessoa f\u00edsica e jur\u00eddica.<\/p>\n","protected":false},"excerpt":{"rendered":"<p>No \u00faltimo m\u00eas do projeto &#8220;Di\u00e1logos Musicais Ibero-Americanos&#8221;, a programa\u00e7\u00e3o conta com tr\u00eas confer\u00eancias, duas&#8230;<\/p>\n","protected":false},"author":9,"featured_media":0,"comment_status":"closed","ping_status":"closed","sticky":false,"template":"","format":"standard","meta":{"footnotes":""},"categories":[7],"tags":[],"class_list":["post-11725765","post","type-post","status-publish","format-standard","hentry","category-cultura"],"_links":{"self":[{"href":"https:\/\/www.corumbaonline.com.br\/news\/wp-json\/wp\/v2\/posts\/11725765","targetHints":{"allow":["GET"]}}],"collection":[{"href":"https:\/\/www.corumbaonline.com.br\/news\/wp-json\/wp\/v2\/posts"}],"about":[{"href":"https:\/\/www.corumbaonline.com.br\/news\/wp-json\/wp\/v2\/types\/post"}],"author":[{"embeddable":true,"href":"https:\/\/www.corumbaonline.com.br\/news\/wp-json\/wp\/v2\/users\/9"}],"replies":[{"embeddable":true,"href":"https:\/\/www.corumbaonline.com.br\/news\/wp-json\/wp\/v2\/comments?post=11725765"}],"version-history":[{"count":2,"href":"https:\/\/www.corumbaonline.com.br\/news\/wp-json\/wp\/v2\/posts\/11725765\/revisions"}],"predecessor-version":[{"id":11725777,"href":"https:\/\/www.corumbaonline.com.br\/news\/wp-json\/wp\/v2\/posts\/11725765\/revisions\/11725777"}],"wp:attachment":[{"href":"https:\/\/www.corumbaonline.com.br\/news\/wp-json\/wp\/v2\/media?parent=11725765"}],"wp:term":[{"taxonomy":"category","embeddable":true,"href":"https:\/\/www.corumbaonline.com.br\/news\/wp-json\/wp\/v2\/categories?post=11725765"},{"taxonomy":"post_tag","embeddable":true,"href":"https:\/\/www.corumbaonline.com.br\/news\/wp-json\/wp\/v2\/tags?post=11725765"}],"curies":[{"name":"wp","href":"https:\/\/api.w.org\/{rel}","templated":true}]}}