{"id":11725796,"date":"2022-06-15T08:10:00","date_gmt":"2022-06-15T12:10:00","guid":{"rendered":"http:\/\/www.corumbaonline.com.br\/news\/?p=11725796"},"modified":"2022-06-15T09:06:56","modified_gmt":"2022-06-15T13:06:56","slug":"alms-deputados-devem-analisar-quatro-projetos-nesta-quarta-feira","status":"publish","type":"post","link":"https:\/\/www.corumbaonline.com.br\/news\/alms-deputados-devem-analisar-quatro-projetos-nesta-quarta-feira\/","title":{"rendered":"ALMS: deputados devem analisar quatro projetos nesta quarta-feira"},"content":{"rendered":"<p>Os deputados estaduais da Assembleia Legislativa de Mato Grosso do Sul (ALEMS) devem apreciar quatro projetos durante a Ordem do Dia desta quarta-feira (15). A sess\u00e3o plen\u00e1ria mista\u00a0pode ser acompanhada a partir das 9h, ao vivo nos canais oficiais de comunica\u00e7\u00e3o da Casa de Leis &#8211; canal 9 da Claro\u00a0Net TV,\u00a0<a href=\"https:\/\/al.ms.gov.br\/TvAssembleia\" target=\"_blank\" rel=\"noopener\">TV ALEMS<\/a>,\u00a0<a href=\"https:\/\/www.youtube.com\/c\/assembleialegislativadems\" target=\"_blank\" rel=\"noopener\">Youtube<\/a>,\u00a0<a href=\"https:\/\/www.facebook.com\/assembleiams\" target=\"_blank\" rel=\"noopener\">Facebook<\/a>,\u00a0<a href=\"https:\/\/al.ms.gov.br\/RadioAssembleia\/Audios?idMenu=601\" target=\"_blank\" rel=\"noopener\">R\u00e1dio ALEMS<\/a>\u00a0e aplicativo Assembleia MS &#8211; (<a href=\"https:\/\/play.google.com\/store\/apps\/details?id=br.com.app.gpu1553513.gpu40f07c507865e03ef66422c7404ba120&amp;hl=pt_BR\" target=\"_blank\" rel=\"noopener\">Android<\/a>\/<a href=\"https:\/\/apps.apple.com\/br\/app\/assembleia-legislativa-do-ms\/id1185708415\" target=\"_blank\" rel=\"noopener\">iOS<\/a>).<\/p>\n<p>Em segunda discuss\u00e3o, est\u00e1 pautado o\u00a0<a href=\"http:\/\/sgpl.consulta.al.ms.gov.br\/sgpl-publico\/#\/linha-tempo?idProposicao=171279\" target=\"_blank\" rel=\"noopener\"><ins>Projeto de Emenda Constitucional 2\/2022,<\/ins><\/a>\u00a0do Poder Executivo, que altera reda\u00e7\u00e3o do artigo 56 do Ato das Disposi\u00e7\u00f5es Constitucionais Gerais e Transit\u00f3rias da Constitui\u00e7\u00e3o Estadual. O objetivo do projeto \u00e9 a revis\u00e3o do teto de gastos, que deve ser feita a cada cinco anos.<\/p>\n<p>Tamb\u00e9m previsto\u00a0em segunda discuss\u00e3o o\u00a0<a href=\"http:\/\/sgpl.consulta.al.ms.gov.br\/sgpl-publico\/#\/linha-tempo?idProposicao=90400\" target=\"_blank\" rel=\"noopener\"><ins>Projeto de Lei 161\/2020,<\/ins><\/a>\u00a0de autoria do deputado Barbosinha (PP), que inclui no Calend\u00e1rio Oficial de Eventos do Estado de Mato Grosso do Sul, institu\u00eddo pela Lei 3.945, de 04 de Agosto de 2010, o Dia Estadual do Escriv\u00e3o a ser comemorado anualmente, no dia 05 de novembro. A mat\u00e9ria recebeu parecer favor\u00e1vel da Comiss\u00e3o de Educa\u00e7\u00e3o, Cultura, Desporto, Ci\u00eancia e Tecnologia.<\/p>\n<p>Por fim, deve ser apreciado em segunda discuss\u00e3o o\u00a0<a href=\"http:\/\/sgpl.consulta.al.ms.gov.br\/sgpl-publico\/#\/linha-tempo?idProposicao=159127\" target=\"_blank\" rel=\"noopener\"><ins>Projeto de Lei 15\/2022<\/ins><\/a>, de autoria do deputado Mar\u00e7al Filho (PP), que institui, no \u00e2mbito do Estado de Mato Grosso do Sul, a \u201cSemana de Informa\u00e7\u00e3o, Conscientiza\u00e7\u00e3o e Incentivo ao Diagn\u00f3stico Precoce do Retinoblastoma\u201d, e d\u00e1 outras provid\u00eancias. O projeto recebeu parecer favor\u00e1vel da Comiss\u00e3o de Educa\u00e7\u00e3o, Cultura, Desporto, Ci\u00eancia e Tecnologia.<\/p>\n<p><strong>1\u00aa discuss\u00e3o<\/strong><\/p>\n<p>Em primeira discuss\u00e3o, est\u00e1 pautado o<ins><a href=\"http:\/\/sgpl.consulta.al.ms.gov.br\/sgpl-publico\/#\/linha-tempo?idProposicao=171117\" target=\"_blank\" rel=\"noopener\">\u00a0Projeto de Lei 128\/2022<\/a>,<\/ins>\u00a0tamb\u00e9m de autoria do deputado Mar\u00e7al Filho, que institui a Pol\u00edtica Estadual de Aten\u00e7\u00e3o Integral \u00e0 Pessoa com Encefalomielite Mi\u00e1lgica ou S\u00edndrome da Fadiga Cr\u00f4nica e comorbidades associadas, e d\u00e1 outras provid\u00eancias. A Comiss\u00e3o de Constitui\u00e7\u00e3o, Justi\u00e7a e Reda\u00e7\u00e3o (CCJR) emitiu parecer favor\u00e1vel \u00e0 tramita\u00e7\u00e3o da mat\u00e9ria.<\/p>\n","protected":false},"excerpt":{"rendered":"<p>Os deputados estaduais da Assembleia Legislativa de Mato Grosso do Sul (ALEMS) devem apreciar quatro&#8230;<\/p>\n","protected":false},"author":12,"featured_media":0,"comment_status":"closed","ping_status":"closed","sticky":false,"template":"","format":"standard","meta":{"footnotes":""},"categories":[19],"tags":[],"class_list":["post-11725796","post","type-post","status-publish","format-standard","hentry","category-politica"],"_links":{"self":[{"href":"https:\/\/www.corumbaonline.com.br\/news\/wp-json\/wp\/v2\/posts\/11725796","targetHints":{"allow":["GET"]}}],"collection":[{"href":"https:\/\/www.corumbaonline.com.br\/news\/wp-json\/wp\/v2\/posts"}],"about":[{"href":"https:\/\/www.corumbaonline.com.br\/news\/wp-json\/wp\/v2\/types\/post"}],"author":[{"embeddable":true,"href":"https:\/\/www.corumbaonline.com.br\/news\/wp-json\/wp\/v2\/users\/12"}],"replies":[{"embeddable":true,"href":"https:\/\/www.corumbaonline.com.br\/news\/wp-json\/wp\/v2\/comments?post=11725796"}],"version-history":[{"count":1,"href":"https:\/\/www.corumbaonline.com.br\/news\/wp-json\/wp\/v2\/posts\/11725796\/revisions"}],"predecessor-version":[{"id":11725797,"href":"https:\/\/www.corumbaonline.com.br\/news\/wp-json\/wp\/v2\/posts\/11725796\/revisions\/11725797"}],"wp:attachment":[{"href":"https:\/\/www.corumbaonline.com.br\/news\/wp-json\/wp\/v2\/media?parent=11725796"}],"wp:term":[{"taxonomy":"category","embeddable":true,"href":"https:\/\/www.corumbaonline.com.br\/news\/wp-json\/wp\/v2\/categories?post=11725796"},{"taxonomy":"post_tag","embeddable":true,"href":"https:\/\/www.corumbaonline.com.br\/news\/wp-json\/wp\/v2\/tags?post=11725796"}],"curies":[{"name":"wp","href":"https:\/\/api.w.org\/{rel}","templated":true}]}}