{"id":11725811,"date":"2022-06-16T08:00:00","date_gmt":"2022-06-16T12:00:00","guid":{"rendered":"http:\/\/www.corumbaonline.com.br\/news\/?p=11725811"},"modified":"2022-06-16T09:03:42","modified_gmt":"2022-06-16T13:03:42","slug":"quinta-feira-de-corpus-christi-tem-previsao-de-sol-em-ms","status":"publish","type":"post","link":"https:\/\/www.corumbaonline.com.br\/news\/quinta-feira-de-corpus-christi-tem-previsao-de-sol-em-ms\/","title":{"rendered":"Quinta-feira de Corpus Christi tem previs\u00e3o de sol em MS"},"content":{"rendered":"<p>A previs\u00e3o do Cemtec (Centro de Monitoramento do Tempo e do Clima) para quinta-feira (16) \u00e9 de tempo firme com sol e varia\u00e7\u00e3o de nebulosidade em Mato Grosso do Sul.<\/p>\n<p>Por\u00e9m, h\u00e1 probabilidade de chuvas de intensidade moderada a localmente forte e tempestades acompanhadas de raios, rajadas de vento e eventual queda de granizo entre a noite desta quinta-feira e a madrugada de sexta-feira (17).<\/p>\n<p>A explica\u00e7\u00e3o est\u00e1 no deslocamento de cavados (nome t\u00e9cnico que se d\u00e1 a uma regi\u00e3o na atmosfera onde ocorre uma ondula\u00e7\u00e3o do fluxo de ventos no sentido hor\u00e1rio no Hemisf\u00e9rio Sul e onde h\u00e1 tamb\u00e9m uma tend\u00eancia \u00e0 queda da press\u00e3o atmosf\u00e9rica), aliado ao fluxo de ar quente e \u00famido vindo da Amaz\u00f4nia, principalmente nas regi\u00f5es Sul-fronteira, Conesul e Sudoeste do Estado.<\/p>\n<p>Em Campo Grande, os term\u00f4metros devem registrar de 18\u00baC a 30\u00baC. Para Dourados, a m\u00ednima prevista \u00e9 de 14\u00baC e a m\u00e1xima, de 29\u00baC. Em Tr\u00eas Lagoas, a temperatura oscila entre 16\u00baC e 31\u00baC.<\/p>\n<p>Corumb\u00e1 amanheceu sob nebulosidade. A temperatura \u00e9 de 18\u00b0C e pode chegar a 32\u00baC no decorrer do dia. O Climatempo prev\u00ea s<span style=\"font-size: revert; color: initial;\">ol com aumento de nuvens ao longo do dia. \u00c0 noite ocorrem pancadas de chuva.<\/span><\/p>\n<div class=\"col-md-6 col-sm-12 _flex _space-between _margin-t-sm-20\"><\/div>\n","protected":false},"excerpt":{"rendered":"<p>A previs\u00e3o do Cemtec (Centro de Monitoramento do Tempo e do Clima) para quinta-feira (16)&#8230;<\/p>\n","protected":false},"author":6,"featured_media":0,"comment_status":"closed","ping_status":"closed","sticky":false,"template":"","format":"standard","meta":{"footnotes":""},"categories":[17],"tags":[],"class_list":["post-11725811","post","type-post","status-publish","format-standard","hentry","category-meio-ambiente"],"_links":{"self":[{"href":"https:\/\/www.corumbaonline.com.br\/news\/wp-json\/wp\/v2\/posts\/11725811","targetHints":{"allow":["GET"]}}],"collection":[{"href":"https:\/\/www.corumbaonline.com.br\/news\/wp-json\/wp\/v2\/posts"}],"about":[{"href":"https:\/\/www.corumbaonline.com.br\/news\/wp-json\/wp\/v2\/types\/post"}],"author":[{"embeddable":true,"href":"https:\/\/www.corumbaonline.com.br\/news\/wp-json\/wp\/v2\/users\/6"}],"replies":[{"embeddable":true,"href":"https:\/\/www.corumbaonline.com.br\/news\/wp-json\/wp\/v2\/comments?post=11725811"}],"version-history":[{"count":1,"href":"https:\/\/www.corumbaonline.com.br\/news\/wp-json\/wp\/v2\/posts\/11725811\/revisions"}],"predecessor-version":[{"id":11725812,"href":"https:\/\/www.corumbaonline.com.br\/news\/wp-json\/wp\/v2\/posts\/11725811\/revisions\/11725812"}],"wp:attachment":[{"href":"https:\/\/www.corumbaonline.com.br\/news\/wp-json\/wp\/v2\/media?parent=11725811"}],"wp:term":[{"taxonomy":"category","embeddable":true,"href":"https:\/\/www.corumbaonline.com.br\/news\/wp-json\/wp\/v2\/categories?post=11725811"},{"taxonomy":"post_tag","embeddable":true,"href":"https:\/\/www.corumbaonline.com.br\/news\/wp-json\/wp\/v2\/tags?post=11725811"}],"curies":[{"name":"wp","href":"https:\/\/api.w.org\/{rel}","templated":true}]}}