{"id":11725828,"date":"2022-06-16T09:43:00","date_gmt":"2022-06-16T13:43:00","guid":{"rendered":"http:\/\/www.corumbaonline.com.br\/news\/?p=11725828"},"modified":"2022-06-16T09:49:07","modified_gmt":"2022-06-16T13:49:07","slug":"ifms-abre-150-vagas-para-cursos-de-especializacao-gratuitos","status":"publish","type":"post","link":"https:\/\/www.corumbaonline.com.br\/news\/ifms-abre-150-vagas-para-cursos-de-especializacao-gratuitos\/","title":{"rendered":"IFMS abre 150 vagas para cursos de especializa\u00e7\u00e3o gratuitos"},"content":{"rendered":"<p>O Instituto Federal de Mato Grosso do Sul (IFMS) est\u00e1 com tr\u00eas processos seletivos para ingresso em cursos de p\u00f3s-gradua\u00e7\u00e3o<em>\u00a0lato sensu<\/em>\u00a0gratuitos\u00a0no segundo semestre letivo.<\/p>\n<p>Pelo\u00a0<a title=\"Edital n\u00ba 044\/2022 s\u00e3o ofertadas 70 vagas na Especializa\u00e7\u00e3o em Doc\u00eancia para Educa\u00e7\u00e3o Profissional, Cient\u00edfica e Tecnol\u00f3gica\" href=\"http:\/\/www.ifms.edu.br:9000\/lists\/lt.php?tid=KxlXBgRcVlQBVEsCVlVUTlBdV1ROWFxbBRtcUAMFBwYHVA0KUQ8fVgUDUgVUAFxOV1EAAU4NWV0GG1pUV1VPBwcAAwdVD1ZSBlVeH1ICAwYCUlcDTghaXAYbDFZQBk8JVlZUH1AKVgBWAgNWVAIABw\" target=\"_blank\" rel=\"noopener noreferrer\">Edital n\u00ba 044\/2022<\/a>\u00a0s\u00e3o ofertadas 70 vagas na\u00a0Especializa\u00e7\u00e3o\u00a0em Doc\u00eancia para Educa\u00e7\u00e3o Profissional, Cient\u00edfica e Tecnol\u00f3gica, sendo 30 em Aquidauana e 40 em Corumb\u00e1.\u00a0Outras 40 vagas s\u00e3o oferecidas para o mesmo curso em Campo Grande, cuja sele\u00e7\u00e3o \u00e9 regida pelo\u00a0<a title=\"40 vagas s\u00e3o oferecidas para este curso em Campo Grande, cuja sele\u00e7\u00e3o \u00e9 regida pelo Edital n\u00ba 045\/202\" href=\"http:\/\/www.ifms.edu.br:9000\/lists\/lt.php?tid=KxkHVAANUFFQUEtWDwcETlAGBwdOAAlbARsMXlZXBgRTUAADVAwfVgUDUgVUAFxOV1EAAU4NWV0GG1pUV1VPBwcAAwdVD1ZSBlVeH1ICAwYCUlcDTghaXAYbDFZQBk8JVlZUH1AKVgBWAgNWVAIABw\" target=\"_blank\" rel=\"noopener noreferrer\">Edital n\u00ba 045\/2022<\/a>.<\/p>\n<p>J\u00e1 o\u00a0<a title=\"Edital n\u00ba 043\/2022 oferece 40 vagas na Especializa\u00e7\u00e3o em Inform\u00e1tica Aplicada \u00e0 Educa\u00e7\u00e3o\" href=\"http:\/\/www.ifms.edu.br:9000\/lists\/lt.php?tid=KxlQClZZUAQHUUsBA1BUTlBQCwROWwABBxsNVQUFB1QGAVNTAw8fVgUDUgVUAFxOV1EAAU4NWV0GG1pUV1VPBwcAAwdVD1ZSBlVeH1ICAwYCUlcDTghaXAYbDFZQBk8JVlZUH1AKVgBWAgNWVAIABw\" target=\"_blank\" rel=\"noopener noreferrer\">Edital n\u00ba 043\/2022<\/a>\u00a0oferece 40 vagas na Especializa\u00e7\u00e3o\u00a0em Inform\u00e1tica Aplicada \u00e0 Educa\u00e7\u00e3o, em Corumb\u00e1.<\/p>\n<p>As inscri\u00e7\u00f5es s\u00e3o gratuitas e devem ser feitas a partir desta quinta-feira, 16. O prazo segue at\u00e9 3 de julho.<\/p>\n<p>Os interessados devem se inscrever na\u00a0<a title=\"P\u00e1gina do Candidato\" href=\"http:\/\/www.ifms.edu.br:9000\/lists\/lt.php?tid=KxkNV11cVgJQA0tTUwJdTlAHAgNOAFwIVBsMVwQFUwABU1cHA10fVgUDUgVUAFxOV1EAAU4NWV0GG1pUV1VPBwcAAwdVD1ZSBlVeH1ICAwYCUlcDTghaXAYbDFZQBk8JVlZUH1AKVgBWAgNWVAIABw\" target=\"_blank\" rel=\"noopener noreferrer\">P\u00e1gina do Candidato<\/a>\u00a0da Central de Sele\u00e7\u00e3o do IFMS,\u00a0<a title=\"onde est\u00e3o publicados os editais de abertura dos processos seletivos\" href=\"http:\/\/www.ifms.edu.br:9000\/lists\/lt.php?tid=KxkFC1ABWwQFVEtaAwVWTlABUANOAF5eUxsMVVQKAwkBBwcLUAwfVgUDUgVUAFxOV1EAAU4NWV0GG1pUV1VPBwcAAwdVD1ZSBlVeH1ICAwYCUlcDTghaXAYbDFZQBk8JVlZUH1AKVgBWAgNWVAIABw\" target=\"_blank\" rel=\"noopener noreferrer\">onde est\u00e3o publicados os editais de abertura dos processos seletivos<\/a>.<\/p>\n<p><b>Sele\u00e7\u00e3o<\/b>\u00a0&#8211; Ser\u00e1 feita por sorteio eletr\u00f4nico, previsto para ser realizado at\u00e9 19 de julho. O resultado preliminar ser\u00e1 divulgado no dia seguinte.<\/p>\n<p>O resultado final e a convoca\u00e7\u00e3o em primeira chamada para matr\u00edculas ser\u00e3o publicados at\u00e9 25 de julho. O in\u00edcio das aulas est\u00e1 previsto para agosto.<\/p>\n<p><b>Doc\u00eancia para Educa\u00e7\u00e3o Profissional, Cient\u00edfica e Tecnol\u00f3gica<\/b>\u00a0&#8211; Metade vagas ofertadas para as turmas em Aquidauana e Corumb\u00e1 \u00e9 destinada a servidores do IFMS, e os outros 50% para o p\u00fablico em geral.<\/p>\n<p>J\u00e1 em Campo Grande, h\u00e1 vagas espec\u00edficas para servidores do Instituto Federal (15 vagas) e para professores da Rede Municipal de Ensino (10), al\u00e9m do p\u00fablico em geral (15).<\/p>\n<p>O curso dever\u00e1 ser conclu\u00eddo no prazo de 18 a 24 meses, em regime modular e com carga hor\u00e1ria de 360 horas, acrescidas de 60 horas para o Trabalho de Conclus\u00e3o de Curso (TCC).<\/p>\n<p>Os m\u00f3dulos ser\u00e3o ofertados de forma presencial, mas algumas disciplinas poder\u00e3o ser desenvolvidas a dist\u00e2ncia.<\/p>\n<p>Em Campo Grande, as aulas ser\u00e3o \u00e0s ter\u00e7as e quintas-feiras, das 19 \u00e0s 22 horas. J\u00e1 em Corumb\u00e1, ser\u00e3o \u00e0s quartas e quintas-feiras, das 18 \u00e0s 23 horas.\u00a0Em Aquidauana, as aulas ser\u00e3o nas ter\u00e7as e quartas-feiras, das 18h50 \u00e0s 22h45.<\/p>\n<p><b>Inform\u00e1tica Aplicada \u00e0 Educa\u00e7\u00e3o<\/b>\u00a0&#8211; O curso tem dura\u00e7\u00e3o de 18 meses, com carga hor\u00e1ria de 360 horas, acrescidas de 60 horas para o desenvolvimento do TCC. As aulas ser\u00e3o \u00e0s segundas e ter\u00e7as-feiras, no per\u00edodo noturno.<\/p>\n<p>As vagas s\u00e3o destinadas ao p\u00fablico em geral. O interessado deve ter diploma de curso superior em qualquer \u00e1rea.<\/p>\n<p>Mais informa\u00e7\u00f5es podem ser acessadas na\u00a0<a title=\"p\u00e1gina dos Cursos de P\u00f3s-gradua\u00e7\u00e3o do IFMS\" href=\"http:\/\/www.ifms.edu.br:9000\/lists\/lt.php?tid=KxlQCl1aUgkGB0sFA1RRTlBcUANOAQ8JVRtaVgULAVJSAQUDU10fVgUDUgVUAFxOV1EAAU4NWV0GG1pUV1VPBwcAAwdVD1ZSBlVeH1ICAwYCUlcDTghaXAYbDFZQBk8JVlZUH1AKVgBWAgNWVAIABw\" target=\"_blank\" rel=\"noopener noreferrer\">p\u00e1gina dos Cursos de P\u00f3s-gradua\u00e7\u00e3o do IFMS<\/a>.<\/p>\n<p><strong>Vagas ofertadas<\/strong><\/p>\n<table border=\"1\" width=\"90%\" cellspacing=\"0\" cellpadding=\"0\">\n<tbody>\n<tr>\n<td>\n<p align=\"center\"><strong>Curso<\/strong><\/p>\n<\/td>\n<td>\n<p align=\"center\"><strong>Campus<\/strong><\/p>\n<\/td>\n<td>\n<p align=\"center\"><strong>Vagas<\/strong><\/p>\n<\/td>\n<td>\n<p align=\"center\"><strong>Dias e hor\u00e1rios das aulas<\/strong><\/p>\n<\/td>\n<td>\n<p align=\"center\"><strong>Atendimento<\/strong><\/p>\n<\/td>\n<\/tr>\n<tr>\n<td rowspan=\"3\">Doc\u00eancia para Educa\u00e7\u00e3o Profissional, Cient\u00edfica e Tecnol\u00f3gica<\/td>\n<td>Aquidauana<\/td>\n<td>30<\/td>\n<td>Ter\u00e7as e Quartas-feiras, das 18h50 \u00e0s 22h45<\/td>\n<td><a title=\"cerel.aq@ifms.edu.br\" href=\"mailto:cerel.aq@ifms.edu.br\" rel=\"noreferrer\">cerel.aq@ifms.edu.br<\/a><\/td>\n<\/tr>\n<tr>\n<td>Corumb\u00e1<\/td>\n<td>40<\/td>\n<td>Quartas e Quintas-feiras, das 18h \u00e0s 23h<\/td>\n<td><a title=\"cerel.cb@ifms.edu.br\" href=\"mailto:cerel.cb@ifms.edu.br\" rel=\"noreferrer\">cerel.cb@ifms.edu.br<\/a><\/td>\n<\/tr>\n<tr>\n<td>Campo Grande<\/td>\n<td>40<\/td>\n<td>Ter\u00e7as e quintas-feiras, das 19h \u00e0s 22h<\/td>\n<td><a title=\"cerel.cg@ifms.edu.br\" href=\"mailto:cerel.cg@ifms.edu.br\" rel=\"noreferrer\">cerel.cg@ifms.edu.br<\/a><\/td>\n<\/tr>\n<tr>\n<td>Inform\u00e1tica Aplicada \u00e0 Educa\u00e7\u00e3o<\/td>\n<td>Corumb\u00e1<\/td>\n<td>40<\/td>\n<td>Segundas e ter\u00e7as-feira, no per\u00edodo noturno<\/td>\n<td><a title=\"cerel.cb@ifms.edu.br\" href=\"mailto:cerel.cb@ifms.edu.br\" rel=\"noreferrer\">cerel.cb@ifms.edu.br<\/a><\/td>\n<\/tr>\n<\/tbody>\n<\/table>\n<p><em>Texto originalmente publicado em:\u00a0https:\/\/www.ifms.edu.br\/noticias\/2022\/abertas-150-vagas-para-dois-cursos-de-especializacao.<\/em><\/p>\n","protected":false},"excerpt":{"rendered":"<p>O Instituto Federal de Mato Grosso do Sul (IFMS) est\u00e1 com tr\u00eas processos seletivos para&#8230;<\/p>\n","protected":false},"author":6,"featured_media":0,"comment_status":"closed","ping_status":"closed","sticky":false,"template":"","format":"standard","meta":{"footnotes":""},"categories":[10],"tags":[],"class_list":["post-11725828","post","type-post","status-publish","format-standard","hentry","category-educacao"],"_links":{"self":[{"href":"https:\/\/www.corumbaonline.com.br\/news\/wp-json\/wp\/v2\/posts\/11725828","targetHints":{"allow":["GET"]}}],"collection":[{"href":"https:\/\/www.corumbaonline.com.br\/news\/wp-json\/wp\/v2\/posts"}],"about":[{"href":"https:\/\/www.corumbaonline.com.br\/news\/wp-json\/wp\/v2\/types\/post"}],"author":[{"embeddable":true,"href":"https:\/\/www.corumbaonline.com.br\/news\/wp-json\/wp\/v2\/users\/6"}],"replies":[{"embeddable":true,"href":"https:\/\/www.corumbaonline.com.br\/news\/wp-json\/wp\/v2\/comments?post=11725828"}],"version-history":[{"count":2,"href":"https:\/\/www.corumbaonline.com.br\/news\/wp-json\/wp\/v2\/posts\/11725828\/revisions"}],"predecessor-version":[{"id":11725832,"href":"https:\/\/www.corumbaonline.com.br\/news\/wp-json\/wp\/v2\/posts\/11725828\/revisions\/11725832"}],"wp:attachment":[{"href":"https:\/\/www.corumbaonline.com.br\/news\/wp-json\/wp\/v2\/media?parent=11725828"}],"wp:term":[{"taxonomy":"category","embeddable":true,"href":"https:\/\/www.corumbaonline.com.br\/news\/wp-json\/wp\/v2\/categories?post=11725828"},{"taxonomy":"post_tag","embeddable":true,"href":"https:\/\/www.corumbaonline.com.br\/news\/wp-json\/wp\/v2\/tags?post=11725828"}],"curies":[{"name":"wp","href":"https:\/\/api.w.org\/{rel}","templated":true}]}}