{"id":11725885,"date":"2022-06-18T09:12:00","date_gmt":"2022-06-18T13:12:00","guid":{"rendered":"http:\/\/www.corumbaonline.com.br\/news\/?p=11725885"},"modified":"2022-06-18T09:06:15","modified_gmt":"2022-06-18T13:06:15","slug":"moinho-cultural-participa-de-intercambio-promovido-pelo-programa-missao-em-foco-2","status":"publish","type":"post","link":"https:\/\/www.corumbaonline.com.br\/news\/moinho-cultural-participa-de-intercambio-promovido-pelo-programa-missao-em-foco-2\/","title":{"rendered":"Moinho Cultural participa de interc\u00e2mbio promovido pelo programa Miss\u00e3o em Foco"},"content":{"rendered":"<p class=\"x_MsoNormal\">O Instituto Moinho Cultural Sul-Americano recebe neste m\u00eas de junho quatro organiza\u00e7\u00f5es de diferentes contextos e realidades que participam do programa Miss\u00e3o em Foco, Ita\u00fa Social, para trocar conhecimentos, pr\u00e1ticas, metodologias e viv\u00eancias.<\/p>\n<p class=\"x_MsoNormal\">\n<p class=\"x_MsoNormal\">O Moinho abre as portas para mostrar as pr\u00e1ticas que t\u00eam adotado e aprimorado nos \u00faltimos 18 anos. Nesta semana, a organiza\u00e7\u00e3o recebida foi de Mato Grosso, do munic\u00edpio de Campo Verde, Instituto Germinando Sons.<\/p>\n<p class=\"x_MsoNormal\">\n<p class=\"x_MsoNormal\">Da organiza\u00e7\u00e3o, participaram da visita Andr\u00e9 R\u00e9gis (diretor-executivo e maestro), Bruno Parreira (coordenador geral e professor), Wender P\u00e9ricles (coordenador art\u00edstico, auxiliar pedag\u00f3gico e professor de m\u00fasica), Jair Moraes (coordenador pedag\u00f3gico e professor de m\u00fasica) e Weslley (financeiro e administrativo)<\/p>\n<p class=\"x_MsoNormal\">\n<p class=\"x_MsoNormal\">Para o diretor-executivo do Instituto Germinando Sons, a visita foi produtiva e as expectativas foram alcan\u00e7adas. &#8220;Estava esperando desta visita, realmente, conhecer os processos institucionais, tanto da parte de gest\u00e3o como um todo, a parte da comunica\u00e7\u00e3o e a l\u00f3gica principal da parte pedag\u00f3gica para conhecer os processos educacionais do Moinho Cultural e tivemos uma surpresa. Ficamos surpresos com o funcionamento da institui\u00e7\u00e3o, em que a crian\u00e7a vai no contraturno e fica todo o per\u00edodo.<\/p>\n<p class=\"x_MsoNormal\">\n<p class=\"x_MsoNormal\">Nos projetos no estado de Mato Grosso, n\u00e3o tem nenhum projeto que fa\u00e7a isso hoje. A crian\u00e7a sempre vai no contraturno, no m\u00e1ximo tr\u00eas vezes por semana, em um hor\u00e1rio e \u00e9 dispensada. Tamb\u00e9m achei incr\u00edvel a parte da rotatividade dos atendidos nos diferentes n\u00facleos&#8221;, contou Andr\u00e9 R\u00e9gis.<\/p>\n<p class=\"x_MsoNormal\">\n<p class=\"x_MsoNormal\">A troca, segundo R\u00e9gis, foi muito produtiva e a inten\u00e7\u00e3o \u00e9 manter a comunica\u00e7\u00e3o entre as duas institui\u00e7\u00f5es. &#8220;Teve muita conversa sistem\u00e1tica dos processos e isso foi muito bom. Tivemos contato com todos da institui\u00e7\u00e3o. Aprendemos muito com o Moinho Cultural e gostar\u00edamos de manter esse contato&#8221;, assegurou.<\/p>\n<p class=\"x_MsoNormal\">\n<p class=\"x_MsoNormal\">De acordo com o consultor de desenvolvimento institucional do Miss\u00e3o em Foco, Everaldo Costa, a inten\u00e7\u00e3o \u00e9 promover a troca de experi\u00eancias de forma direcionada. &#8220;O interc\u00e2mbio tem o objetivo de aproximar organiza\u00e7\u00f5es do programa, gerando aprendizados e viv\u00eancias capazes de incentivar pr\u00e1ticas que contribuem para o desenvolvimento institucional. \u00c9 uma das bases do ciclo formativo a partir das trocas de experi\u00eancias de forma alegre e espont\u00e2nea, mas direcionada. Para as organiza\u00e7\u00f5es, as viv\u00eancias e trocas geram novas experi\u00eancias que estimulam as equipes, incentivam mudan\u00e7as e geram aprendizados importantes para o desenvolvimento institucional, de forma aut\u00f4noma e coletiva&#8221;, afirma.<\/p>\n<p class=\"x_MsoNormal\">\n<p class=\"x_MsoNormal\">Entre os dias 18 e 25 de junho, o Moinho Cultural recebe integrantes do Instituto Camar\u00e1 Calunga, de S\u00e3o Paulo. J\u00e1 entre os dias 19 e 24 de junho, os visitantes ser\u00e3o integrantes da Associa\u00e7\u00e3o dos Deficientes F\u00edsicos de Po\u00e7os de Caldas (MG). O Centro Social Carisma tamb\u00e9m visitar\u00e1 a institui\u00e7\u00e3o ainda no m\u00eas de junho, sendo que todos fazem parte do Miss\u00e3o em Foco.<\/p>\n","protected":false},"excerpt":{"rendered":"<p>O Instituto Moinho Cultural Sul-Americano recebe neste m\u00eas de junho quatro organiza\u00e7\u00f5es de diferentes contextos&#8230;<\/p>\n","protected":false},"author":9,"featured_media":0,"comment_status":"closed","ping_status":"closed","sticky":false,"template":"","format":"standard","meta":{"footnotes":""},"categories":[7],"tags":[],"class_list":["post-11725885","post","type-post","status-publish","format-standard","hentry","category-cultura"],"_links":{"self":[{"href":"https:\/\/www.corumbaonline.com.br\/news\/wp-json\/wp\/v2\/posts\/11725885","targetHints":{"allow":["GET"]}}],"collection":[{"href":"https:\/\/www.corumbaonline.com.br\/news\/wp-json\/wp\/v2\/posts"}],"about":[{"href":"https:\/\/www.corumbaonline.com.br\/news\/wp-json\/wp\/v2\/types\/post"}],"author":[{"embeddable":true,"href":"https:\/\/www.corumbaonline.com.br\/news\/wp-json\/wp\/v2\/users\/9"}],"replies":[{"embeddable":true,"href":"https:\/\/www.corumbaonline.com.br\/news\/wp-json\/wp\/v2\/comments?post=11725885"}],"version-history":[{"count":1,"href":"https:\/\/www.corumbaonline.com.br\/news\/wp-json\/wp\/v2\/posts\/11725885\/revisions"}],"predecessor-version":[{"id":11725886,"href":"https:\/\/www.corumbaonline.com.br\/news\/wp-json\/wp\/v2\/posts\/11725885\/revisions\/11725886"}],"wp:attachment":[{"href":"https:\/\/www.corumbaonline.com.br\/news\/wp-json\/wp\/v2\/media?parent=11725885"}],"wp:term":[{"taxonomy":"category","embeddable":true,"href":"https:\/\/www.corumbaonline.com.br\/news\/wp-json\/wp\/v2\/categories?post=11725885"},{"taxonomy":"post_tag","embeddable":true,"href":"https:\/\/www.corumbaonline.com.br\/news\/wp-json\/wp\/v2\/tags?post=11725885"}],"curies":[{"name":"wp","href":"https:\/\/api.w.org\/{rel}","templated":true}]}}