{"id":11725905,"date":"2022-06-22T08:15:00","date_gmt":"2022-06-22T12:15:00","guid":{"rendered":"http:\/\/www.corumbaonline.com.br\/news\/?p=11725905"},"modified":"2022-06-22T08:55:03","modified_gmt":"2022-06-22T12:55:03","slug":"cinco-materias-devem-ser-analisadas-pelos-parlamentares-nesta-quarta","status":"publish","type":"post","link":"https:\/\/www.corumbaonline.com.br\/news\/cinco-materias-devem-ser-analisadas-pelos-parlamentares-nesta-quarta\/","title":{"rendered":"Cinco mat\u00e9rias devem ser analisadas pelos parlamentares nesta quarta"},"content":{"rendered":"<p>Nesta quarta-feira (22), os deputados estaduais da Assembleia Legislativa de Mato Grosso do Sul (ALEMS) devem apreciar cinco mat\u00e9rias durante a Ordem do Dia. A\u00a0vota\u00e7\u00e3o dos projetos acontece a partir do Plen\u00e1rio Deputado J\u00falio Maia e pode ser acompanhada ao vivo nos canais oficiais de comunica\u00e7\u00e3o da Casa de Leis &#8211; canal 9 da Claro\u00a0Net TV,\u00a0TV ALEMS,\u00a0Youtube,\u00a0Facebook,\u00a0R\u00e1dio ALEMS\u00a0e aplicativo Assembleia MS &#8211; (Android\/iOS). A sess\u00e3o plen\u00e1ria mista\u00a0tem in\u00edcio a partir das 9h.<\/p>\n<p>Discuss\u00e3o \u00fanica<\/p>\n<p>Em discuss\u00e3o \u00fanica, est\u00e1 pautado o\u00a0Projeto de Lei 112\/2022, de autoria do deputado Evander Vendramini (PP), que declara de Utilidade P\u00fablica Estadual a Associa\u00e7\u00e3o de Assist\u00eancia Social e Cultural Eben\u00e9zer &#8211; ASSEBEN\u00c9ZER, com sede e foro no munic\u00edpio de S\u00e3o Gabriel do Oeste. A mat\u00e9ria recebeu parecer favor\u00e1vel da Comiss\u00e3o de Constitui\u00e7\u00e3o, Justi\u00e7a e Reda\u00e7\u00e3o (CCJR).<\/p>\n<p>2\u00aa Discuss\u00e3o<\/p>\n<p>Em segunda discuss\u00e3o, deve ser analisado o\u00a0Projeto de Lei Complementar 4\/2022,\u00a0de autoria do Minist\u00e9rio P\u00fablico Estadual, que altera a\u00a0Lei Complementar Estadual 72, de 18 de janeiro de 1994.\u00a0O objetivo da mudan\u00e7a na norma estadual \u00e9 ajustar a Lei Org\u00e2nica do Minist\u00e9rio P\u00fablico, tornando-a equivalente aos direitos concedidos na norma federal.<\/p>\n<p>1\u00aa Discuss\u00e3o<\/p>\n<p>Tr\u00eas projetos est\u00e3o previstos para an\u00e1lise em primeira discuss\u00e3o. De autoria do Poder Executivo, est\u00e1 na pauta da ALEMS o\u00a0Projeto de Lei Complementar 5\/2022,\u00a0que acrescenta e altera a reda\u00e7\u00e3o de dispositivos da\u00a0Lei Complementar 127, de 15 de maio de 2008, nos termos que especifica.\u00a0Entre os objetivos da mat\u00e9ria est\u00e3o a inser\u00e7\u00e3o de nomenclatura e quantitativos de fun\u00e7\u00f5es da Pol\u00edcia Militar de Mato Grosso do Sul (PMMS) e do Corpo de Bombeiros Militar de MS (CBMMS).<\/p>\n<p>Tamb\u00e9m em 1\u00aa discuss\u00e3o deve ser apreciado o\u00a0Projeto de Lei 40\/2021, de autoria do deputado Mar\u00e7al Filho (PP), que disp\u00f5e sobre os direitos no atendimento \u00e0s mulheres que sofram perda gestacional e neonatal, nas unidades de sa\u00fade do Estado de Mato Grosso do Sul. A mat\u00e9ria recebeu parecer favor\u00e1vel da CCJR \u00e0 emenda substitutiva integral.<\/p>\n<p>Por fim, ainda em primeira discuss\u00e3o, est\u00e1 pautado o\u00a0Projeto de Lei 108\/2022, de autoria do deputado Evander Vendramini, que altera a reda\u00e7\u00e3o da ementa e de dispositivos da\u00a0Lei Estadual 4.538, de 03 de junho de 2014.\u00a0A mat\u00e9ria, que\u00a0tem o objetivo de incluir na proibi\u00e7\u00e3o da\u00a0utiliza\u00e7\u00e3o de animais para desenvolvimento, experimento e teste de produtos cosm\u00e9ticos, de higiene pessoal, e perfumes, os\u00a0produtos de limpeza e\u00a0seus componentes, recebeu parecer favor\u00e1vel da CCJR.<\/p>\n","protected":false},"excerpt":{"rendered":"<p>Nesta quarta-feira (22), os deputados estaduais da Assembleia Legislativa de Mato Grosso do Sul (ALEMS)&#8230;<\/p>\n","protected":false},"author":12,"featured_media":0,"comment_status":"closed","ping_status":"closed","sticky":false,"template":"","format":"standard","meta":{"footnotes":""},"categories":[19],"tags":[],"class_list":["post-11725905","post","type-post","status-publish","format-standard","hentry","category-politica"],"_links":{"self":[{"href":"https:\/\/www.corumbaonline.com.br\/news\/wp-json\/wp\/v2\/posts\/11725905","targetHints":{"allow":["GET"]}}],"collection":[{"href":"https:\/\/www.corumbaonline.com.br\/news\/wp-json\/wp\/v2\/posts"}],"about":[{"href":"https:\/\/www.corumbaonline.com.br\/news\/wp-json\/wp\/v2\/types\/post"}],"author":[{"embeddable":true,"href":"https:\/\/www.corumbaonline.com.br\/news\/wp-json\/wp\/v2\/users\/12"}],"replies":[{"embeddable":true,"href":"https:\/\/www.corumbaonline.com.br\/news\/wp-json\/wp\/v2\/comments?post=11725905"}],"version-history":[{"count":1,"href":"https:\/\/www.corumbaonline.com.br\/news\/wp-json\/wp\/v2\/posts\/11725905\/revisions"}],"predecessor-version":[{"id":11725906,"href":"https:\/\/www.corumbaonline.com.br\/news\/wp-json\/wp\/v2\/posts\/11725905\/revisions\/11725906"}],"wp:attachment":[{"href":"https:\/\/www.corumbaonline.com.br\/news\/wp-json\/wp\/v2\/media?parent=11725905"}],"wp:term":[{"taxonomy":"category","embeddable":true,"href":"https:\/\/www.corumbaonline.com.br\/news\/wp-json\/wp\/v2\/categories?post=11725905"},{"taxonomy":"post_tag","embeddable":true,"href":"https:\/\/www.corumbaonline.com.br\/news\/wp-json\/wp\/v2\/tags?post=11725905"}],"curies":[{"name":"wp","href":"https:\/\/api.w.org\/{rel}","templated":true}]}}