{"id":11725913,"date":"2022-06-22T08:59:00","date_gmt":"2022-06-22T12:59:00","guid":{"rendered":"http:\/\/www.corumbaonline.com.br\/news\/?p=11725913"},"modified":"2022-06-22T12:55:40","modified_gmt":"2022-06-22T16:55:40","slug":"inscricoes-para-cursos-de-especializacao-do-ifms-seguem-ate-julho","status":"publish","type":"post","link":"https:\/\/www.corumbaonline.com.br\/news\/inscricoes-para-cursos-de-especializacao-do-ifms-seguem-ate-julho\/","title":{"rendered":"Inscri\u00e7\u00f5es para cursos de especializa\u00e7\u00e3o do IFMS seguem at\u00e9 julho"},"content":{"rendered":"<p dir=\"ltr\">O Instituto Federal de Mato Grosso do Sul (IFMS) segue com inscri\u00e7\u00f5es abertas at\u00e9 3 de julho no processo seletivo para ingresso em cursos de p\u00f3s-gradua\u00e7\u00e3o\u00a0<em>lato sensu<\/em>, com vagas em tr\u00eas munic\u00edpios.<\/p>\n<p dir=\"ltr\">Pelo\u00a0<a title=\"Edital n\u00ba 044\/2022\" href=\"http:\/\/www.ifms.edu.br:9000\/lists\/lt.php?tid=KxlXBgRcVlQBVEsCVlVUTlBdV1ROWFxbBRtcUAMFBwYHVA0KUQ8fUgICB1cDA11OUVdTB04NCgEHGwEAVgFPAQdWBANQCgcBVgRTH1ICAwYCUlcDTghaXAYbDFZQBk8JVlZUH1AKVgBWAgNWVAIABw\" target=\"_blank\" rel=\"noopener noreferrer\">Edital n\u00ba 044\/2022<\/a>\u00a0s\u00e3o ofertadas 70 vagas na Especializa\u00e7\u00e3o em Doc\u00eancia para Educa\u00e7\u00e3o Profissional, Cient\u00edfica e Tecnol\u00f3gica, sendo 30 em Aquidauana e 40 em Corumb\u00e1. Outras 40 vagas est\u00e3o abertas para o mesmo curso em Campo Grande, cuja sele\u00e7\u00e3o \u00e9 regida pelo\u00a0<a title=\"Edital n\u00ba 045\/2022\" href=\"http:\/\/www.ifms.edu.br:9000\/lists\/lt.php?tid=KxkHVAANUFFQUEtWDwcETlAGBwdOAAlbARsMXlZXBgRTUAADVAwfUgICB1cDA11OUVdTB04NCgEHGwEAVgFPAQdWBANQCgcBVgRTH1ICAwYCUlcDTghaXAYbDFZQBk8JVlZUH1AKVgBWAgNWVAIABw\" target=\"_blank\" rel=\"noopener noreferrer\">Edital n\u00ba 045\/2022<\/a>.<\/p>\n<p dir=\"ltr\">J\u00e1 o\u00a0<a title=\"Edital n\u00ba 043\/2022\" href=\"http:\/\/www.ifms.edu.br:9000\/lists\/lt.php?tid=KxlQClZZUAQHUUsBA1BUTlBQCwROWwABBxsNVQUFB1QGAVNTAw8fUgICB1cDA11OUVdTB04NCgEHGwEAVgFPAQdWBANQCgcBVgRTH1ICAwYCUlcDTghaXAYbDFZQBk8JVlZUH1AKVgBWAgNWVAIABw\" target=\"_blank\" rel=\"noopener noreferrer\">Edital n\u00ba 043\/2022<\/a>\u00a0oferece 40 vagas na Especializa\u00e7\u00e3o em Inform\u00e1tica Aplicada \u00e0 Educa\u00e7\u00e3o, em Corumb\u00e1.<\/p>\n<p dir=\"ltr\">Como principal requisito para participar dos certames, os candidatos devem ter diploma de conclus\u00e3o de curso superior em qualquer \u00e1rea.<\/p>\n<p dir=\"ltr\">As inscri\u00e7\u00f5es s\u00e3o gratuitas e devem ser feitas exclusivamente pela\u00a0<a title=\"P\u00e1gina do Candidato\" href=\"http:\/\/www.ifms.edu.br:9000\/lists\/lt.php?tid=KxkNV11cVgJQA0tTUwJdTlAHAgNOAFwIVBsMVwQFUwABU1cHA10fUgICB1cDA11OUVdTB04NCgEHGwEAVgFPAQdWBANQCgcBVgRTH1ICAwYCUlcDTghaXAYbDFZQBk8JVlZUH1AKVgBWAgNWVAIABw\" target=\"_blank\" rel=\"noopener noreferrer\">P\u00e1gina do Candidato<\/a>\u00a0da Central de Sele\u00e7\u00e3o do IFMS.<\/p>\n<p dir=\"ltr\"><strong>Sele\u00e7\u00e3o &#8211;<\/strong>\u00a0Ser\u00e1 feita por sorteio eletr\u00f4nico, previsto para ocorrer em 19 de julho. O resultado preliminar ser\u00e1 divulgado no dia seguinte.<\/p>\n<p dir=\"ltr\">O resultado final e a convoca\u00e7\u00e3o em primeira chamada para matr\u00edculas ser\u00e3o publicados at\u00e9 25 de julho.<\/p>\n<p dir=\"ltr\">O in\u00edcio das aulas est\u00e1 previsto para agosto.<\/p>\n<p dir=\"ltr\"><strong>Doc\u00eancia para Educa\u00e7\u00e3o Profissional, Cient\u00edfica e Tecnol\u00f3gica &#8211;<\/strong>\u00a0Metade das vagas ofertadas para as turmas em Aquidauana e Corumb\u00e1 \u00e9 destinada a servidores do IFMS, e os outros 50% para o p\u00fablico em geral.<\/p>\n<p dir=\"ltr\">J\u00e1 em Campo Grande, h\u00e1 vagas espec\u00edficas para servidores do Instituto Federal (15 vagas) e para professores da Rede Municipal de Ensino (10), al\u00e9m do p\u00fablico em geral (15).<\/p>\n<p dir=\"ltr\">O curso dever\u00e1 ser conclu\u00eddo no prazo de 18 a 24 meses, em regime modular e com carga hor\u00e1ria de 360 horas, acrescidas de 60 horas para o Trabalho de Conclus\u00e3o de Curso (TCC).<\/p>\n<p dir=\"ltr\">Os m\u00f3dulos ser\u00e3o ofertados de forma presencial, mas algumas disciplinas poder\u00e3o ser desenvolvidas a dist\u00e2ncia.<\/p>\n<p dir=\"ltr\">Em Campo Grande, as aulas ser\u00e3o \u00e0s ter\u00e7as e quintas-feiras, das 19 \u00e0s 22 horas. J\u00e1 em Corumb\u00e1, ser\u00e3o \u00e0s quartas e quintas-feiras, das 18 \u00e0s 23 horas. Em Aquidauana, as aulas ser\u00e3o nas ter\u00e7as e quartas-feiras, das 18h50 \u00e0s 22h45.<\/p>\n<p dir=\"ltr\"><strong>Inform\u00e1tica Aplicada \u00e0 Educa\u00e7\u00e3o &#8211;<\/strong>\u00a0O curso tem dura\u00e7\u00e3o de 18 meses, com carga hor\u00e1ria de 360 horas, acrescidas de 60 horas para o desenvolvimento do TCC. As aulas ser\u00e3o \u00e0s segundas e ter\u00e7as-feiras, no per\u00edodo noturno.<\/p>\n<p dir=\"ltr\">As vagas s\u00e3o destinadas ao p\u00fablico em geral.<\/p>\n<p dir=\"ltr\">Mais informa\u00e7\u00f5es podem ser acessadas na\u00a0<a href=\"http:\/\/www.ifms.edu.br:9000\/lists\/lt.php?tid=KxlQCl1aUgkGB0sFA1RRTlBcUANOAQ8JVRtaVgULAVJSAQUDU10fUgICB1cDA11OUVdTB04NCgEHGwEAVgFPAQdWBANQCgcBVgRTH1ICAwYCUlcDTghaXAYbDFZQBk8JVlZUH1AKVgBWAgNWVAIABw\" target=\"_blank\" rel=\"noopener noreferrer\">p\u00e1gina dos Cursos de P\u00f3s-gradua\u00e7\u00e3o do IFMS<\/a>.<\/p>\n<p><strong>Vagas ofertadas<\/strong><\/p>\n<table border=\"1\">\n<tbody>\n<tr>\n<td width=\"142\"><strong>Curso<\/strong><\/td>\n<td width=\"142\"><strong>Campus<\/strong><\/td>\n<td width=\"100\"><strong>Vagas<\/strong><\/td>\n<td width=\"142\"><strong>Dias e hor\u00e1rios das aulas<\/strong><\/td>\n<td width=\"182\"><strong>Atendimento<\/strong><\/td>\n<\/tr>\n<tr>\n<td rowspan=\"3\" width=\"142\">Doc\u00eancia para Educa\u00e7\u00e3o Profissional, Cient\u00edfica e Tecnol\u00f3gica<\/td>\n<td width=\"142\">Aquidauana<\/td>\n<td width=\"100\">30<\/td>\n<td width=\"142\">Ter\u00e7as e quartas-feiras, das 18h50 \u00e0s 22h45<\/td>\n<td width=\"182\"><a title=\"cerel.aq@ifms.edu.br\" href=\"mailto:cerel.aq@ifms.edu.br\" rel=\"noreferrer\">cerel.aq@ifms.edu.br<\/a><\/td>\n<\/tr>\n<tr>\n<td width=\"142\">Corumb\u00e1<\/td>\n<td width=\"100\">40<\/td>\n<td width=\"142\">Quartas e quintas-feiras, das 18h \u00e0s 23h<\/td>\n<td width=\"182\"><a title=\"cerel.cb@ifms.edu.br\" href=\"mailto:cerel.cb@ifms.edu.br\" rel=\"noreferrer\">cerel.cb@ifms.edu.br<\/a><\/td>\n<\/tr>\n<tr>\n<td width=\"142\">Campo Grande<\/td>\n<td width=\"100\">40<\/td>\n<td width=\"142\">Ter\u00e7as e quintas-feiras, das 19h \u00e0s 22h<\/td>\n<td width=\"182\"><a title=\"cerel.cg@ifms.edu.br\" href=\"mailto:cerel.cg@ifms.edu.br\" rel=\"noreferrer\">cerel.cg@ifms.edu.br<\/a><\/td>\n<\/tr>\n<tr>\n<td width=\"142\">Inform\u00e1tica Aplicada \u00e0 Educa\u00e7\u00e3o<\/td>\n<td width=\"142\">Corumb\u00e1<\/td>\n<td width=\"100\">40<\/td>\n<td width=\"142\">Segundas e ter\u00e7as-feiras, no per\u00edodo noturno<\/td>\n<td width=\"182\"><a title=\"cerel.cb@ifms.edu.br\" href=\"mailto:cerel.cb@ifms.edu.br\" rel=\"noreferrer\">cerel.cb@ifms.edu.br<\/a><\/td>\n<\/tr>\n<\/tbody>\n<\/table>\n","protected":false},"excerpt":{"rendered":"<p>O Instituto Federal de Mato Grosso do Sul (IFMS) segue com inscri\u00e7\u00f5es abertas at\u00e9 3&#8230;<\/p>\n","protected":false},"author":9,"featured_media":0,"comment_status":"closed","ping_status":"closed","sticky":false,"template":"","format":"standard","meta":{"footnotes":""},"categories":[10],"tags":[],"class_list":["post-11725913","post","type-post","status-publish","format-standard","hentry","category-educacao"],"_links":{"self":[{"href":"https:\/\/www.corumbaonline.com.br\/news\/wp-json\/wp\/v2\/posts\/11725913","targetHints":{"allow":["GET"]}}],"collection":[{"href":"https:\/\/www.corumbaonline.com.br\/news\/wp-json\/wp\/v2\/posts"}],"about":[{"href":"https:\/\/www.corumbaonline.com.br\/news\/wp-json\/wp\/v2\/types\/post"}],"author":[{"embeddable":true,"href":"https:\/\/www.corumbaonline.com.br\/news\/wp-json\/wp\/v2\/users\/9"}],"replies":[{"embeddable":true,"href":"https:\/\/www.corumbaonline.com.br\/news\/wp-json\/wp\/v2\/comments?post=11725913"}],"version-history":[{"count":1,"href":"https:\/\/www.corumbaonline.com.br\/news\/wp-json\/wp\/v2\/posts\/11725913\/revisions"}],"predecessor-version":[{"id":11725914,"href":"https:\/\/www.corumbaonline.com.br\/news\/wp-json\/wp\/v2\/posts\/11725913\/revisions\/11725914"}],"wp:attachment":[{"href":"https:\/\/www.corumbaonline.com.br\/news\/wp-json\/wp\/v2\/media?parent=11725913"}],"wp:term":[{"taxonomy":"category","embeddable":true,"href":"https:\/\/www.corumbaonline.com.br\/news\/wp-json\/wp\/v2\/categories?post=11725913"},{"taxonomy":"post_tag","embeddable":true,"href":"https:\/\/www.corumbaonline.com.br\/news\/wp-json\/wp\/v2\/tags?post=11725913"}],"curies":[{"name":"wp","href":"https:\/\/api.w.org\/{rel}","templated":true}]}}