{"id":11726006,"date":"2022-06-25T11:08:44","date_gmt":"2022-06-25T15:08:44","guid":{"rendered":"http:\/\/www.corumbaonline.com.br\/news\/?p=11726006"},"modified":"2023-05-05T10:01:11","modified_gmt":"2023-05-05T14:01:11","slug":"indigenas-deixam-fazenda-apos-conflito-que-teve-morto-e-feridos-e-poem-fim-a-tensao-no-sul-de-ms%ef%bf%bc","status":"publish","type":"post","link":"https:\/\/www.corumbaonline.com.br\/news\/indigenas-deixam-fazenda-apos-conflito-que-teve-morto-e-feridos-e-poem-fim-a-tensao-no-sul-de-ms%ef%bf%bc\/","title":{"rendered":"Ind\u00edgenas deixam fazenda ap\u00f3s conflito que teve morto e feridos e p\u00f5em fim \u00e0 tens\u00e3o no sul de MS"},"content":{"rendered":"<p>Ap\u00f3s conflitos que\u00a0<a href=\"https:\/\/midiamax.uol.com.br\/policia\/2022\/conflito-em-ocupacao-resultou-em-adolescentes-atingidos-no-abdomen-policiais-baleados-e-indigena-morto\/\" target=\"_blank\" rel=\"noreferrer noopener\">acabaram com ind\u00edgenas e policiais feridos<\/a>, al\u00e9m da morte do ind\u00edgena Vito Fernandes, de 42 anos, o clima amanheceu tranquilo neste s\u00e1bado (25) na Fazenda Borda da Mata em Amambai, a 352 quil\u00f4metros de Campo Grande. A informa\u00e7\u00e3o \u00e9 de que os ind\u00edgenas deixaram o local ainda na sexta-feira (24).<\/p>\n<p>Conforme as primeiras informa\u00e7\u00f5es apuradas pelo\u00a0<strong>Midiamax<\/strong>, as equipes da Pol\u00edcia Militar continuam na \u00e1rea da propriedade rural, mas o clima \u00e9 tranquilo, sem registro de novos confrontos. Segundo o secret\u00e1rio da\u00a0<a href=\"https:\/\/www.sejusp.ms.gov.br\/\" target=\"_blank\" rel=\"noreferrer noopener\">Sejusp<\/a>\u00a0(Secretaria de Estado de Justi\u00e7a e Seguran\u00e7a P\u00fablica), Ant\u00f4nio Carlos Videira, os ind\u00edgenas deixaram a fazenda ainda na sexta.<\/p>\n<p>J\u00e1 neste s\u00e1bado, Per\u00edcia e\u00a0<a class=\"st_tag internal_tag \" title=\"not\u00edcias sobre Pol\u00edcia Civil\" href=\"https:\/\/midiamax.uol.com.br\/tag\/policia-civil\/\" rel=\"tag\">Pol\u00edcia Civil<\/a>\u00a0de Amambai trabalham na fazenda, apurando se houve danos ou mesmo furtos e roubos no local. Tamb\u00e9m de acordo com o secret\u00e1rio, ser\u00e1 feita per\u00edcia na aeronave da Casa Militar, que foi atingida por dois disparos de arma de fogo enquanto sobrevoava a regi\u00e3o.<\/p>\n<p>O helic\u00f3ptero retornou para Campo Grande na noite de sexta-feira e pousou no Aeroporto de Santa Maria, com os tr\u00eas policiais militares do Choque que ficaram feridos.<\/p>\n<h3>Feridos em confronto<\/h3>\n<p>Al\u00e9m da\u00a0<a href=\"https:\/\/midiamax.uol.com.br\/policia\/2022\/identificada-vitima-de-confronto-entre-policiais-e-indigenas-em-fazenda-de-mato-grosso-do-sul\/\" target=\"_blank\" rel=\"noreferrer noopener\">morte de Vito Fernandes e tr\u00eas policiais baleados<\/a>, dois adolescentes ind\u00edgenas, sendo um menino de 13 anos e uma jovem de 14, foram atingidos por disparos de arma de fogo na regi\u00e3o do abd\u00f4men e tiveram exposi\u00e7\u00e3o de v\u00edsceras. Ao todo, s\u00e3o 11 v\u00edtimas, entre elas ind\u00edgenas e policiais militares.<\/p>\n<p>A regi\u00e3o \u00e9 chamada de Guapoy pelos ind\u00edgenas, que afirmam que fizeram uma retomada da \u00e1rea. Logo ap\u00f3s a primeira invas\u00e3o, policiais do Choque foram ao local e o grupo saiu. No entanto, segundo a gerente da fazenda, eles retornaram momentos depois armados, atirando.<\/p>\n<p>Novamente os policiais foram acionados, quando ocorreu o primeiro conflito. O que \u00e9 relatado pelas For\u00e7as de Seguran\u00e7a \u00e9 que h\u00e1 um conflito interno na aldeia, que a princ\u00edpio \u00e9 pac\u00edfica. Os dois jovens ind\u00edgenas foram levados conscientes para atendimento no Hospital Regional de Ponta Por\u00e3, de acordo com o m\u00e9dico ortopedista Edinaldo Luiz de Melo Bandeira, que tamb\u00e9m \u00e9 prefeito de Amambai.<\/p>\n<p>Vito morreu atingido por tr\u00eas disparos no t\u00f3rax e quadril. Al\u00e9m dos adolescentes, uma mulher ind\u00edgena, foi atendida com ferimento no joelho, causado por arma de fogo. Ela foi atendida e liberada.<\/p>\n<p>Outra mulher adulta, ind\u00edgena, foi atendida com um ferimento de corte contuso na cabe\u00e7a e perfura\u00e7\u00e3o de proj\u00e9til de arma de fogo, que transfixou, na regi\u00e3o da coxa. Ela encontra-se internada no Hospital Regional de Ponta Por\u00e3.<\/p>\n<p>Um jovem adulto, tamb\u00e9m ind\u00edgena, foi atendido com fratura em uma das m\u00e3os, tamb\u00e9m causada por tiro. Ele tamb\u00e9m foi atendido e liberado. Outro homem adulto, ind\u00edgena, foi medicado devido a um ferimento de arma de fogo na altura do b\u00edceps e liberado.<\/p>\n<p>Outro adulto homem, ind\u00edgena, sofreu fratura exposta de f\u00eamur, ferimento causado por arma de fogo. Consciente e orientado, foi levado ao Hospital Regional de Ponta Por\u00e3.<\/p>\n<h3>Policiais socorridos<\/h3>\n<p>Tr\u00eas policiais militares foram feridos por disparos de arma de fogo. Todos foram atendidos no Hospital Regional da cidade e nenhum deles corre risco de morte.<\/p>\n<p>Segundo o hospital, um dos policiais foi atingido no quadril e na coxa. Outro policial sofreu ferimento no p\u00e9 e o terceiro na perna. Ap\u00f3s serem atendidos, os tr\u00eas foram trazidos de helic\u00f3ptero para Campo Grande.<\/p>\n<h3>Situa\u00e7\u00e3o est\u00e1 tranquila ap\u00f3s conflitos<\/h3>\n<p>Inicialmente, aproximadamente 100 policiais estiveram no local, entre eles a Pol\u00edcia Federal. De acordo com o Cimi (Conselho Indigenista Mission\u00e1rio), ap\u00f3s a ocupa\u00e7\u00e3o, ind\u00edgenas dos povos Guarani Kaiow\u00e1 foram atacados e expulsos, sem ordem judicial, por fazendeiros e policiais militares do territ\u00f3rio, chamado de Guapoy pelos \u00edndios.<\/p>\n<p>Em coletiva, o secret\u00e1rio Videira disse que entre os ind\u00edgenas tamb\u00e9m h\u00e1 estrangeiros, possivelmente paraguaios. Isso porque eles v\u00eam ao pa\u00eds vizinhos tentar cooptar ind\u00edgenas como m\u00e3o de\u00a0<a class=\"st_tag internal_tag \" title=\"not\u00edcias sobre obra\" href=\"https:\/\/midiamax.uol.com.br\/tag\/obra\/\" rel=\"tag\">obra<\/a>\u00a0barata para a colheita de maconha.<\/p>\n<p>A suspeita \u00e9 de que sejam estes os homens armados que acabaram entrando em confronto com os policiais do Batalh\u00e3o de Choque nesta sexta. A reserva de Amambai \u00e9 a segunda maior do estado de Mato Grosso do Sul em termos populacionais, com aproximadamente 10 mil ind\u00edgenas.<\/p>\n<p>Para os Guarani Kaiow\u00e1, Guapoy \u00e9 parte de um territ\u00f3rio tradicional que lhes foi roubado \u2014 quando houve a subtra\u00e7\u00e3o de parte da reserva de Amambai. Os ind\u00edgenas clamam por aten\u00e7\u00e3o, exigem prote\u00e7\u00e3o \u00e0s suas vidas e seus direitos.<\/p>\n<p>O MPF (Minist\u00e9rio P\u00fablico Federal) informou ainda na sexta que acompanha o caso.<\/p>\n","protected":false},"excerpt":{"rendered":"<p>Ap\u00f3s conflitos que\u00a0acabaram com ind\u00edgenas e policiais feridos, al\u00e9m da morte do ind\u00edgena Vito Fernandes,&#8230;<\/p>\n","protected":false},"author":10,"featured_media":11726007,"comment_status":"closed","ping_status":"closed","sticky":false,"template":"","format":"standard","meta":{"footnotes":""},"categories":[18],"tags":[],"class_list":["post-11726006","post","type-post","status-publish","format-standard","has-post-thumbnail","hentry","category-seguranca"],"_links":{"self":[{"href":"https:\/\/www.corumbaonline.com.br\/news\/wp-json\/wp\/v2\/posts\/11726006","targetHints":{"allow":["GET"]}}],"collection":[{"href":"https:\/\/www.corumbaonline.com.br\/news\/wp-json\/wp\/v2\/posts"}],"about":[{"href":"https:\/\/www.corumbaonline.com.br\/news\/wp-json\/wp\/v2\/types\/post"}],"author":[{"embeddable":true,"href":"https:\/\/www.corumbaonline.com.br\/news\/wp-json\/wp\/v2\/users\/10"}],"replies":[{"embeddable":true,"href":"https:\/\/www.corumbaonline.com.br\/news\/wp-json\/wp\/v2\/comments?post=11726006"}],"version-history":[{"count":2,"href":"https:\/\/www.corumbaonline.com.br\/news\/wp-json\/wp\/v2\/posts\/11726006\/revisions"}],"predecessor-version":[{"id":11733065,"href":"https:\/\/www.corumbaonline.com.br\/news\/wp-json\/wp\/v2\/posts\/11726006\/revisions\/11733065"}],"wp:featuredmedia":[{"embeddable":true,"href":"https:\/\/www.corumbaonline.com.br\/news\/wp-json\/wp\/v2\/media\/11726007"}],"wp:attachment":[{"href":"https:\/\/www.corumbaonline.com.br\/news\/wp-json\/wp\/v2\/media?parent=11726006"}],"wp:term":[{"taxonomy":"category","embeddable":true,"href":"https:\/\/www.corumbaonline.com.br\/news\/wp-json\/wp\/v2\/categories?post=11726006"},{"taxonomy":"post_tag","embeddable":true,"href":"https:\/\/www.corumbaonline.com.br\/news\/wp-json\/wp\/v2\/tags?post=11726006"}],"curies":[{"name":"wp","href":"https:\/\/api.w.org\/{rel}","templated":true}]}}