{"id":11726017,"date":"2022-06-27T08:25:00","date_gmt":"2022-06-27T12:25:00","guid":{"rendered":"http:\/\/www.corumbaonline.com.br\/news\/?p=11726017"},"modified":"2022-06-27T09:03:26","modified_gmt":"2022-06-27T13:03:26","slug":"pre-candidatos-ao-governo-de-ms-comecam-a-semana-com-agendas-em-campo-grande","status":"publish","type":"post","link":"https:\/\/www.corumbaonline.com.br\/news\/pre-candidatos-ao-governo-de-ms-comecam-a-semana-com-agendas-em-campo-grande\/","title":{"rendered":"Pr\u00e9-candidatos ao Governo de MS come\u00e7am a semana com agendas em Campo Grande"},"content":{"rendered":"<p>Pr\u00e9-candidatos ao Governo do\u00a0<a href=\"http:\/\/www.ms.gov.br\/\" target=\"_blank\" rel=\"noreferrer noopener\">Mato Grosso do Sul<\/a>\u00a0cumprem agendas pol\u00edticas em\u00a0<a href=\"https:\/\/www.campogrande.ms.gov.br\/\" target=\"_blank\" rel=\"noreferrer noopener\">Campo Grande<\/a>, nesta segunda-feira (27). As a\u00e7\u00f5es v\u00e3o desde entrevistas a reuni\u00f5es com lideran\u00e7as partid\u00e1rias.<\/p>\n<p>Os nomes citados s\u00e3o de pol\u00edticos anunciados pelas dire\u00e7\u00f5es ou em\u00a0<a class=\"st_tag internal_tag \" title=\"not\u00edcias sobre eventos\" href=\"https:\/\/midiamax.uol.com.br\/tag\/eventos\/\" rel=\"tag\">eventos<\/a>\u00a0como pr\u00e9-candidatos. A confirma\u00e7\u00e3o na disputa das\u00a0<a href=\"https:\/\/midiamax.uol.com.br\/canal\/politica\/\" target=\"_blank\" rel=\"noreferrer noopener\">elei\u00e7\u00f5es<\/a>\u00a02022, no entanto, s\u00f3 acontece entre 20 de julho e 5 de agosto, durante as conven\u00e7\u00f5es partid\u00e1rias. Confira:<\/p>\n<h3><strong>Agenda dos pr\u00e9-candidatos<\/strong><\/h3>\n<p>Andr\u00e9 Puccinelli (MDB) tem reuni\u00f5es com lideran\u00e7as nas regi\u00f5es da Vila Duque de Caxias e Jardim S\u00e3o Conrado, em Campo Grande. J\u00e1 Capit\u00e3o Contar (PRTB) tem agenda interna nesta segunda-feira.<\/p>\n<p>A agenda do pr\u00e9-candidato\u00a0<a class=\"st_tag internal_tag \" title=\"not\u00edcias sobre Eduardo Riedel\" href=\"https:\/\/midiamax.uol.com.br\/tag\/eduardo-riedel\/\" rel=\"tag\">Eduardo Riedel<\/a>\u00a0(PSDB) concede entrevista para uma r\u00e1dio nesta manh\u00e3. Hoje, o tucano tamb\u00e9m vai prestigiar as festividades em comemora\u00e7\u00e3o \u00e0 Padroeira do Estado.<\/p>\n<p>Giselle Marques (PT) n\u00e3o encaminhou agenda at\u00e9 o fechamento desta reportagem. Luhhara Aguelho (PSOL) estar\u00e1 reunida com sindicalistas e lideran\u00e7as Guarani Kaiow\u00e1.<\/p>\n<p>Marquinhos Trad (PSD) cumpre agenda em Campo Grande, onde participa de reuni\u00f5es em diversos bairros e concede entrevistas.<\/p>\n<p>Rose Modesto (Uni\u00e3o Brasil), Tamb\u00e9m come\u00e7a a semana em Campo Grande. A pr\u00e9-candidata se re\u00fane com equipe Legislativa. Ela tamb\u00e9m tem encontros com lideran\u00e7as das regi\u00f5es do Lagoa, Centro e Bandeira.<\/p>\n","protected":false},"excerpt":{"rendered":"<p>Pr\u00e9-candidatos ao Governo do\u00a0Mato Grosso do Sul\u00a0cumprem agendas pol\u00edticas em\u00a0Campo Grande, nesta segunda-feira (27). As&#8230;<\/p>\n","protected":false},"author":10,"featured_media":11726018,"comment_status":"closed","ping_status":"closed","sticky":false,"template":"","format":"standard","meta":{"footnotes":""},"categories":[19],"tags":[],"class_list":["post-11726017","post","type-post","status-publish","format-standard","has-post-thumbnail","hentry","category-politica"],"_links":{"self":[{"href":"https:\/\/www.corumbaonline.com.br\/news\/wp-json\/wp\/v2\/posts\/11726017","targetHints":{"allow":["GET"]}}],"collection":[{"href":"https:\/\/www.corumbaonline.com.br\/news\/wp-json\/wp\/v2\/posts"}],"about":[{"href":"https:\/\/www.corumbaonline.com.br\/news\/wp-json\/wp\/v2\/types\/post"}],"author":[{"embeddable":true,"href":"https:\/\/www.corumbaonline.com.br\/news\/wp-json\/wp\/v2\/users\/10"}],"replies":[{"embeddable":true,"href":"https:\/\/www.corumbaonline.com.br\/news\/wp-json\/wp\/v2\/comments?post=11726017"}],"version-history":[{"count":2,"href":"https:\/\/www.corumbaonline.com.br\/news\/wp-json\/wp\/v2\/posts\/11726017\/revisions"}],"predecessor-version":[{"id":11726021,"href":"https:\/\/www.corumbaonline.com.br\/news\/wp-json\/wp\/v2\/posts\/11726017\/revisions\/11726021"}],"wp:featuredmedia":[{"embeddable":true,"href":"https:\/\/www.corumbaonline.com.br\/news\/wp-json\/wp\/v2\/media\/11726018"}],"wp:attachment":[{"href":"https:\/\/www.corumbaonline.com.br\/news\/wp-json\/wp\/v2\/media?parent=11726017"}],"wp:term":[{"taxonomy":"category","embeddable":true,"href":"https:\/\/www.corumbaonline.com.br\/news\/wp-json\/wp\/v2\/categories?post=11726017"},{"taxonomy":"post_tag","embeddable":true,"href":"https:\/\/www.corumbaonline.com.br\/news\/wp-json\/wp\/v2\/tags?post=11726017"}],"curies":[{"name":"wp","href":"https:\/\/api.w.org\/{rel}","templated":true}]}}