{"id":11726020,"date":"2022-06-27T08:37:00","date_gmt":"2022-06-27T12:37:00","guid":{"rendered":"http:\/\/www.corumbaonline.com.br\/news\/?p=11726020"},"modified":"2022-06-27T22:48:02","modified_gmt":"2022-06-28T02:48:02","slug":"dona-de-jatos-pf-alegou-falta-de-recursos-para-transferir-ribeiro","status":"publish","type":"post","link":"https:\/\/www.corumbaonline.com.br\/news\/dona-de-jatos-pf-alegou-falta-de-recursos-para-transferir-ribeiro\/","title":{"rendered":"Dona de jatos, PF alegou falta de recursos para transferir Ribeiro"},"content":{"rendered":"<p>A Pol\u00edcia Federal tem tr\u00eas jatos da Embraer, mas alegou que n\u00e3o tinha recursos para transportar o ex-ministro da Educa\u00e7\u00e3o\u00a0Milton Ribeiro\u00a0na quarta-feira passada, data de sua pris\u00e3o. Apesar de haver uma ordem judicial para que Ribeiro fosse transferido de Santos (SP), onde reside, at\u00e9 Bras\u00edlia, a PF manteve o ex-ministro em S\u00e3o Paulo.<\/p>\n<p>O descumprimento da ordem judicial foi citado pelo delegado Bruno Calandrini, que preside o inqu\u00e9rito sobre a exist\u00eancia de um gabinete paralelo no Minist\u00e9rio da Educa\u00e7\u00e3o operado por Ribeiro e dois pastores, como indica\u00e7\u00e3o de interfer\u00eancia na investiga\u00e7\u00e3o.<\/p>\n<p>Levantamento feito pelo\u00a0Estad\u00e3o\u00a0em bases p\u00fablicas de monitoramento de voos no Pa\u00eds mostra que apenas um dos jatos da PF tem registro de voo na quarta-feira. Outras duas aeronaves de fabrica\u00e7\u00e3o da Embraer de propriedade da corpora\u00e7\u00e3o n\u00e3o aparecem como tendo sido usadas na data.<\/p>\n<h2>Transfer\u00eancia<\/h2>\n<p>A ordem de pris\u00e3o de Ribeiro foi expedida na \u00faltima segunda-feira, pelo juiz Renato Borelli, da 15.\u00aa Vara Federal Criminal do Distrito Federal, que especificou a necessidade de o ex-ministro ser transferido para Bras\u00edlia.<\/p>\n<p>Apesar dos dois dias de anteced\u00eancia, a PF n\u00e3o colocou aeronaves \u00e0 disposi\u00e7\u00e3o da opera\u00e7\u00e3o. No dia da pris\u00e3o, apenas o jato modelo Embraer ERJ-145LR voou para cumprir miss\u00f5es policiais. O trajeto realizado na ocasi\u00e3o teve in\u00edcio em Foz de Igua\u00e7u, \u00e0s 11h19, com uma parada em Curitiba e foi finalizado \u00e0s 13h55 em Bras\u00edlia. A PF tamb\u00e9m possui o jato modelo Embraer ERJ-145EL, que n\u00e3o foi utilizado no dia da pris\u00e3o de Ribeiro.<\/p>\n<p>O \u00faltimo registro de viagem dessa aeronave data do dia 20 de junho, quando foi realizado um percurso do interior de S\u00e3o Paulo para Bras\u00edlia. Um dos jatos chegou a ser usado no dia 16 para transportar os corpos do indigenista Bruno Pereira e do jornalista Dom Phillips para per\u00edcia na capital federal.<\/p>\n<p>A corpora\u00e7\u00e3o ainda conta com um terceiro avi\u00e3o: um Embraer modelo E175. Esse jato foi entregue ao governo em dezembro do ano passado numa cerim\u00f4nia que contou com a presen\u00e7a de tr\u00eas ministros e do ent\u00e3o diretor-geral da PF, Paulo Maiurino. Ainda n\u00e3o h\u00e1 registros em bases p\u00fablicas de o E175 j\u00e1 ter come\u00e7ado a voar em opera\u00e7\u00f5es oficiais.<\/p>\n<h2>&#8216;Restri\u00e7\u00e3o or\u00e7ament\u00e1ria&#8217;<\/h2>\n<p>Apesar da disponibilidade das aeronaves, o delegado Caio Rodrigo Pellim, diretor de Investiga\u00e7\u00e3o e Combate ao Crime Organizado da PF (Dicor), pediu \u00e0 Justi\u00e7a Federal que mantivesse o ex-ministro da Educa\u00e7\u00e3o em S\u00e3o Paulo &#8220;ante a restri\u00e7\u00e3o or\u00e7ament\u00e1ria, bem como a fim de se manter a integridade f\u00edsica dos presos e evitar exposi\u00e7\u00e3o desnecess\u00e1ria, recomend\u00e1vel que a audi\u00eancia de cust\u00f3dia seja realizada remotamente ou, em \u00faltimo caso, pelo juiz federal competente da localidade das pris\u00f5es&#8221;.<\/p>\n<p>Ap\u00f3s a transfer\u00eancia frustrada, Calandrini apontou &#8220;interfer\u00eancia&#8221; na opera\u00e7\u00e3o sobre o gabinete paralelo no MEC em mensagem enviada a colegas da PF. O delegado relatou n\u00e3o ter &#8220;autonomia investigativa e administrativa para conduzir o inqu\u00e9rito policial do caso com independ\u00eancia e seguran\u00e7a institucional&#8221;.<\/p>\n<p>Ontem, a Justi\u00e7a Federal remeteu o inqu\u00e9rito ao Supremo Tribunal Federal (STF), atendendo a um pedido do Minist\u00e9rio P\u00fablico Federal, que apontou ind\u00edcios de interfer\u00eancia do presidente Jair Bolsonaro na investiga\u00e7\u00e3o.<\/p>\n<h2>Suporte<\/h2>\n<p>Procurada pela reportagem, a PF n\u00e3o justificou o motivo de as aeronaves n\u00e3o terem sido utilizadas na opera\u00e7\u00e3o de transfer\u00eancia de Ribeiro. A corpora\u00e7\u00e3o tamb\u00e9m n\u00e3o respondeu aos questionamentos sobre a frota de jatos de que disp\u00f5e atualmente.<\/p>\n<p>A Federa\u00e7\u00e3o Nacional dos Policiais Federais (Fenapef) informou que &#8220;as aeronaves servem para dar suporte em opera\u00e7\u00f5es em que seja imprescind\u00edvel e conveniente seu uso&#8221;. A entidade declarou desconhecer outras situa\u00e7\u00f5es em que a transfer\u00eancia de presos n\u00e3o tenha ocorrido por falta de recursos ou motivos de seguran\u00e7a.<\/p>\n","protected":false},"excerpt":{"rendered":"<p>A Pol\u00edcia Federal tem tr\u00eas jatos da Embraer, mas alegou que n\u00e3o tinha recursos para&#8230;<\/p>\n","protected":false},"author":11,"featured_media":0,"comment_status":"closed","ping_status":"closed","sticky":false,"template":"","format":"standard","meta":{"footnotes":""},"categories":[19,18],"tags":[],"class_list":["post-11726020","post","type-post","status-publish","format-standard","hentry","category-politica","category-seguranca"],"_links":{"self":[{"href":"https:\/\/www.corumbaonline.com.br\/news\/wp-json\/wp\/v2\/posts\/11726020","targetHints":{"allow":["GET"]}}],"collection":[{"href":"https:\/\/www.corumbaonline.com.br\/news\/wp-json\/wp\/v2\/posts"}],"about":[{"href":"https:\/\/www.corumbaonline.com.br\/news\/wp-json\/wp\/v2\/types\/post"}],"author":[{"embeddable":true,"href":"https:\/\/www.corumbaonline.com.br\/news\/wp-json\/wp\/v2\/users\/11"}],"replies":[{"embeddable":true,"href":"https:\/\/www.corumbaonline.com.br\/news\/wp-json\/wp\/v2\/comments?post=11726020"}],"version-history":[{"count":2,"href":"https:\/\/www.corumbaonline.com.br\/news\/wp-json\/wp\/v2\/posts\/11726020\/revisions"}],"predecessor-version":[{"id":11726025,"href":"https:\/\/www.corumbaonline.com.br\/news\/wp-json\/wp\/v2\/posts\/11726020\/revisions\/11726025"}],"wp:attachment":[{"href":"https:\/\/www.corumbaonline.com.br\/news\/wp-json\/wp\/v2\/media?parent=11726020"}],"wp:term":[{"taxonomy":"category","embeddable":true,"href":"https:\/\/www.corumbaonline.com.br\/news\/wp-json\/wp\/v2\/categories?post=11726020"},{"taxonomy":"post_tag","embeddable":true,"href":"https:\/\/www.corumbaonline.com.br\/news\/wp-json\/wp\/v2\/tags?post=11726020"}],"curies":[{"name":"wp","href":"https:\/\/api.w.org\/{rel}","templated":true}]}}