{"id":11726036,"date":"2022-06-28T08:45:00","date_gmt":"2022-06-28T12:45:00","guid":{"rendered":"http:\/\/www.corumbaonline.com.br\/news\/?p=11726036"},"modified":"2022-06-28T09:46:22","modified_gmt":"2022-06-28T13:46:22","slug":"camara-de-corumba-homenageia-policiais-militares-que-salvaram-jovem-no-previsul","status":"publish","type":"post","link":"https:\/\/www.corumbaonline.com.br\/news\/camara-de-corumba-homenageia-policiais-militares-que-salvaram-jovem-no-previsul\/","title":{"rendered":"C\u00e2mara de Corumb\u00e1 homenageia policiais militares que salvaram jovem no Previsul"},"content":{"rendered":"<p>A C\u00e2mara Municipal de Corumb\u00e1 prestou na noite de ontem, segunda-feira, 27, uma homenagem aos policiais militares Anderson de Arruda Marques (soldado) e Marco Ant\u00f4nio Bruno Leite (cabo), pelo ato de hero\u00edsmo praticado no domingo, 19, quando salvaram uma adolescente de 17 anos, que tentava se jogar da passarela sobre a linha f\u00e9rrea, no Bairro Previsul.<\/p>\n<p>Os dois foram agraciados com Mo\u00e7\u00f5es de Congratula\u00e7\u00f5es por indica\u00e7\u00e3o dos vereadores Roberto Fa\u00e7anha, presidente do Poder Legislativo, e Chic\u00e3o Vianna, cujo requerimento foi aprovado por unanimidade pelos demais pares presentes em sess\u00e3o ordin\u00e1ria do \u00faltimo dia 20.<\/p>\n<p>As homenagens, conforme Fa\u00e7anha e Chic\u00e3o, s\u00e3o justificadas pela determina\u00e7\u00e3o, honradez e bravura dos dois policiais lotados no 6\u00ba Batalh\u00e3o de Pol\u00edcia Militar de Mato Grosso do Sul, culminando com o salvamento da adolescente.<\/p>\n<p>O caso aconteceu na noite de domingo. Na oportunidade, uma equipe da For\u00e7a T\u00e1tica da PM fazia ronda na regi\u00e3o, quando a adolescente foi vista correndo e chorando, em dire\u00e7\u00e3o \u00e0 passarela. A princ\u00edpio, a equipe achou que a menor seria v\u00edtima de assalto.<\/p>\n<p>Um dos policiais desceu da viatura e viu quando ela pulou a grande de prote\u00e7\u00e3o, fazendo men\u00e7\u00e3o de que iria saltar. Imediatamente o militar tamb\u00e9m pulou a grade de prote\u00e7\u00e3o e agarrou a adolescente pelo t\u00f3rax, impedindo que se jogasse, tendo sido ajudado por um homem que passava pelo local e segurou a menor pelo bra\u00e7o, mas s\u00f3 com a chegada de outro policial militar, \u00e9 que foi poss\u00edvel retirar a menor do local.<\/p>\n<p>Uma equipe de Corpo de Bombeiros foi acionada, prestou os primeiros atendimentos e removeu a jovem ao Pronto Socorro Municipal.<\/p>\n<p>S\u00c3O JO\u00c3O<\/p>\n<p>Tamb\u00e9m na sess\u00e3o de ontem, Roberto Fa\u00e7anha apresentou um requerimento, que foi aprovado por uma unanimidade, em que homenageia toda a equipe da Funda\u00e7\u00e3o da Cultura e do Patrim\u00f4nio Hist\u00f3rico de Corumb\u00e1, em nome do diretor-presidente Joilson Silva da Cruz, pela organiza\u00e7\u00e3o do Arraial do Banho de S\u00e3o Jo\u00e3o.<\/p>\n<p>\u201cFoi uma bela festa proporcionada aos corumbaenses e tamb\u00e9m aos turistas que nos visitaram neste per\u00edodo. O Arraial do Banho de S\u00e3o Jo\u00e3o voltou ap\u00f3s dois anos, com o mesmo brilhantismo, reunindo um grande p\u00fablico no Porto Geral, movimentando toda a cidade\u201d, afirmou.<\/p>\n<p>O Arraial do Banho de S\u00e3o Jo\u00e3o, Patrim\u00f4nio Cultural do Brasil, foi realizado durante o per\u00edodo de 23 a 26 de julho, com espet\u00e1culos n\u00e3o somente no Porto Geral, mas em toda a regi\u00e3o pantaneira.<\/p>\n","protected":false},"excerpt":{"rendered":"<p>A C\u00e2mara Municipal de Corumb\u00e1 prestou na noite de ontem, segunda-feira, 27, uma homenagem aos&#8230;<\/p>\n","protected":false},"author":63,"featured_media":11726037,"comment_status":"closed","ping_status":"closed","sticky":false,"template":"","format":"standard","meta":{"footnotes":""},"categories":[19],"tags":[],"class_list":["post-11726036","post","type-post","status-publish","format-standard","has-post-thumbnail","hentry","category-politica"],"_links":{"self":[{"href":"https:\/\/www.corumbaonline.com.br\/news\/wp-json\/wp\/v2\/posts\/11726036","targetHints":{"allow":["GET"]}}],"collection":[{"href":"https:\/\/www.corumbaonline.com.br\/news\/wp-json\/wp\/v2\/posts"}],"about":[{"href":"https:\/\/www.corumbaonline.com.br\/news\/wp-json\/wp\/v2\/types\/post"}],"author":[{"embeddable":true,"href":"https:\/\/www.corumbaonline.com.br\/news\/wp-json\/wp\/v2\/users\/63"}],"replies":[{"embeddable":true,"href":"https:\/\/www.corumbaonline.com.br\/news\/wp-json\/wp\/v2\/comments?post=11726036"}],"version-history":[{"count":1,"href":"https:\/\/www.corumbaonline.com.br\/news\/wp-json\/wp\/v2\/posts\/11726036\/revisions"}],"predecessor-version":[{"id":11726038,"href":"https:\/\/www.corumbaonline.com.br\/news\/wp-json\/wp\/v2\/posts\/11726036\/revisions\/11726038"}],"wp:featuredmedia":[{"embeddable":true,"href":"https:\/\/www.corumbaonline.com.br\/news\/wp-json\/wp\/v2\/media\/11726037"}],"wp:attachment":[{"href":"https:\/\/www.corumbaonline.com.br\/news\/wp-json\/wp\/v2\/media?parent=11726036"}],"wp:term":[{"taxonomy":"category","embeddable":true,"href":"https:\/\/www.corumbaonline.com.br\/news\/wp-json\/wp\/v2\/categories?post=11726036"},{"taxonomy":"post_tag","embeddable":true,"href":"https:\/\/www.corumbaonline.com.br\/news\/wp-json\/wp\/v2\/tags?post=11726036"}],"curies":[{"name":"wp","href":"https:\/\/api.w.org\/{rel}","templated":true}]}}