{"id":11726042,"date":"2022-06-28T09:14:00","date_gmt":"2022-06-28T13:14:00","guid":{"rendered":"http:\/\/www.corumbaonline.com.br\/news\/?p=11726042"},"modified":"2022-06-28T09:56:01","modified_gmt":"2022-06-28T13:56:01","slug":"com-desconto-de-30-para-pagamento-a-vista-prefeito-lanca-oficialmente-iptu-2022","status":"publish","type":"post","link":"https:\/\/www.corumbaonline.com.br\/news\/com-desconto-de-30-para-pagamento-a-vista-prefeito-lanca-oficialmente-iptu-2022\/","title":{"rendered":"Com desconto de 30% para pagamento \u00e0 vista; prefeito lan\u00e7a oficialmente IPTU 2022"},"content":{"rendered":"<p>Ao lan\u00e7ar oficialmente o\u00a0Imposto Predial e Territorial Urbano (IPTU) 2022 o prefeito Marcelo Iunes destacou a import\u00e2ncia do tributo para investimentos na cidade, com recursos pr\u00f3prios. \u201cO IPTU \u00e9 muito importante para investirmos na cidade, se n\u00e3o fosse o IPTU n\u00e3o ter\u00edamos como investir. A Prefeitura fez compra dos kits de material escolar; adquiriu o almoxarifado da Educa\u00e7\u00e3o e muitas obras de infraestruturas t\u00eam sido realizadas com recursos pr\u00f3prios, que s\u00e3o aqueles origin\u00e1rios do IPTU, ISS e ITR\u201d, disse o prefeito.<\/p>\n<p>Conforme o Decreto 2.809, assinado pelo prefeito Marcelo Iunes e publicado no DIOCORUMB\u00c1 de 15 de junho, o vencimento da primeira parcela e da cota \u00fanica \u00e9 no dia 15 de julho. A segunda parcela vence em 10 de agosto; a terceira em 12 de setembro; a quarta em 10 de outubro; a quinta em 10 de novembro e a \u00faltima em 12 de dezembro.<\/p>\n<p>O contribuinte que optar pelo pagamento \u00e0 vista ter\u00e1 desconto de 30% no valor do Imposto. J\u00e1 quem optar pelo parcelamento, que pode ser feito em at\u00e9 seis vezes, vai usufruir de um desconto de 10% no valor do imposto. Lembrando que o carn\u00ea do IPTU traz a cobran\u00e7a da taxa anual de coleta de lixo, que n\u00e3o tem desconto.<\/p>\n<p>\u201cEm raz\u00e3o da pandemia, mesmo quem n\u00e3o estiver em dia com o IPTU, se pagar \u00e0 vista ter\u00e1 direito ao desconto de 30% no valor do imposto\u201d, destacou Marcelo Iunes. \u201cOs recursos do IPTU sempre s\u00e3o investidos da melhor maneira poss\u00edvel na cidade. Hoje, estamos investindo muito com recursos pr\u00f3prios, inclusive em infraestrutura\u201d, refor\u00e7ou o prefeito de Corumb\u00e1. \u201cTrabalhamos com a maior transpar\u00eancia poss\u00edvel\u201d, completou. \u201cTodos os quatro cantos da cidade t\u00eam investimentos com recursos pr\u00f3prios do IPTU\u201d, pontuou.<\/p>\n<p>Secret\u00e1rio Municipal de Finan\u00e7as e Or\u00e7amento, Luiz Henrique Maia de Paula, destacou que o Munic\u00edpio tem estimativa de arrecadar R$ 18 milh\u00f5es com o IPTU 2022. \u201cO valor arrecadado com o IPTU aplicamos, de acordo com a Constitui\u00e7\u00e3o, 25% na Educa\u00e7\u00e3o e 15% na Sa\u00fade e dividimos o percentual restante em outras \u00e1reas como infraestrutura e assist\u00eancia social, por exemplo\u201d, explicou o titular da pasta.<\/p>\n<p>Ednaldo Evangelista dos Santos, auditor-geral da Fazenda, enfatizou que Corumb\u00e1 \u201c\u00e9 a cidade que d\u00e1 maior desconto no IPTU, inclusive para quem est\u00e1 com d\u00e9bitos anteriores\u201d. Os carn\u00eas de pagamento do IPTU 2022 est\u00e3o dispon\u00edveis atrav\u00e9s do site da Prefeitura de Corumb\u00e1\u00a0<a role=\"link\" href=\"https:\/\/www.corumba.ms.gov.br\/\">www.corumba.ms.gov.br<\/a>\u00a0ou pelo link\u00a0<strong><em><a role=\"link\" href=\"http:\/\/nfse.corumba.ms.gov.br:8080\/servicosweb\/home.jsf\">http:\/\/nfse.corumba.ms.gov.br:8080\/servicosweb\/home.jsf<\/a><\/em><\/strong>\u00a0. O contribuinte tamb\u00e9m pode solicitar sua guia\/carn\u00ea pelo e-mail: atendimento.iptu@corumba.ms.gov.br ou atrav\u00e9s do whatsapp, pelo telefone 3231-8573. Os pagamentos dever\u00e3o ser efetuados, exclusivamente, nas ag\u00eancias do Banco do Brasil, Caixa Econ\u00f4mica Federal, Casas Lot\u00e9ricas ou ainda via PIX.<\/p>\n<p>Os contribuintes que n\u00e3o concordarem com os valores lan\u00e7ados do Imposto Predial e Territorial Urbano e\/ou da Taxa de Servi\u00e7o de Coleta e Remo\u00e7\u00e3o de Res\u00edduos S\u00f3lidos do exerc\u00edcio de 2022 poder\u00e3o impugn\u00e1-los, em conjunto ou separadamente, solicitando inclusive a realiza\u00e7\u00e3o de vistoria \u201cin loco\u201d.<\/p>\n<p>A impugna\u00e7\u00e3o poder\u00e1 ser protocolizada, gratuitamente, at\u00e9 o dia do vencimento do IPTU 2022, atrav\u00e9s do e-mail: atendimento.iptu@corumba.ms.gov.br. E, em \u00faltimo caso na sede do CAC, que fica na rua Frei Mariano, 66, Centro.<\/p>\n<p>A peti\u00e7\u00e3o dever\u00e1 ser requerida pelo contribuinte com o devido fundamento e com informa\u00e7\u00f5es necess\u00e1rias \u00e0 perfeita identifica\u00e7\u00e3o do im\u00f3vel informando o(s) n\u00famero(s) do(s) cadastro(s)\/Bic(s) e comprovante de resid\u00eancia (conta de \u00e1gua, energia, telefone fixo etc), indicando as poss\u00edveis incorre\u00e7\u00f5es quanto \u00e0s suas caracter\u00edsticas, que possam ter influenciado na quantifica\u00e7\u00e3o do cr\u00e9dito tribut\u00e1rio.<\/p>\n<p>O lan\u00e7amento oficial aconteceu na manh\u00e3 desta segunda-feira, 27 de junho, durante entrevista coletiva do prefeito Marcelo Iunes, na sala de reuni\u00f5es do Gabinete.<\/p>\n<div id=\"gallery-1\" class=\"gallery galleryid-131588 gallery-columns-3 gallery-size-full\">\n<figure class=\"gallery-item\">\n<div class=\"gallery-icon landscape\"><a role=\"link\" href=\"https:\/\/www.corumba.ms.gov.br\/?attachment_id=131583\"><img loading=\"lazy\" decoding=\"async\" class=\"attachment-full size-full\" src=\"https:\/\/www.corumba.ms.gov.br\/wp-content\/uploads\/2022\/06\/Foto-Rene-Marcio-CarneiroConferencia-de-Imprensa-IPTU-8.jpg\" sizes=\"auto, (max-width: 1200px) 100vw, 1200px\" srcset=\"https:\/\/www.corumba.ms.gov.br\/wp-content\/uploads\/2022\/06\/Foto-Rene-Marcio-CarneiroConferencia-de-Imprensa-IPTU-8.jpg 1200w, https:\/\/www.corumba.ms.gov.br\/wp-content\/uploads\/2022\/06\/Foto-Rene-Marcio-CarneiroConferencia-de-Imprensa-IPTU-8-300x200.jpg 300w, https:\/\/www.corumba.ms.gov.br\/wp-content\/uploads\/2022\/06\/Foto-Rene-Marcio-CarneiroConferencia-de-Imprensa-IPTU-8-1024x683.jpg 1024w, https:\/\/www.corumba.ms.gov.br\/wp-content\/uploads\/2022\/06\/Foto-Rene-Marcio-CarneiroConferencia-de-Imprensa-IPTU-8-768x512.jpg 768w\" alt=\"\" width=\"1200\" height=\"800\" aria-describedby=\"gallery-1-131583\" \/><\/a><\/div><figcaption id=\"gallery-1-131583\" class=\"wp-caption-text gallery-caption\">Foto: Ren\u00ea Marcio Carneiro\/PMC<\/figcaption><\/figure>\n<figure class=\"gallery-item\">\n<div class=\"gallery-icon landscape\"><a role=\"link\" href=\"https:\/\/www.corumba.ms.gov.br\/?attachment_id=131582\"><img loading=\"lazy\" decoding=\"async\" class=\"attachment-full size-full\" src=\"https:\/\/www.corumba.ms.gov.br\/wp-content\/uploads\/2022\/06\/Foto-Rene-Marcio-CarneiroConferencia-de-Imprensa-IPTU-7.jpg\" sizes=\"auto, (max-width: 1200px) 100vw, 1200px\" srcset=\"https:\/\/www.corumba.ms.gov.br\/wp-content\/uploads\/2022\/06\/Foto-Rene-Marcio-CarneiroConferencia-de-Imprensa-IPTU-7.jpg 1200w, https:\/\/www.corumba.ms.gov.br\/wp-content\/uploads\/2022\/06\/Foto-Rene-Marcio-CarneiroConferencia-de-Imprensa-IPTU-7-300x200.jpg 300w, https:\/\/www.corumba.ms.gov.br\/wp-content\/uploads\/2022\/06\/Foto-Rene-Marcio-CarneiroConferencia-de-Imprensa-IPTU-7-1024x683.jpg 1024w, https:\/\/www.corumba.ms.gov.br\/wp-content\/uploads\/2022\/06\/Foto-Rene-Marcio-CarneiroConferencia-de-Imprensa-IPTU-7-768x512.jpg 768w\" alt=\"\" width=\"1200\" height=\"800\" aria-describedby=\"gallery-1-131582\" \/><\/a><\/div><figcaption id=\"gallery-1-131582\" class=\"wp-caption-text gallery-caption\">Foto: Ren\u00ea Marcio Carneiro\/PMC<\/figcaption><\/figure>\n<figure class=\"gallery-item\">\n<div class=\"gallery-icon landscape\"><a role=\"link\" href=\"https:\/\/www.corumba.ms.gov.br\/?attachment_id=131581\"><img loading=\"lazy\" decoding=\"async\" class=\"attachment-full size-full\" src=\"https:\/\/www.corumba.ms.gov.br\/wp-content\/uploads\/2022\/06\/Foto-Rene-Marcio-CarneiroConferencia-de-Imprensa-IPTU-6.jpg\" sizes=\"auto, (max-width: 1200px) 100vw, 1200px\" srcset=\"https:\/\/www.corumba.ms.gov.br\/wp-content\/uploads\/2022\/06\/Foto-Rene-Marcio-CarneiroConferencia-de-Imprensa-IPTU-6.jpg 1200w, https:\/\/www.corumba.ms.gov.br\/wp-content\/uploads\/2022\/06\/Foto-Rene-Marcio-CarneiroConferencia-de-Imprensa-IPTU-6-300x200.jpg 300w, https:\/\/www.corumba.ms.gov.br\/wp-content\/uploads\/2022\/06\/Foto-Rene-Marcio-CarneiroConferencia-de-Imprensa-IPTU-6-1024x683.jpg 1024w, https:\/\/www.corumba.ms.gov.br\/wp-content\/uploads\/2022\/06\/Foto-Rene-Marcio-CarneiroConferencia-de-Imprensa-IPTU-6-768x512.jpg 768w\" alt=\"\" width=\"1200\" height=\"800\" aria-describedby=\"gallery-1-131581\" \/><\/a><\/div><figcaption id=\"gallery-1-131581\" class=\"wp-caption-text gallery-caption\">Foto: Ren\u00ea Marcio Carneiro\/PMC<\/figcaption><\/figure>\n<figure class=\"gallery-item\">\n<div class=\"gallery-icon landscape\"><a role=\"link\" href=\"https:\/\/www.corumba.ms.gov.br\/?attachment_id=131580\"><img loading=\"lazy\" decoding=\"async\" class=\"attachment-full size-full\" src=\"https:\/\/www.corumba.ms.gov.br\/wp-content\/uploads\/2022\/06\/Foto-Rene-Marcio-CarneiroConferencia-de-Imprensa-IPTU-5.jpg\" sizes=\"auto, (max-width: 1200px) 100vw, 1200px\" srcset=\"https:\/\/www.corumba.ms.gov.br\/wp-content\/uploads\/2022\/06\/Foto-Rene-Marcio-CarneiroConferencia-de-Imprensa-IPTU-5.jpg 1200w, https:\/\/www.corumba.ms.gov.br\/wp-content\/uploads\/2022\/06\/Foto-Rene-Marcio-CarneiroConferencia-de-Imprensa-IPTU-5-300x200.jpg 300w, https:\/\/www.corumba.ms.gov.br\/wp-content\/uploads\/2022\/06\/Foto-Rene-Marcio-CarneiroConferencia-de-Imprensa-IPTU-5-1024x683.jpg 1024w, https:\/\/www.corumba.ms.gov.br\/wp-content\/uploads\/2022\/06\/Foto-Rene-Marcio-CarneiroConferencia-de-Imprensa-IPTU-5-768x512.jpg 768w\" alt=\"\" width=\"1200\" height=\"800\" aria-describedby=\"gallery-1-131580\" \/><\/a><\/div><figcaption id=\"gallery-1-131580\" class=\"wp-caption-text gallery-caption\">Foto: Ren\u00ea Marcio Carneiro\/PMC<\/figcaption><\/figure>\n<figure class=\"gallery-item\">\n<div class=\"gallery-icon landscape\"><a role=\"link\" href=\"https:\/\/www.corumba.ms.gov.br\/?attachment_id=131579\"><img loading=\"lazy\" decoding=\"async\" class=\"attachment-full size-full\" src=\"https:\/\/www.corumba.ms.gov.br\/wp-content\/uploads\/2022\/06\/Foto-Rene-Marcio-CarneiroConferencia-de-Imprensa-IPTU-4.jpg\" sizes=\"auto, (max-width: 1200px) 100vw, 1200px\" srcset=\"https:\/\/www.corumba.ms.gov.br\/wp-content\/uploads\/2022\/06\/Foto-Rene-Marcio-CarneiroConferencia-de-Imprensa-IPTU-4.jpg 1200w, https:\/\/www.corumba.ms.gov.br\/wp-content\/uploads\/2022\/06\/Foto-Rene-Marcio-CarneiroConferencia-de-Imprensa-IPTU-4-300x207.jpg 300w, https:\/\/www.corumba.ms.gov.br\/wp-content\/uploads\/2022\/06\/Foto-Rene-Marcio-CarneiroConferencia-de-Imprensa-IPTU-4-1024x706.jpg 1024w, https:\/\/www.corumba.ms.gov.br\/wp-content\/uploads\/2022\/06\/Foto-Rene-Marcio-CarneiroConferencia-de-Imprensa-IPTU-4-768x529.jpg 768w\" alt=\"\" width=\"1200\" height=\"827\" aria-describedby=\"gallery-1-131579\" \/><\/a><\/div><figcaption id=\"gallery-1-131579\" class=\"wp-caption-text gallery-caption\">Foto: Ren\u00ea Marcio Carneiro\/PMC<\/figcaption><\/figure>\n<figure class=\"gallery-item\">\n<div class=\"gallery-icon landscape\"><a role=\"link\" href=\"https:\/\/www.corumba.ms.gov.br\/?attachment_id=131578\"><img loading=\"lazy\" decoding=\"async\" class=\"attachment-full size-full\" src=\"https:\/\/www.corumba.ms.gov.br\/wp-content\/uploads\/2022\/06\/Foto-Rene-Marcio-CarneiroConferencia-de-Imprensa-IPTU-3.jpg\" sizes=\"auto, (max-width: 1200px) 100vw, 1200px\" srcset=\"https:\/\/www.corumba.ms.gov.br\/wp-content\/uploads\/2022\/06\/Foto-Rene-Marcio-CarneiroConferencia-de-Imprensa-IPTU-3.jpg 1200w, https:\/\/www.corumba.ms.gov.br\/wp-content\/uploads\/2022\/06\/Foto-Rene-Marcio-CarneiroConferencia-de-Imprensa-IPTU-3-300x200.jpg 300w, https:\/\/www.corumba.ms.gov.br\/wp-content\/uploads\/2022\/06\/Foto-Rene-Marcio-CarneiroConferencia-de-Imprensa-IPTU-3-1024x683.jpg 1024w, https:\/\/www.corumba.ms.gov.br\/wp-content\/uploads\/2022\/06\/Foto-Rene-Marcio-CarneiroConferencia-de-Imprensa-IPTU-3-768x512.jpg 768w\" alt=\"\" width=\"1200\" height=\"800\" aria-describedby=\"gallery-1-131578\" \/><\/a><\/div><figcaption id=\"gallery-1-131578\" class=\"wp-caption-text gallery-caption\">Foto: Ren\u00ea Marcio Carneiro\/PMC<\/figcaption><\/figure>\n<figure class=\"gallery-item\">\n<div class=\"gallery-icon landscape\"><a role=\"link\" href=\"https:\/\/www.corumba.ms.gov.br\/?attachment_id=131577\"><img loading=\"lazy\" decoding=\"async\" class=\"attachment-full size-full\" src=\"https:\/\/www.corumba.ms.gov.br\/wp-content\/uploads\/2022\/06\/Foto-Rene-Marcio-CarneiroConferencia-de-Imprensa-IPTU-2.jpg\" sizes=\"auto, (max-width: 1200px) 100vw, 1200px\" srcset=\"https:\/\/www.corumba.ms.gov.br\/wp-content\/uploads\/2022\/06\/Foto-Rene-Marcio-CarneiroConferencia-de-Imprensa-IPTU-2.jpg 1200w, https:\/\/www.corumba.ms.gov.br\/wp-content\/uploads\/2022\/06\/Foto-Rene-Marcio-CarneiroConferencia-de-Imprensa-IPTU-2-300x207.jpg 300w, https:\/\/www.corumba.ms.gov.br\/wp-content\/uploads\/2022\/06\/Foto-Rene-Marcio-CarneiroConferencia-de-Imprensa-IPTU-2-1024x706.jpg 1024w, https:\/\/www.corumba.ms.gov.br\/wp-content\/uploads\/2022\/06\/Foto-Rene-Marcio-CarneiroConferencia-de-Imprensa-IPTU-2-768x529.jpg 768w\" alt=\"\" width=\"1200\" height=\"827\" aria-describedby=\"gallery-1-131577\" \/><\/a><\/div><figcaption id=\"gallery-1-131577\" class=\"wp-caption-text gallery-caption\">Foto: Ren\u00ea Marcio Carneiro\/PMC<\/figcaption><\/figure>\n<figure class=\"gallery-item\">\n<div class=\"gallery-icon landscape\"><a role=\"link\" href=\"https:\/\/www.corumba.ms.gov.br\/?attachment_id=131576\"><img loading=\"lazy\" decoding=\"async\" class=\"attachment-full size-full\" src=\"https:\/\/www.corumba.ms.gov.br\/wp-content\/uploads\/2022\/06\/Foto-Rene-Marcio-CarneiroConferencia-de-Imprensa-IPTU-1.jpg\" sizes=\"auto, (max-width: 1200px) 100vw, 1200px\" srcset=\"https:\/\/www.corumba.ms.gov.br\/wp-content\/uploads\/2022\/06\/Foto-Rene-Marcio-CarneiroConferencia-de-Imprensa-IPTU-1.jpg 1200w, https:\/\/www.corumba.ms.gov.br\/wp-content\/uploads\/2022\/06\/Foto-Rene-Marcio-CarneiroConferencia-de-Imprensa-IPTU-1-300x207.jpg 300w, https:\/\/www.corumba.ms.gov.br\/wp-content\/uploads\/2022\/06\/Foto-Rene-Marcio-CarneiroConferencia-de-Imprensa-IPTU-1-1024x706.jpg 1024w, https:\/\/www.corumba.ms.gov.br\/wp-content\/uploads\/2022\/06\/Foto-Rene-Marcio-CarneiroConferencia-de-Imprensa-IPTU-1-768x529.jpg 768w\" alt=\"\" width=\"1200\" height=\"827\" aria-describedby=\"gallery-1-131576\" \/><\/a><\/div><figcaption id=\"gallery-1-131576\" class=\"wp-caption-text gallery-caption\">Foto: Ren\u00ea Marcio Carneiro\/PMC<\/figcaption><\/figure>\n<\/div>\n","protected":false},"excerpt":{"rendered":"<p>Ao lan\u00e7ar oficialmente o\u00a0Imposto Predial e Territorial Urbano (IPTU) 2022 o prefeito Marcelo Iunes destacou&#8230;<\/p>\n","protected":false},"author":70,"featured_media":11726043,"comment_status":"closed","ping_status":"closed","sticky":false,"template":"","format":"standard","meta":{"footnotes":""},"categories":[9],"tags":[],"class_list":["post-11726042","post","type-post","status-publish","format-standard","has-post-thumbnail","hentry","category-economia"],"_links":{"self":[{"href":"https:\/\/www.corumbaonline.com.br\/news\/wp-json\/wp\/v2\/posts\/11726042","targetHints":{"allow":["GET"]}}],"collection":[{"href":"https:\/\/www.corumbaonline.com.br\/news\/wp-json\/wp\/v2\/posts"}],"about":[{"href":"https:\/\/www.corumbaonline.com.br\/news\/wp-json\/wp\/v2\/types\/post"}],"author":[{"embeddable":true,"href":"https:\/\/www.corumbaonline.com.br\/news\/wp-json\/wp\/v2\/users\/70"}],"replies":[{"embeddable":true,"href":"https:\/\/www.corumbaonline.com.br\/news\/wp-json\/wp\/v2\/comments?post=11726042"}],"version-history":[{"count":1,"href":"https:\/\/www.corumbaonline.com.br\/news\/wp-json\/wp\/v2\/posts\/11726042\/revisions"}],"predecessor-version":[{"id":11726044,"href":"https:\/\/www.corumbaonline.com.br\/news\/wp-json\/wp\/v2\/posts\/11726042\/revisions\/11726044"}],"wp:featuredmedia":[{"embeddable":true,"href":"https:\/\/www.corumbaonline.com.br\/news\/wp-json\/wp\/v2\/media\/11726043"}],"wp:attachment":[{"href":"https:\/\/www.corumbaonline.com.br\/news\/wp-json\/wp\/v2\/media?parent=11726042"}],"wp:term":[{"taxonomy":"category","embeddable":true,"href":"https:\/\/www.corumbaonline.com.br\/news\/wp-json\/wp\/v2\/categories?post=11726042"},{"taxonomy":"post_tag","embeddable":true,"href":"https:\/\/www.corumbaonline.com.br\/news\/wp-json\/wp\/v2\/tags?post=11726042"}],"curies":[{"name":"wp","href":"https:\/\/api.w.org\/{rel}","templated":true}]}}