{"id":11726047,"date":"2022-06-28T09:41:00","date_gmt":"2022-06-28T13:41:00","guid":{"rendered":"http:\/\/www.corumbaonline.com.br\/news\/?p=11726047"},"modified":"2022-06-28T10:07:01","modified_gmt":"2022-06-28T14:07:01","slug":"apos-manifestacao-vereador-pede-reativacao-do-mercado-municipal","status":"publish","type":"post","link":"https:\/\/www.corumbaonline.com.br\/news\/apos-manifestacao-vereador-pede-reativacao-do-mercado-municipal\/","title":{"rendered":"Ap\u00f3s manifesta\u00e7\u00e3o, vereador pede reativa\u00e7\u00e3o do Mercado Municipal"},"content":{"rendered":"<p>A reativa\u00e7\u00e3o do Mercado Municipal foi refor\u00e7ada na noite de ontem, segunda-feira, 27, pelo vereador Chic\u00e3o Vianna, durante sess\u00e3o ordin\u00e1ria da C\u00e2mara. O novo pedido foi direcionado ao prefeito Marcelo Iunes e, dessa vez, o edil apresentou um requerimento com um manifesto assinado por 771 pessoas.<\/p>\n<p>\u201cA vontade popular \u00e9 que antigo mercad\u00e3o seja reativado pelo Poder Publico. Isso trar\u00e1 grandes benef\u00edcios para nossa gente, vai fomentar a economia local, o turismo, o lazer e, principalmente, vai atender o pequeno produtor rural que ter\u00e1 uma nova op\u00e7\u00e3o para atender o consumidor corumbaense\u201d, afirmou.<\/p>\n<p>O abaixo assinado foi anexado ao requerimento apresentado durante a sess\u00e3o, contendo assinaturas f\u00edsicas e digitais, em apoio \u00e0 reabertura do antigo mercad\u00e3o localizado na Rua Tiradentes, esquina com a 13 de Junho, no centro da cidade.<\/p>\n<p>O pr\u00e9dio, ap\u00f3s o mercado ser desativado, serviu como uma unidade de sa\u00fade do Munic\u00edpio. Hoje, est\u00e1 fechado, necessitando de uma ampla reforma, visando sua revitaliza\u00e7\u00e3o.<\/p>\n<p>TOMOGRAFIA<\/p>\n<p>Na mesma sess\u00e3o, Chic\u00e3o pediu informa\u00e7\u00f5es \u00e0 dire\u00e7\u00e3o da Santa Casa de Corumb\u00e1 e \u00e0 Secretaria de Sa\u00fade, em rela\u00e7\u00e3o ao aparelho de Tomografia do hospital que, conforme relatos de pacientes, est\u00e1 sem funcionar h\u00e1 mais de uma semana.<\/p>\n<p>O vereador busca saber o que est\u00e1 ocorrendo de fato e quais as provid\u00eancias est\u00e3o sendo tomadas. Citou inclusive um desabafo de uma filha que relatou ter perdido o pai, que n\u00e3o teve como realizar o exame necess\u00e1rio, sendo transferido para Campo Grande, onde acabou falecendo.<\/p>\n<p>VAZAMENTO<\/p>\n<p>Por outro lado, o vereador, por meio de indica\u00e7\u00e3o, pediu provid\u00eancias \u00e0s autoridades p\u00fablicas ligadas \u00e0 Empresa de Saneamento de Mato Grosso do Sul (Sanesul), \u00e0 Prefeitura de Corumb\u00e1 e ao Governo do Estado, provid\u00eancias no sentido de acabar com um vazamento existente no cruzamento da Ruas Tiradentes com a Avenida Santa Cruz, que est\u00e1 exalando forte odor, gerando reclama\u00e7\u00f5es principalmente dos moradores da regi\u00e3o e pessoas que transitam pelo local.<\/p>\n<p>Explicou que h\u00e1 relatos de moradores que o vazamento come\u00e7ou h\u00e1 mais de tr\u00eas meses sem que as provid\u00eancias cab\u00edveis sejam tomadas, causando preju\u00edzos, inclusive \u00e0 sa\u00fade p\u00fablica.<\/p>\n<p>LIMPEZA<\/p>\n<p>O vereador solicitou ainda que a Prefeitura intime o propriet\u00e1rio de um im\u00f3vel (terreno) localizado em frente \u00e0 Escola Estadual Dr. Gabriel Vandoni de Barros, no Bairro Maria Leite, para que proceda a limpeza do mesmo, com capina, ro\u00e7ada e remo\u00e7\u00e3o dos restos vegetais e entulho, sob pena das san\u00e7\u00f5es administrativas cab\u00edveis, tendo em vista que, de acordo com os alunos e respons\u00e1veis, a vegeta\u00e7\u00e3o est\u00e1 muito elevada, o que tr\u00e1s riscos \u00e0 seguran\u00e7a e \u00e0 sa\u00fade dos que por ali transitam.<\/p>\n","protected":false},"excerpt":{"rendered":"<p>A reativa\u00e7\u00e3o do Mercado Municipal foi refor\u00e7ada na noite de ontem, segunda-feira, 27, pelo vereador&#8230;<\/p>\n","protected":false},"author":63,"featured_media":0,"comment_status":"closed","ping_status":"closed","sticky":false,"template":"","format":"standard","meta":{"footnotes":""},"categories":[19],"tags":[],"class_list":["post-11726047","post","type-post","status-publish","format-standard","hentry","category-politica"],"_links":{"self":[{"href":"https:\/\/www.corumbaonline.com.br\/news\/wp-json\/wp\/v2\/posts\/11726047","targetHints":{"allow":["GET"]}}],"collection":[{"href":"https:\/\/www.corumbaonline.com.br\/news\/wp-json\/wp\/v2\/posts"}],"about":[{"href":"https:\/\/www.corumbaonline.com.br\/news\/wp-json\/wp\/v2\/types\/post"}],"author":[{"embeddable":true,"href":"https:\/\/www.corumbaonline.com.br\/news\/wp-json\/wp\/v2\/users\/63"}],"replies":[{"embeddable":true,"href":"https:\/\/www.corumbaonline.com.br\/news\/wp-json\/wp\/v2\/comments?post=11726047"}],"version-history":[{"count":1,"href":"https:\/\/www.corumbaonline.com.br\/news\/wp-json\/wp\/v2\/posts\/11726047\/revisions"}],"predecessor-version":[{"id":11726048,"href":"https:\/\/www.corumbaonline.com.br\/news\/wp-json\/wp\/v2\/posts\/11726047\/revisions\/11726048"}],"wp:attachment":[{"href":"https:\/\/www.corumbaonline.com.br\/news\/wp-json\/wp\/v2\/media?parent=11726047"}],"wp:term":[{"taxonomy":"category","embeddable":true,"href":"https:\/\/www.corumbaonline.com.br\/news\/wp-json\/wp\/v2\/categories?post=11726047"},{"taxonomy":"post_tag","embeddable":true,"href":"https:\/\/www.corumbaonline.com.br\/news\/wp-json\/wp\/v2\/tags?post=11726047"}],"curies":[{"name":"wp","href":"https:\/\/api.w.org\/{rel}","templated":true}]}}