{"id":11726081,"date":"2022-06-30T08:10:00","date_gmt":"2022-06-30T12:10:00","guid":{"rendered":"http:\/\/www.corumbaonline.com.br\/news\/?p=11726081"},"modified":"2022-06-30T09:13:42","modified_gmt":"2022-06-30T13:13:42","slug":"seis-propostas-devem-ser-analisadas-pelos-deputados-da-alems-na-ultima-sessao-do-mes","status":"publish","type":"post","link":"https:\/\/www.corumbaonline.com.br\/news\/seis-propostas-devem-ser-analisadas-pelos-deputados-da-alems-na-ultima-sessao-do-mes\/","title":{"rendered":"Seis propostas devem ser analisadas pelos deputados da ALEMS na \u00faltima sess\u00e3o do m\u00eas"},"content":{"rendered":"<p>Nesta quinta-feira (30), os deputados estaduais da Assembleia Legislativa de Mato Grosso do Sul (ALEMS) devem apreciar seis mat\u00e9rias durante a Ordem do Dia. A vota\u00e7\u00e3o dos projetos acontece a partir do Plen\u00e1rio Deputado J\u00falio Maia e pode ser acompanhada ao vivo nos canais oficiais de comunica\u00e7\u00e3o da Casa de Leis &#8211; canal 9 da Claro\u00a0Net TV,\u00a0TV ALEMS,\u00a0Youtube,\u00a0Facebook,\u00a0R\u00e1dio ALEMS\u00a0e aplicativo Assembleia MS &#8211; (Android\/iOS). A sess\u00e3o ordin\u00e1ria tem in\u00edcio a partir das 9h.<\/p>\n<p>2\u00aa discuss\u00e3o<\/p>\n<p>Em segunda discuss\u00e3o, est\u00e1 prevista a an\u00e1lise do\u00a0Projeto de Lei 186\/2022,\u00a0de autoria do Tribunal de Contas do Estado (TCE\/MS), que institui o Programa de Regulariza\u00e7\u00e3o Fiscal do Fundo de Desenvolvimento, Moderniza\u00e7\u00e3o e Aperfei\u00e7oamento do Tribunal de Contas de Mato Grosso do Sul (FUNTC).<\/p>\n<p>Tamb\u00e9m em segunda discuss\u00e3o, deve ser apreciado o\u00a0Projeto de Lei 188\/2022,\u00a0de autoria da Mesa Diretora (2021-2023), que regulamenta o par\u00e1grafo 12, do artigo 27 da\u00a0Constitui\u00e7\u00e3o Estadual\u00a0para dispor sobre a remunera\u00e7\u00e3o dos servidores do Poder Legislativo do Estado de Mato Grosso do Sul.<\/p>\n<p>1\u00aa discuss\u00e3o<\/p>\n<p>\u201cAs operadoras de planos de sa\u00fade no \u00e2mbito do Estado de Mato Grosso do Sul devem considerar, ap\u00f3s o prazo de 30 dias do nascimento, o neonato submetido a tratamento terap\u00eautico como dependente do titular do plano de seguro sa\u00fade\u201d, traz a ementa do\u00a0Projeto de Lei 76\/2022,\u00a0de autoria do deputado Evander Vendramini (PP), pautado em primeira discuss\u00e3o. A mat\u00e9ria recebeu parecer favor\u00e1vel da Comiss\u00e3o de Constitui\u00e7\u00e3o, Justi\u00e7a e Reda\u00e7\u00e3o (CCJR) \u00e0 emenda substitutiva integral.<\/p>\n<p>Tamb\u00e9m em primeira discuss\u00e3o, est\u00e1 prevista a an\u00e1lise do\u00a0Projeto de Lei 164\/2022,\u00a0do Poder Executivo, que autoriza o Poder Executivo a doar \u00e0 Ag\u00eancia de Previd\u00eancia Social de Mato Grosso do Sul (Ageprev) os im\u00f3veis que especifica, e d\u00e1 outras provid\u00eancias. O projeto foi considerado constitucional pela CCJR.<\/p>\n<p>Por fim, tamb\u00e9m em primeira discuss\u00e3o, est\u00e1 pautado o\u00a0Projeto de lei 169\/2022,\u00a0de autoria do deputado Neno Razuk (PL), que disp\u00f5e sobre a inclus\u00e3o da Feijoada da Celebrar do Munic\u00edpio de Dourados, no Calend\u00e1rio Oficial de Eventos do Estado de Mato Grosso do Sul. A mat\u00e9ria tamb\u00e9m recebeu parecer favor\u00e1vel \u00e0 sua tramita\u00e7\u00e3o na Casa de Leis, emitido pela\u00a0CCJR.<\/p>\n<p>Discuss\u00e3o \u00fanica<\/p>\n<p>Em discuss\u00e3o \u00fanica, est\u00e1 pautado o\u00a0Projeto de Lei 171\/2022,\u00a0de autoria do Poder Executivo, que d\u00e1 denomina\u00e7\u00e3o ao pr\u00e9dio da Delegacia de Bodoquena, nos termos que especifica. A CCJR emitiu parecer favor\u00e1vel \u00e0 tramita\u00e7\u00e3o da mat\u00e9ria na ALEMS.<\/p>\n","protected":false},"excerpt":{"rendered":"<p>Nesta quinta-feira (30), os deputados estaduais da Assembleia Legislativa de Mato Grosso do Sul (ALEMS)&#8230;<\/p>\n","protected":false},"author":12,"featured_media":0,"comment_status":"closed","ping_status":"closed","sticky":false,"template":"","format":"standard","meta":{"footnotes":""},"categories":[19],"tags":[],"class_list":["post-11726081","post","type-post","status-publish","format-standard","hentry","category-politica"],"_links":{"self":[{"href":"https:\/\/www.corumbaonline.com.br\/news\/wp-json\/wp\/v2\/posts\/11726081","targetHints":{"allow":["GET"]}}],"collection":[{"href":"https:\/\/www.corumbaonline.com.br\/news\/wp-json\/wp\/v2\/posts"}],"about":[{"href":"https:\/\/www.corumbaonline.com.br\/news\/wp-json\/wp\/v2\/types\/post"}],"author":[{"embeddable":true,"href":"https:\/\/www.corumbaonline.com.br\/news\/wp-json\/wp\/v2\/users\/12"}],"replies":[{"embeddable":true,"href":"https:\/\/www.corumbaonline.com.br\/news\/wp-json\/wp\/v2\/comments?post=11726081"}],"version-history":[{"count":1,"href":"https:\/\/www.corumbaonline.com.br\/news\/wp-json\/wp\/v2\/posts\/11726081\/revisions"}],"predecessor-version":[{"id":11726082,"href":"https:\/\/www.corumbaonline.com.br\/news\/wp-json\/wp\/v2\/posts\/11726081\/revisions\/11726082"}],"wp:attachment":[{"href":"https:\/\/www.corumbaonline.com.br\/news\/wp-json\/wp\/v2\/media?parent=11726081"}],"wp:term":[{"taxonomy":"category","embeddable":true,"href":"https:\/\/www.corumbaonline.com.br\/news\/wp-json\/wp\/v2\/categories?post=11726081"},{"taxonomy":"post_tag","embeddable":true,"href":"https:\/\/www.corumbaonline.com.br\/news\/wp-json\/wp\/v2\/tags?post=11726081"}],"curies":[{"name":"wp","href":"https:\/\/api.w.org\/{rel}","templated":true}]}}