{"id":11726271,"date":"2022-07-11T09:47:00","date_gmt":"2022-07-11T13:47:00","guid":{"rendered":"http:\/\/www.corumbaonline.com.br\/news\/?p=11726271"},"modified":"2022-07-11T13:50:28","modified_gmt":"2022-07-11T17:50:28","slug":"uems-abre-mais-de-500-vagas-em-graducao-para-migrantes-em-13-cidades","status":"publish","type":"post","link":"https:\/\/www.corumbaonline.com.br\/news\/uems-abre-mais-de-500-vagas-em-graducao-para-migrantes-em-13-cidades\/","title":{"rendered":"UEMS abre mais de 500 vagas em gradu\u00e7\u00e3o para migrantes em 13 cidades"},"content":{"rendered":"<p>A Pr\u00f3-Reitoria de Ensino (PROE) da Universidade Estadual de Mato Grosso do Sul (UEMS) informa que est\u00e3o abertas as inscri\u00e7\u00f5es para o\u00a0Processo Seletivo de Ingresso aos Cursos de Gradua\u00e7\u00e3o para Refugiados, Migrantes em Situa\u00e7\u00e3o de Vulnerabilidade e Ap\u00e1tridas. Os candidatos poder\u00e3o se candidatar para o preenchimento de\u00a0550 vagas remanescentes em 49 cursos de gradua\u00e7\u00e3o distribu\u00eddos em 13 Unidades Universit\u00e1rias da UEMS<em>.<\/em>\u00a0Os aprovados ir\u00e3o ingressar no 2\u00ba semestre de 2022 para os cursos semestrais e no 1\u00ba semestre de 2023 para os cursos anuais.<\/p>\n<p><a href=\"http:\/\/www.uems.br\/assets\/uploads\/ingresso\/formas\/1_2022-07-06_08-37-38.pdf\" target=\"_blank\" rel=\"noopener\"><strong>Acesse EDITAL N\u00ba 80\/2022 \u2013 PROE\/UEMS<\/strong><\/a><\/p>\n<p>Podem se candidatar pessoas que se enquadrem como refugiados, migrantes em situa\u00e7\u00e3o de vulnerabilidade e ap\u00e1tridas.<\/p>\n<ul>\n<li>Refugiado \u00e9 aquele que \u201creceando com raz\u00e3o ser perseguida em virtude da sua ra\u00e7a, religi\u00e3o, nacionalidade, filia\u00e7\u00e3o em certo grupo social ou das suas opini\u00f5es pol\u00edticas, se encontre fora do pa\u00eds de que tem a nacionalidade e n\u00e3o possa ou, em virtude daquele receio, n\u00e3o queira pedir a prote\u00e7\u00e3o daquele pa\u00eds\u201d (Conven\u00e7\u00e3o relativa ao Estatuto dos Refugiados, Art. 1\u00ba &#8211; A, n\u00ba 2, de 1951, com as altera\u00e7\u00f5es introduzidas pelo Protocolo de 1967);<\/li>\n<li>Migrante em situa\u00e7\u00e3o de vulnerabilidade \u00e9 aquele com a capacidade limitada de evitar, resistir, lidar ou recuperar-se do risco potencial ou da situa\u00e7\u00e3o de viol\u00eancia, explora\u00e7\u00e3o e abuso a que s\u00e3o expostos ou que vivenciam no contexto migrat\u00f3rio;<\/li>\n<li>Ap\u00e1trida \u00e9 aquela pessoa n\u00e3o considerada por qualquer Estado, segundo a sua legisla\u00e7\u00e3o, como seu nacional (Art. 1\u00ba da Conven\u00e7\u00e3o da Organiza\u00e7\u00e3o das Na\u00e7\u00f5es Unidas (ONU) sobre o Estatuto dos Ap\u00e1tridas, de 1954).<\/li>\n<\/ul>\n<p>N\u00e3o ser\u00e3o considerados como refugiados, migrantes em situa\u00e7\u00e3o de vulnerabilidade e ap\u00e1tridas, para fins desta Delibera\u00e7\u00e3o, cidad\u00e3os brasileiros, ainda que binacionais, assim como aqueles cujo genitor ou genitora seja brasileiro.<\/p>\n<p><strong>Inscri\u00e7\u00f5es<\/strong><\/p>\n<p>As inscri\u00e7\u00f5es podem ser realizadas exclusivamente pela Internet at\u00e9 \u00e0s 23h59 do dia 20 de julho de 2022 (hor\u00e1rio oficial de Mato Grosso do Sul).\u00a0N\u00e3o haver\u00e1 cobran\u00e7a de taxa de inscri\u00e7\u00e3o do candidato<em>.<\/em>\u00a0Para efetuar a inscri\u00e7\u00e3o, o\/a candidato\/a dever\u00e1 preencher o Formul\u00e1rio de Inscri\u00e7\u00e3o dispon\u00edvel em\u00a0<a href=\"https:\/\/forms.gle\/Fa3upxgFk2fwU4U6A\">forms.gle\/Fa3upxgFk2fwU4U6A<\/a>.<\/p>\n<p>No formul\u00e1rio, os candidatos dever\u00e3o preencher os dados pessoais, renda per capita, curso o qual tem interesse e as notas de Linguagens e Matem\u00e1tica constantes no Hist\u00f3rico Escolar do Ensino M\u00e9dio (ou curso equivalente) ou na Certifica\u00e7\u00e3o do Ensino M\u00e9dio emitida pelas institui\u00e7\u00f5es certificadoras. O candidato poder\u00e1 se inscrever em apenas um curso, devendo revisar e enviar o Formul\u00e1rio de Inscri\u00e7\u00e3o, responsabilizando-se pela exatid\u00e3o das informa\u00e7\u00f5es.<\/p>\n<p><strong>Confira a tabela de vagas abaixo:<\/strong><\/p>\n<p><img loading=\"lazy\" decoding=\"async\" class=\"aligncenter\" src=\"http:\/\/www.uems.br\/assets\/uploads\/noticias\/294a6b2c42f0b29d10e96c04ce32da2d\/1_294a6b2c42f0b29d10e96c04ce32da2d_2022-07-06_11-08-01.png\" alt=\"\" width=\"740\" height=\"1895\" \/><\/p>\n<p><em>UEMS<br \/>\nFoto: Arquivo Subcom<\/em><\/p>\n","protected":false},"excerpt":{"rendered":"<p>A Pr\u00f3-Reitoria de Ensino (PROE) da Universidade Estadual de Mato Grosso do Sul (UEMS) informa&#8230;<\/p>\n","protected":false},"author":13,"featured_media":11722702,"comment_status":"closed","ping_status":"closed","sticky":false,"template":"","format":"standard","meta":{"footnotes":""},"categories":[9],"tags":[],"class_list":["post-11726271","post","type-post","status-publish","format-standard","has-post-thumbnail","hentry","category-economia"],"_links":{"self":[{"href":"https:\/\/www.corumbaonline.com.br\/news\/wp-json\/wp\/v2\/posts\/11726271","targetHints":{"allow":["GET"]}}],"collection":[{"href":"https:\/\/www.corumbaonline.com.br\/news\/wp-json\/wp\/v2\/posts"}],"about":[{"href":"https:\/\/www.corumbaonline.com.br\/news\/wp-json\/wp\/v2\/types\/post"}],"author":[{"embeddable":true,"href":"https:\/\/www.corumbaonline.com.br\/news\/wp-json\/wp\/v2\/users\/13"}],"replies":[{"embeddable":true,"href":"https:\/\/www.corumbaonline.com.br\/news\/wp-json\/wp\/v2\/comments?post=11726271"}],"version-history":[{"count":1,"href":"https:\/\/www.corumbaonline.com.br\/news\/wp-json\/wp\/v2\/posts\/11726271\/revisions"}],"predecessor-version":[{"id":11726272,"href":"https:\/\/www.corumbaonline.com.br\/news\/wp-json\/wp\/v2\/posts\/11726271\/revisions\/11726272"}],"wp:featuredmedia":[{"embeddable":true,"href":"https:\/\/www.corumbaonline.com.br\/news\/wp-json\/wp\/v2\/media\/11722702"}],"wp:attachment":[{"href":"https:\/\/www.corumbaonline.com.br\/news\/wp-json\/wp\/v2\/media?parent=11726271"}],"wp:term":[{"taxonomy":"category","embeddable":true,"href":"https:\/\/www.corumbaonline.com.br\/news\/wp-json\/wp\/v2\/categories?post=11726271"},{"taxonomy":"post_tag","embeddable":true,"href":"https:\/\/www.corumbaonline.com.br\/news\/wp-json\/wp\/v2\/tags?post=11726271"}],"curies":[{"name":"wp","href":"https:\/\/api.w.org\/{rel}","templated":true}]}}