{"id":11727009,"date":"2022-08-15T08:34:00","date_gmt":"2022-08-15T12:34:00","guid":{"rendered":"http:\/\/www.corumbaonline.com.br\/news\/?p=11727009"},"modified":"2022-08-15T09:11:53","modified_gmt":"2022-08-15T13:11:53","slug":"eleicoes-2022-hoje-e-ultimo-dia-para-pedir-registro-de-candidaturas","status":"publish","type":"post","link":"https:\/\/www.corumbaonline.com.br\/news\/eleicoes-2022-hoje-e-ultimo-dia-para-pedir-registro-de-candidaturas\/","title":{"rendered":"Elei\u00e7\u00f5es 2022:\u00a0hoje\u00a0\u00e9 \u00faltimo dia para pedir registro de candidaturas"},"content":{"rendered":"<p><span id=\"OBJ_PREFIX_DWT667_com_zimbra_date\" role=\"link\">Hoje<\/span>\u00a0(15) \u00e9 o \u00faltimo dia para que partidos, coliga\u00e7\u00f5es e federa\u00e7\u00f5es partid\u00e1rias pe\u00e7am o registro de candidatos para qualquer um dos cargos em disputa nas elei\u00e7\u00f5es deste ano. Amanh\u00e3 (16), come\u00e7a a campanha eleitoral nas ruas. O primeiro turno de vota\u00e7\u00e3o est\u00e1 marcado para\u00a0<span id=\"OBJ_PREFIX_DWT668_com_zimbra_date\" role=\"link\">2 de outubro<\/span>.<img decoding=\"async\" src=\"https:\/\/agenciabrasil.ebc.com.br\/ebc.png?id=1476421&amp;o=node\" \/><img decoding=\"async\" src=\"https:\/\/agenciabrasil.ebc.com.br\/ebc.gif?id=1476421&amp;o=node\" \/><\/p>\n<p>Eventual segundo turno ocorrer\u00e1 em\u00a0<span id=\"OBJ_PREFIX_DWT669_com_zimbra_date\" role=\"link\">30 de outubro<\/span>, no caso das disputas para governador e presidente. Al\u00e9m desses, neste ano os eleitores votam para os cargos de senador, deputado federal e deputado estadual ou distrital.<\/p>\n<p>No caso de envio pela internet, o prazo para oficializar as candidaturas se encerrou \u00e0s 8h desta\u00a0<span id=\"OBJ_PREFIX_DWT670_com_zimbra_date\" role=\"link\">segunda<\/span>-feira (15). Ainda\u00a0h\u00e1 chance de entregar, at\u00e9 as 19h, as m\u00eddias com a documenta\u00e7\u00e3o necess\u00e1ria diretamente nas secretarias do Tribunal Superior Eleitoral (TSE) \u2013 se a candidatura for para presidente e vice \u2013 ou dos tribunais regionais eleitorais (TRE)\u00a0para os demais cargos.<\/p>\n<p>Cada partido pode apresentar apenas uma candidatura a presidente, governador e senador, com os respectivos suplentes. No caso de deputado federal, estadual ou distrital, cada sigla poder\u00e1 indicar candidatos no n\u00famero de todas as cadeiras a serem ocupadas, mais uma.<\/p>\n<p>No caso das elei\u00e7\u00f5es proporcionais \u2013 para deputado, seja federal, estadual ou distrital \u2013 a legisla\u00e7\u00e3o prev\u00ea que 30% das candidaturas apresentadas por cada legenda sejam obrigatoriamente de mulheres.<\/p>\n<p>No ato de registro deve constar sempre o nome a ser mostrado na urna, a rela\u00e7\u00e3o de bens do candidato, fotografia recente nas especifica\u00e7\u00f5es dadas pelo TSE, certid\u00f5es criminais e prova de alfabetiza\u00e7\u00e3o, entre outras informa\u00e7\u00f5es e documentos.<\/p>\n<p>At\u00e9 o momento, foram registradas, por exemplo, 12 candidaturas \u00e0 Presid\u00eancia da Rep\u00fablica, com os respectivos vices. Para governador, at\u00e9 o momento h\u00e1 185 candidatos, espalhados por todas as unidades da Federa\u00e7\u00e3o. No caso de senador, 192 se registraram.<\/p>\n<p>Para as elei\u00e7\u00f5es proporcionais foram registradas, at\u00e9 as 9h de\u00a0<span id=\"OBJ_PREFIX_DWT671_com_zimbra_date\" role=\"link\">sexta<\/span>-feira (12), 14.552 candidaturas a deputado\u00a0estadual, 9.211 a deputado federal e 544 a deputado distrital. Os dados s\u00e3o disponibilizados em tempo real no sistema de divulga\u00e7\u00e3o de candidaturas e contas da\u00a0<a href=\"https:\/\/divulgacandcontas.tse.jus.br\/\" target=\"_blank\" rel=\"noopener\">Justi\u00e7a Eleitoral<\/a>.<\/p>\n<p>Uma vez apresentado o registro, ele ainda deve ser julgado pela Justi\u00e7a Eleitoral, que pode deferi-lo ou n\u00e3o, conforme o atendimento aos requisitos legais. O prazo para o julgamento de todas as candidaturas \u00e9\u00a0<span id=\"OBJ_PREFIX_DWT673_com_zimbra_date\" role=\"link\">12 de setembro<\/span>, 20 dias antes do pleito.<\/p>\n","protected":false},"excerpt":{"rendered":"<p>Hoje\u00a0(15) \u00e9 o \u00faltimo dia para que partidos, coliga\u00e7\u00f5es e federa\u00e7\u00f5es partid\u00e1rias pe\u00e7am o registro&#8230;<\/p>\n","protected":false},"author":4,"featured_media":0,"comment_status":"closed","ping_status":"closed","sticky":false,"template":"","format":"standard","meta":{"footnotes":""},"categories":[101,19],"tags":[],"class_list":["post-11727009","post","type-post","status-publish","format-standard","hentry","category-eleicoes","category-politica"],"_links":{"self":[{"href":"https:\/\/www.corumbaonline.com.br\/news\/wp-json\/wp\/v2\/posts\/11727009","targetHints":{"allow":["GET"]}}],"collection":[{"href":"https:\/\/www.corumbaonline.com.br\/news\/wp-json\/wp\/v2\/posts"}],"about":[{"href":"https:\/\/www.corumbaonline.com.br\/news\/wp-json\/wp\/v2\/types\/post"}],"author":[{"embeddable":true,"href":"https:\/\/www.corumbaonline.com.br\/news\/wp-json\/wp\/v2\/users\/4"}],"replies":[{"embeddable":true,"href":"https:\/\/www.corumbaonline.com.br\/news\/wp-json\/wp\/v2\/comments?post=11727009"}],"version-history":[{"count":1,"href":"https:\/\/www.corumbaonline.com.br\/news\/wp-json\/wp\/v2\/posts\/11727009\/revisions"}],"predecessor-version":[{"id":11727010,"href":"https:\/\/www.corumbaonline.com.br\/news\/wp-json\/wp\/v2\/posts\/11727009\/revisions\/11727010"}],"wp:attachment":[{"href":"https:\/\/www.corumbaonline.com.br\/news\/wp-json\/wp\/v2\/media?parent=11727009"}],"wp:term":[{"taxonomy":"category","embeddable":true,"href":"https:\/\/www.corumbaonline.com.br\/news\/wp-json\/wp\/v2\/categories?post=11727009"},{"taxonomy":"post_tag","embeddable":true,"href":"https:\/\/www.corumbaonline.com.br\/news\/wp-json\/wp\/v2\/tags?post=11727009"}],"curies":[{"name":"wp","href":"https:\/\/api.w.org\/{rel}","templated":true}]}}