{"id":11727078,"date":"2022-08-16T11:17:00","date_gmt":"2022-08-16T15:17:00","guid":{"rendered":"http:\/\/www.corumbaonline.com.br\/news\/?p=11727078"},"modified":"2022-08-16T12:26:12","modified_gmt":"2022-08-16T16:26:12","slug":"apos-seis-meses-vereador-deixa-o-legislativo-com-balanco-positivo","status":"publish","type":"post","link":"https:\/\/www.corumbaonline.com.br\/news\/apos-seis-meses-vereador-deixa-o-legislativo-com-balanco-positivo\/","title":{"rendered":"Ap\u00f3s seis meses, vereador deixa o Legislativo com balan\u00e7o positivo"},"content":{"rendered":"<figure id=\"attachment_11727080\" aria-describedby=\"caption-attachment-11727080\" style=\"width: 300px\" class=\"wp-caption alignright\"><img loading=\"lazy\" decoding=\"async\" class=\"size-medium wp-image-11727080\" src=\"https:\/\/www.corumbaonline.com.br\/news\/wp-content\/uploads\/2022\/08\/foto117749-300x200.jpg\" alt=\"\" width=\"300\" height=\"200\" srcset=\"https:\/\/www.corumbaonline.com.br\/news\/wp-content\/uploads\/2022\/08\/foto117749-300x200.jpg 300w, https:\/\/www.corumbaonline.com.br\/news\/wp-content\/uploads\/2022\/08\/foto117749.jpg 441w\" sizes=\"auto, (max-width: 300px) 100vw, 300px\" \/><figcaption id=\"caption-attachment-11727080\" class=\"wp-caption-text\">Marcelo, na despedida, fez um balan\u00e7o do per\u00edodo em que esteve no Legislativo (Foto: Ascom)<\/figcaption><\/figure>\n<p>Foram seis meses de intensa atua\u00e7\u00e3o com mais de 10 Projetos de Leis aprovados e 40 requerimentos encaminhados \u00e0 Prefeitura, reivindicando benfeitorias para a popula\u00e7\u00e3o. Marcelo Ara\u00fajo se despediu ontem, segunda-feira, 15, da C\u00e2mara, com um balan\u00e7o que ele mesmo considerou positivo: \u201cTenho tranquilidade em afirmar que aqui fiz meu melhor. Honrei cada um dos 888 votos que recebi\u201d.<\/p>\n<p>Ciente de dever cumprido, ele retorna ao Poder Executivo (\u00e9 servidor p\u00fablico de carreira), com a volta de Luciano Costa que deixou o cargo de secret\u00e1rio de Rela\u00e7\u00f5es Institucionais na Prefeitura, vaga que ser\u00e1 ocupada justamente por Marcelo, para integrar um outro projeto pol\u00edtico e administrativo essenciais \u00e0 Corumb\u00e1.<\/p>\n<p>\u201cAssumo agora, a miss\u00e3o de trabalhar pela manuten\u00e7\u00e3o e pelo fortalecimento do alinhamento pol\u00edtico de Corumb\u00e1 com os governos do Estado e Federal\u201d, salientou, agradecendo a boa conviv\u00eancia com todos os integrantes da Casa de Leis, assegurando \u00e0 popula\u00e7\u00e3o corumbaense que voc\u00eas est\u00e3o, em gigantesca maioria, bem representados aqui\u201d.<\/p>\n<p>\u201cForam seis meses que trabalhei pela minha cidade, n\u00e3o s\u00f3 pelos meus eleitores. Agrade\u00e7o do fundo do meu cora\u00e7\u00e3o quem acreditou no meu projeto, e esses sabem, com certeza absoluta, que meu compromisso \u00e9 com a nossa cidade, e procurei fazer isso sem distin\u00e7\u00e3o. Atendi todo mundo que me procurou e busquei trabalhar pela inclus\u00e3o, pela soma e pela valoriza\u00e7\u00e3o da popula\u00e7\u00e3o e dos servidores p\u00fablicos\u201d, enfatizou.<\/p>\n<p>Marcelo agradeceu tamb\u00e9m aos servidores do Legislativo pela aten\u00e7\u00e3o e presteza dedicadas ao seu mandato. \u201cHoje deixo a C\u00e2mara para assumir outra miss\u00e3o valorosa e t\u00e3o importante quanto. Vereadores, tenham em mim um parceiro. Estarei sempre pronto para atend\u00ea-los e para fazer essa ponte t\u00e3o necess\u00e1ria com o Executivo\u201d.<\/p>\n<p>A experi\u00eancia, para ele, foi um aprendizado. Disse que fez o seu melhor e que \u201cpoderei contribuir ainda mais com minha cidade\u201d. Agradeceu a esposa Carol \u201cpela compreens\u00e3o\u201d, e que \u201cao se lado sou mais forte e mais corajoso\u201d, e aos filhos Guilherme e Davi, \u201co pai ama voc\u00eas de um jeito que nem em tr\u00eas vidas eu poderia demonstrar\u201d, bem como \u00e0 m\u00e3e, pai, irm\u00e3os e amigos, afirmando que \u00a0\u201cvoc\u00eas s\u00e3o as colunas que me sustentam diariamente\u201d.<\/p>\n<p>PROJETOS APROVADOS<\/p>\n<p>Em seu \u00faltimo dia no Legislativo, antes de assumir a pasta de Rela\u00e7\u00f5es Institucionais, Marcelo teve aprovado, por unanimidade, projetos importantes apresentados na C\u00e2mara, tais como o que classifica as Academias de Artes Marciais como uma atividade essencial \u00e0 sa\u00fade; obrigatoriedade de campanhas de exibi\u00e7\u00e3o de v\u00eddeos educativos antidrogas nas escolas p\u00fablicas e privadas.<\/p>\n<p>Aprovados ainda Projetos de Leis que prev\u00ea a institui\u00e7\u00e3o do Selo Empresa Amiga do Esporte e do Lazer; Programa Pequeno Atleta que vai atender crian\u00e7as e adolescentes com habilidades esportivas nas mais diferentes modalidades; Programa de Sa\u00fade Bucal destinado aos alunos do 1\u00ba aos 9\u00ba anos das escolas da Rede Municipal de Ensino (Reme), entre outros, que v\u00e3o ser submetidos a san\u00e7\u00f5es por parte do Poder Executivo.<\/p>\n<p>Al\u00e9m disso, os vereadores presentes a sess\u00e3o, destacaram a atua\u00e7\u00e3o de Marcelo, principalmente o seu conhecimento na \u00e1rea da sa\u00fade. O presidente do Legislativo, Roberto Fa\u00e7anha, disse ter certeza de que \u201ccontinuar\u00e1 desenvolvendo um bom trabalho em prol da popula\u00e7\u00e3o\u201d. Foi elogiado tamb\u00e9m pelos vereadores Bira, Allex Dellas, Nelsinho Dib, Elinho Junior, Samyr Qualhada e pelos demais integrantes do Legislativo, que destacaram a forma serena de marcou os seis meses de Marcelo na C\u00e2mara, sempre pautado no bem-estar do corumbaense.<\/p>\n","protected":false},"excerpt":{"rendered":"<p>Foram seis meses de intensa atua\u00e7\u00e3o com mais de 10 Projetos de Leis aprovados e&#8230;<\/p>\n","protected":false},"author":63,"featured_media":0,"comment_status":"closed","ping_status":"closed","sticky":false,"template":"","format":"standard","meta":{"footnotes":""},"categories":[101,19],"tags":[],"class_list":["post-11727078","post","type-post","status-publish","format-standard","hentry","category-eleicoes","category-politica"],"_links":{"self":[{"href":"https:\/\/www.corumbaonline.com.br\/news\/wp-json\/wp\/v2\/posts\/11727078","targetHints":{"allow":["GET"]}}],"collection":[{"href":"https:\/\/www.corumbaonline.com.br\/news\/wp-json\/wp\/v2\/posts"}],"about":[{"href":"https:\/\/www.corumbaonline.com.br\/news\/wp-json\/wp\/v2\/types\/post"}],"author":[{"embeddable":true,"href":"https:\/\/www.corumbaonline.com.br\/news\/wp-json\/wp\/v2\/users\/63"}],"replies":[{"embeddable":true,"href":"https:\/\/www.corumbaonline.com.br\/news\/wp-json\/wp\/v2\/comments?post=11727078"}],"version-history":[{"count":2,"href":"https:\/\/www.corumbaonline.com.br\/news\/wp-json\/wp\/v2\/posts\/11727078\/revisions"}],"predecessor-version":[{"id":11727081,"href":"https:\/\/www.corumbaonline.com.br\/news\/wp-json\/wp\/v2\/posts\/11727078\/revisions\/11727081"}],"wp:attachment":[{"href":"https:\/\/www.corumbaonline.com.br\/news\/wp-json\/wp\/v2\/media?parent=11727078"}],"wp:term":[{"taxonomy":"category","embeddable":true,"href":"https:\/\/www.corumbaonline.com.br\/news\/wp-json\/wp\/v2\/categories?post=11727078"},{"taxonomy":"post_tag","embeddable":true,"href":"https:\/\/www.corumbaonline.com.br\/news\/wp-json\/wp\/v2\/tags?post=11727078"}],"curies":[{"name":"wp","href":"https:\/\/api.w.org\/{rel}","templated":true}]}}