{"id":11727487,"date":"2022-09-10T08:36:00","date_gmt":"2022-09-10T12:36:00","guid":{"rendered":"http:\/\/www.corumbaonline.com.br\/news\/?p=11727487"},"modified":"2022-09-10T10:01:17","modified_gmt":"2022-09-10T14:01:17","slug":"candidatos-a-governador-visitam-interior-de-ms-neste-sabado%ef%bf%bc","status":"publish","type":"post","link":"https:\/\/www.corumbaonline.com.br\/news\/candidatos-a-governador-visitam-interior-de-ms-neste-sabado%ef%bf%bc\/","title":{"rendered":"Candidatos a governador visitam interior de MS neste s\u00e1bado\ufffc"},"content":{"rendered":"<p>Neste s\u00e1bado (10), candidatos ao Governo de Mato Grosso do Sul se dividem entre o interior do Estado. As agendas foram confirmadas pelas assessorias dos pretendentes ao cargo.<\/p>\n<p>Os nomes citados s\u00e3o de pol\u00edticos que registraram a candidatura no\u00a0<a href=\"https:\/\/www.tre-ms.jus.br\/\" target=\"_blank\" rel=\"noopener\">TRE<\/a>-MS (Tribunal Regional Eleitoral de Mato Grosso do Sul) e aguardam julgamento da Justi\u00e7a Eleitoral para concorrerem \u00e0s\u00a0<a href=\"https:\/\/midiamax.uol.com.br\/?s=elei%C3%A7%C3%B5es\">Elei\u00e7\u00f5es\u00a0<\/a>de 2022.<\/p>\n<h3>Agenda dos candidatos<\/h3>\n<p>Adonis Marcos (Psol) visita a regi\u00e3o do Coophasul em Campo Grande.\u00a0<a class=\"st_tag internal_tag \" title=\"not\u00edcias sobre Capit\u00e3o Contar\" href=\"https:\/\/midiamax.uol.com.br\/tag\/capitao-contar\/\" rel=\"tag\">Capit\u00e3o Contar<\/a>\u00a0(PRTB) passa por Ivinhema, Ang\u00e9lica, Deod\u00e1polis e Gl\u00f3ria de Dourados neste s\u00e1bado (9).<\/p>\n<div><\/div>\n<div><\/div>\n<p>Rose Modesto (Uni\u00e3o Brasil) visita Bela Vista e Jardim. Giselle Marques (PT) passa pelo Jardim Leblon e Jardim Noroeste.<\/p>\n<p>Eduardo Riedel (PSDB) passa por Cassil\u00e2ndia, Inoc\u00eancia e depois retorna para Campo Grande.\u00a0<a class=\"st_tag internal_tag \" title=\"not\u00edcias sobre Andr\u00e9 Puccinelli\" href=\"https:\/\/midiamax.uol.com.br\/tag\/andre-puccinelli\/\" rel=\"tag\">Andr\u00e9 Puccinelli<\/a>\u00a0(MDB) cumpre agenda em Anast\u00e1cio. Marquinhos Trad (PSD) n\u00e3o divulgou agenda at\u00e9 o fechamento desta mat\u00e9ria.<\/p>\n","protected":false},"excerpt":{"rendered":"<p>Neste s\u00e1bado (10), candidatos ao Governo de Mato Grosso do Sul se dividem entre o&#8230;<\/p>\n","protected":false},"author":10,"featured_media":0,"comment_status":"closed","ping_status":"closed","sticky":false,"template":"","format":"standard","meta":{"footnotes":""},"categories":[101,19],"tags":[],"class_list":["post-11727487","post","type-post","status-publish","format-standard","hentry","category-eleicoes","category-politica"],"_links":{"self":[{"href":"https:\/\/www.corumbaonline.com.br\/news\/wp-json\/wp\/v2\/posts\/11727487","targetHints":{"allow":["GET"]}}],"collection":[{"href":"https:\/\/www.corumbaonline.com.br\/news\/wp-json\/wp\/v2\/posts"}],"about":[{"href":"https:\/\/www.corumbaonline.com.br\/news\/wp-json\/wp\/v2\/types\/post"}],"author":[{"embeddable":true,"href":"https:\/\/www.corumbaonline.com.br\/news\/wp-json\/wp\/v2\/users\/10"}],"replies":[{"embeddable":true,"href":"https:\/\/www.corumbaonline.com.br\/news\/wp-json\/wp\/v2\/comments?post=11727487"}],"version-history":[{"count":1,"href":"https:\/\/www.corumbaonline.com.br\/news\/wp-json\/wp\/v2\/posts\/11727487\/revisions"}],"predecessor-version":[{"id":11727488,"href":"https:\/\/www.corumbaonline.com.br\/news\/wp-json\/wp\/v2\/posts\/11727487\/revisions\/11727488"}],"wp:attachment":[{"href":"https:\/\/www.corumbaonline.com.br\/news\/wp-json\/wp\/v2\/media?parent=11727487"}],"wp:term":[{"taxonomy":"category","embeddable":true,"href":"https:\/\/www.corumbaonline.com.br\/news\/wp-json\/wp\/v2\/categories?post=11727487"},{"taxonomy":"post_tag","embeddable":true,"href":"https:\/\/www.corumbaonline.com.br\/news\/wp-json\/wp\/v2\/tags?post=11727487"}],"curies":[{"name":"wp","href":"https:\/\/api.w.org\/{rel}","templated":true}]}}