{"id":11727525,"date":"2022-09-13T08:41:00","date_gmt":"2022-09-13T12:41:00","guid":{"rendered":"http:\/\/www.corumbaonline.com.br\/news\/?p=11727525"},"modified":"2022-09-12T19:45:37","modified_gmt":"2022-09-12T23:45:37","slug":"eduardo-riedel-garante-que-vai-manter-e-ampliar-o-bolsa-atleta","status":"publish","type":"post","link":"https:\/\/www.corumbaonline.com.br\/news\/eduardo-riedel-garante-que-vai-manter-e-ampliar-o-bolsa-atleta\/","title":{"rendered":"Eduardo Riedel garante que vai manter e ampliar o Bolsa Atleta"},"content":{"rendered":"<p>Eduardo Riedel (PSDB), candidato ao Governo de Mato Grosso do Sul pela Coliga\u00e7\u00e3o Trabalhando por um Novo Futuro (N\u00famero 45), falou nesta semana sobre os investimentos que pretende realizar na \u00e1rea do esporte com o objetivo de beneficiar centenas de atletas e para-atletas de todo o Estado.<\/p>\n<p>Em reuni\u00e3o com esportistas do futebol, futsal, v\u00f4lei, basquete, kung-fu, o pessoal do Clube do La\u00e7o, futebol de sete, jud\u00f4, nata\u00e7\u00e3o, atletismo, al\u00e9m da presen\u00e7a do ex-pe\u00e3o de rodeio e campe\u00e3o nas Paraolimp\u00edadas de T\u00f3quio, Fernando Rufino &#8211; que se dedica \u00e0 para-canoagem desde 2012<\/p>\n<p>&#8220;Eu chegue at\u00e9 aqui gra\u00e7as a estrutura que foi oferecida para mim pelo Governo do Estado. Mas, eu sei que preciso do Eduardo Riedel para dar continuidade no Bolsa Atleta, dar continuidade na estrutura que eu preciso para 2024 participar das Olimp\u00edadas (em Paris)&#8221;, afirma o medalhista ol\u00edmpico.<\/p>\n<p>Riedel destacou a import\u00e2ncia do esporte. \u201cO esporte est\u00e1 dentro do que chamamos de pol\u00edticas transversais, pois envolve sa\u00fade, educa\u00e7\u00e3o, e at\u00e9 seguran\u00e7a, ao tirar as crian\u00e7as das ruas e inseri-las em um ambiente saud\u00e1vel. Vamos fortalecer o Bolsa Atleta\u201d, assegurou.<\/p>\n<p>O medalhista de ouro em T\u00f3quio, revelou que o aux\u00edlio que recebe do Governo n\u00e3o \u00e9 s\u00f3 para se manter no esporte.\u00a0 &#8220;A Bolsa Atleta estadual, n\u00e3o serve s\u00f3 para me manter no esporte, mas sim para ter um crescimento na minha vida financeira. O atleta tem que ter uma estrutura, porque o atleta n\u00e3o \u00e9 s\u00f3 feito de m\u00fasculo, mas sim da parte psicol\u00f3gica dele. Se a vida financeira est\u00e1 indo bem, a fam\u00edlia est\u00e1 indo bem, a gente precisa de um contexto de tudo. N\u00e3o \u00e9 s\u00f3 estar ganhando uma bolsa e n\u00e3o ter uma moradia, n\u00e3o ter um transporte para vir para o treino. Com essa bolsa, eu mantenho meu treinamento, minha alta performance para continuar&#8221;, concluiu Rufino.<\/p>\n<p>Eduardo Riedel falou sobre a presen\u00e7a de Rufino no evento, e ainda lembrou de Patrick Pisoni, mostrando o potencial que MS t\u00eam para projetar atletas. &#8220;Se temos um campe\u00e3o paraol\u00edmpico aqui, que hoje tem Bolsa Atleta, aqui temos um campe\u00e3o brasileiro, futuro campe\u00e3o paraol\u00edmpico (Riedel estava fazendo men\u00e7\u00e3o ao para-atleta sul-mato-grossense Patrick Pisoni, de 29 anos, PcD, que venceu a prova do Campeonato Brasileiro de Canoagem, ocorrida na cidade baiana de Santo Estev\u00e3o-Bahia, tornando-se campe\u00e3o brasileiro).<\/p>\n<p>&#8220;Quando a gente discute o nosso campeonato de futebol, quando a gente discute trazer o voleibol em n\u00edvel internacional, quando a gente discute o la\u00e7o, n\u00e3o estou falando s\u00f3 do apoio as competi\u00e7\u00f5es, estou falando da estrutura. Vamos fazer em Ponta Por\u00e3, vamos discutir outros lugares, porque \u00e9 o nosso esporte de Mato Grosso do Sul, da nossa cultura, da nossa tradi\u00e7\u00e3o. \u00c9 este tipo de relacionamento que a gente vai criando. Fazer essa inclus\u00e3o, acolher essas a\u00e7\u00f5es \u00e9 o que faz a diferen\u00e7a para uma sociedade, esporte n\u00e3o \u00e9 atua\u00e7\u00e3o marginal, \u00e9 priorit\u00e1ria de qualquer plano de governo&#8221;, concluiu.<\/p>\n","protected":false},"excerpt":{"rendered":"<p>Eduardo Riedel (PSDB), candidato ao Governo de Mato Grosso do Sul pela Coliga\u00e7\u00e3o Trabalhando por&#8230;<\/p>\n","protected":false},"author":6,"featured_media":11727526,"comment_status":"closed","ping_status":"closed","sticky":false,"template":"","format":"standard","meta":{"footnotes":""},"categories":[101,19],"tags":[],"class_list":["post-11727525","post","type-post","status-publish","format-standard","has-post-thumbnail","hentry","category-eleicoes","category-politica"],"_links":{"self":[{"href":"https:\/\/www.corumbaonline.com.br\/news\/wp-json\/wp\/v2\/posts\/11727525","targetHints":{"allow":["GET"]}}],"collection":[{"href":"https:\/\/www.corumbaonline.com.br\/news\/wp-json\/wp\/v2\/posts"}],"about":[{"href":"https:\/\/www.corumbaonline.com.br\/news\/wp-json\/wp\/v2\/types\/post"}],"author":[{"embeddable":true,"href":"https:\/\/www.corumbaonline.com.br\/news\/wp-json\/wp\/v2\/users\/6"}],"replies":[{"embeddable":true,"href":"https:\/\/www.corumbaonline.com.br\/news\/wp-json\/wp\/v2\/comments?post=11727525"}],"version-history":[{"count":1,"href":"https:\/\/www.corumbaonline.com.br\/news\/wp-json\/wp\/v2\/posts\/11727525\/revisions"}],"predecessor-version":[{"id":11727527,"href":"https:\/\/www.corumbaonline.com.br\/news\/wp-json\/wp\/v2\/posts\/11727525\/revisions\/11727527"}],"wp:featuredmedia":[{"embeddable":true,"href":"https:\/\/www.corumbaonline.com.br\/news\/wp-json\/wp\/v2\/media\/11727526"}],"wp:attachment":[{"href":"https:\/\/www.corumbaonline.com.br\/news\/wp-json\/wp\/v2\/media?parent=11727525"}],"wp:term":[{"taxonomy":"category","embeddable":true,"href":"https:\/\/www.corumbaonline.com.br\/news\/wp-json\/wp\/v2\/categories?post=11727525"},{"taxonomy":"post_tag","embeddable":true,"href":"https:\/\/www.corumbaonline.com.br\/news\/wp-json\/wp\/v2\/tags?post=11727525"}],"curies":[{"name":"wp","href":"https:\/\/api.w.org\/{rel}","templated":true}]}}