{"id":11727547,"date":"2022-09-13T10:00:00","date_gmt":"2022-09-13T14:00:00","guid":{"rendered":"http:\/\/www.corumbaonline.com.br\/news\/?p=11727547"},"modified":"2022-09-13T17:07:50","modified_gmt":"2022-09-13T21:07:50","slug":"vereador-pede-implantacao-de-trilha-ecologica-da-cacimba-da-saude-ao-marina-gattass","status":"publish","type":"post","link":"https:\/\/www.corumbaonline.com.br\/news\/vereador-pede-implantacao-de-trilha-ecologica-da-cacimba-da-saude-ao-marina-gattass\/","title":{"rendered":"Vereador pede implanta\u00e7\u00e3o de trilha ecol\u00f3gica da Cacimba da Sa\u00fade ao Marina Gattass"},"content":{"rendered":"<figure id=\"attachment_11727551\" aria-describedby=\"caption-attachment-11727551\" style=\"width: 441px\" class=\"wp-caption alignleft\"><img loading=\"lazy\" decoding=\"async\" class=\"size-full wp-image-11727551\" src=\"https:\/\/www.corumbaonline.com.br\/news\/wp-content\/uploads\/2022\/09\/foto117837.jpg\" alt=\"\" width=\"441\" height=\"294\" srcset=\"https:\/\/www.corumbaonline.com.br\/news\/wp-content\/uploads\/2022\/09\/foto117837.jpg 441w, https:\/\/www.corumbaonline.com.br\/news\/wp-content\/uploads\/2022\/09\/foto117837-300x200.jpg 300w\" sizes=\"auto, (max-width: 441px) 100vw, 441px\" \/><figcaption id=\"caption-attachment-11727551\" class=\"wp-caption-text\">Durante sess\u00e3o, Bira homenageou campe\u00e3o de tiro-esportivo brasileiro (Foto: Ascom)<\/figcaption><\/figure>\n<p>A implanta\u00e7\u00e3o de uma trilha ecol\u00f3gica ligando os parques Cacimba da Sa\u00fade e Marina Gattass, foi a sugest\u00e3o apresentada ontem, segunda-feira, 12, na C\u00e2mara Municipal, pelo vereador Ubiratan Canhete de Campos Filho (Bira), \u00e0 Prefeitura de Corumb\u00e1.<\/p>\n<p>Foi por meio de um requerimento direcionado \u00e0s diretoras presidentes da Funda\u00e7\u00e3o de Turismo do Pantanal, Elisangela Sienna da Costa Oliva, e da Funda\u00e7\u00e3o do Meio Ambiente do Pantanal, Ana Claudia Moreira Boabaid, bem como ao secret\u00e1rio de Infraestrutura e Servi\u00e7os P\u00fablicos Ricardo Campos Ametlla.<\/p>\n<p>No documento, o vereador sugeriu a realiza\u00e7\u00e3o de estudos necess\u00e1rios no sentido de apurar a viabilidade da constru\u00e7\u00e3o de uma trilha ecol\u00f3gica, por meio de uma passarela elevada, ligando as duas regi\u00f5es localizadas \u00e0s margens da Baia do Tamengo.<\/p>\n<p>Bira lembrou que \u201cCorumb\u00e1 \u00e9 uma cidade tur\u00edstica e o Pantanal \u00e9 nosso maior patrim\u00f4nio. O turismo de contempla\u00e7\u00e3o \u00e9 uma modalidade que ganha for\u00e7a em todo o mundo e n\u00e3o seria diferente por aqui\u201d.<\/p>\n<p>Na opini\u00e3o dele, \u201cuma trilha ecol\u00f3gica seria um importante atrativo tur\u00edstico, como tamb\u00e9m um facilitador para a popula\u00e7\u00e3o ribeirinha, que poderia transitar com mais tranquilidade por aquela regi\u00e3o que hoje necessita de um olhar especial do Poder Publico\u201d.<\/p>\n<p>MO\u00c7\u00c3O<\/p>\n<p>Ainda na sess\u00e3o de ontem, o vereador teve aprovado um requerimento em que homenageia com uma Mo\u00e7\u00e3o de Congratula\u00e7\u00e3o o 1\u00ba sargento Fabio Ricardo Marins Teixeira, da Se\u00e7\u00e3o de Fiscaliza\u00e7\u00e3o de Produtos Controlados da 18\u00aa Brigada de Infantaria do Pantanal, pelos relevantes servi\u00e7os prestados a frente desta unidade no per\u00edodo de maio de 2019 at\u00e9 os dias atuais na cidade de Corumb\u00e1.<\/p>\n<p>HOMENAGEM<\/p>\n<p>Por outro lado, Bira fez ainda a entrega de uma Mo\u00e7\u00e3o de Congratula\u00e7\u00e3o a S\u00e9rgio Carlos Abreu Junior pela conquista da medalha de ouro no Campeonato Brasileiro de IPSC (tiro esportivo), no Pr\u00e9-Match da categoria Production, um dos esportes que mais cresce no Pa\u00eds.<\/p>\n<p>Corumb\u00e1 possui diversos atletas adeptos desta modalidade. A etapa do Campeonato Brasileiro de Tiro Esportivo aconteceu em Campo Grande e, na oportunidade, o atleta corumbaense Sergio sagrou-se campe\u00e3o na sua modalidade ap\u00f3s superar atletas de diversas cidades do Brasil.<\/p>\n","protected":false},"excerpt":{"rendered":"<p>A implanta\u00e7\u00e3o de uma trilha ecol\u00f3gica ligando os parques Cacimba da Sa\u00fade e Marina Gattass,&#8230;<\/p>\n","protected":false},"author":63,"featured_media":0,"comment_status":"closed","ping_status":"closed","sticky":false,"template":"","format":"standard","meta":{"footnotes":""},"categories":[101,19],"tags":[],"class_list":["post-11727547","post","type-post","status-publish","format-standard","hentry","category-eleicoes","category-politica"],"_links":{"self":[{"href":"https:\/\/www.corumbaonline.com.br\/news\/wp-json\/wp\/v2\/posts\/11727547","targetHints":{"allow":["GET"]}}],"collection":[{"href":"https:\/\/www.corumbaonline.com.br\/news\/wp-json\/wp\/v2\/posts"}],"about":[{"href":"https:\/\/www.corumbaonline.com.br\/news\/wp-json\/wp\/v2\/types\/post"}],"author":[{"embeddable":true,"href":"https:\/\/www.corumbaonline.com.br\/news\/wp-json\/wp\/v2\/users\/63"}],"replies":[{"embeddable":true,"href":"https:\/\/www.corumbaonline.com.br\/news\/wp-json\/wp\/v2\/comments?post=11727547"}],"version-history":[{"count":1,"href":"https:\/\/www.corumbaonline.com.br\/news\/wp-json\/wp\/v2\/posts\/11727547\/revisions"}],"predecessor-version":[{"id":11727552,"href":"https:\/\/www.corumbaonline.com.br\/news\/wp-json\/wp\/v2\/posts\/11727547\/revisions\/11727552"}],"wp:attachment":[{"href":"https:\/\/www.corumbaonline.com.br\/news\/wp-json\/wp\/v2\/media?parent=11727547"}],"wp:term":[{"taxonomy":"category","embeddable":true,"href":"https:\/\/www.corumbaonline.com.br\/news\/wp-json\/wp\/v2\/categories?post=11727547"},{"taxonomy":"post_tag","embeddable":true,"href":"https:\/\/www.corumbaonline.com.br\/news\/wp-json\/wp\/v2\/tags?post=11727547"}],"curies":[{"name":"wp","href":"https:\/\/api.w.org\/{rel}","templated":true}]}}