{"id":11727569,"date":"2022-09-14T08:23:00","date_gmt":"2022-09-14T12:23:00","guid":{"rendered":"http:\/\/www.corumbaonline.com.br\/news\/?p=11727569"},"modified":"2022-09-14T08:43:05","modified_gmt":"2022-09-14T12:43:05","slug":"candidatos-a-governador-de-ms-ficam-em-campo-grande-nesta-quarta","status":"publish","type":"post","link":"https:\/\/www.corumbaonline.com.br\/news\/candidatos-a-governador-de-ms-ficam-em-campo-grande-nesta-quarta\/","title":{"rendered":"Candidatos a governador de MS ficam em Campo Grande nesta quarta"},"content":{"rendered":"<p>Nesta quarta-feira (14), candidatos ao Governo de Mato Grosso do Sul ficam em Campo Grande e participam de entrevistas. As agendas foram confirmadas pelas assessorias dos pretendentes ao cargo.<\/p>\n<p>Os nomes citados s\u00e3o de pol\u00edticos que registraram a candidatura no\u00a0<a href=\"https:\/\/www.tre-ms.jus.br\/\" target=\"_blank\" rel=\"noopener\">TRE<\/a>-MS (Tribunal Regional Eleitoral de Mato Grosso do Sul) e aguardam julgamento da\u00a0<a class=\"st_tag internal_tag \" title=\"not\u00edcias sobre Justi\u00e7a\" href=\"https:\/\/midiamax.uol.com.br\/tag\/justica\/\" rel=\"tag\">Justi\u00e7a<\/a>\u00a0Eleitoral para concorrerem \u00e0s\u00a0<a href=\"https:\/\/midiamax.uol.com.br\/?s=elei%C3%A7%C3%B5es\">Elei\u00e7\u00f5es\u00a0<\/a>de 2022.<\/p>\n<h3>Agenda dos candidatos<\/h3>\n<p>Eduardo Riedel (PSDB) fica em Campo Grande nesta quarta-feira (14) e participa de reuni\u00f5es. Capit\u00e3o Contar (PRTB) participa de reuni\u00f5es com empresas na Capital.<\/p>\n<p>Rose Modesto (Uni\u00e3o Brasil) fica em Campo Grande e realiza encontro com trabalhadores. Giselle Marques (PT) tamb\u00e9m fica na Capital para grava\u00e7\u00e3o de propaganda eleitoral.<\/p>\n<p>Eduardo Riedel (PSDB) concede entrevistas em Campo Grande.\u00a0<a class=\"st_tag internal_tag \" title=\"not\u00edcias sobre Andr\u00e9 Puccinelli\" href=\"https:\/\/midiamax.uol.com.br\/tag\/andre-puccinelli\/\" rel=\"tag\">Andr\u00e9 Puccinelli<\/a>\u00a0(MDB) fica na Capital e participa de entrevistas.<\/p>\n<p>Marquinhos Trad (PSD) visita empresas na Capital. O candidato Magno Souza n\u00e3o divulgou agenda para esta quarta-feira (14).<\/p>\n","protected":false},"excerpt":{"rendered":"<p>Nesta quarta-feira (14), candidatos ao Governo de Mato Grosso do Sul ficam em Campo Grande&#8230;<\/p>\n","protected":false},"author":10,"featured_media":11727474,"comment_status":"closed","ping_status":"closed","sticky":false,"template":"","format":"standard","meta":{"footnotes":""},"categories":[101,19],"tags":[],"class_list":["post-11727569","post","type-post","status-publish","format-standard","has-post-thumbnail","hentry","category-eleicoes","category-politica"],"_links":{"self":[{"href":"https:\/\/www.corumbaonline.com.br\/news\/wp-json\/wp\/v2\/posts\/11727569","targetHints":{"allow":["GET"]}}],"collection":[{"href":"https:\/\/www.corumbaonline.com.br\/news\/wp-json\/wp\/v2\/posts"}],"about":[{"href":"https:\/\/www.corumbaonline.com.br\/news\/wp-json\/wp\/v2\/types\/post"}],"author":[{"embeddable":true,"href":"https:\/\/www.corumbaonline.com.br\/news\/wp-json\/wp\/v2\/users\/10"}],"replies":[{"embeddable":true,"href":"https:\/\/www.corumbaonline.com.br\/news\/wp-json\/wp\/v2\/comments?post=11727569"}],"version-history":[{"count":2,"href":"https:\/\/www.corumbaonline.com.br\/news\/wp-json\/wp\/v2\/posts\/11727569\/revisions"}],"predecessor-version":[{"id":11727572,"href":"https:\/\/www.corumbaonline.com.br\/news\/wp-json\/wp\/v2\/posts\/11727569\/revisions\/11727572"}],"wp:featuredmedia":[{"embeddable":true,"href":"https:\/\/www.corumbaonline.com.br\/news\/wp-json\/wp\/v2\/media\/11727474"}],"wp:attachment":[{"href":"https:\/\/www.corumbaonline.com.br\/news\/wp-json\/wp\/v2\/media?parent=11727569"}],"wp:term":[{"taxonomy":"category","embeddable":true,"href":"https:\/\/www.corumbaonline.com.br\/news\/wp-json\/wp\/v2\/categories?post=11727569"},{"taxonomy":"post_tag","embeddable":true,"href":"https:\/\/www.corumbaonline.com.br\/news\/wp-json\/wp\/v2\/tags?post=11727569"}],"curies":[{"name":"wp","href":"https:\/\/api.w.org\/{rel}","templated":true}]}}