{"id":11727577,"date":"2022-09-14T09:11:00","date_gmt":"2022-09-14T13:11:00","guid":{"rendered":"http:\/\/www.corumbaonline.com.br\/news\/?p=11727577"},"modified":"2022-09-14T09:44:24","modified_gmt":"2022-09-14T13:44:24","slug":"vera-magalhaes-e-hostilizada-por-deputado-bolsonarista-apos-debate%ef%bf%bc","status":"publish","type":"post","link":"https:\/\/www.corumbaonline.com.br\/news\/vera-magalhaes-e-hostilizada-por-deputado-bolsonarista-apos-debate%ef%bf%bc\/","title":{"rendered":"Vera Magalh\u00e3es \u00e9 hostilizada por deputado bolsonarista ap\u00f3s debate\ufffc"},"content":{"rendered":"<p>A jornalista\u00a0Vera Magalh\u00e3es\u00a0foi hostilizada pelo deputado estadual paulista\u00a0Douglas Garcia\u00a0(Republicanos), apoiador do presidente\u00a0<a href=\"http:\/\/www.terra.com.br\/noticias\/brasil\/politica\/bolsonaro\" target=\"_self\" rel=\"noopener\">Jair Bolsonaro<\/a>\u00a0(PL), durante o\u00a0debate para o governo de S\u00e3o Paulo\u00a0na noite desta ter\u00e7a-feira, 13.<\/p>\n<p>Usando um celular para gravar o ato, o parlamentar foi at\u00e9 ela e reiterou os ataques feitos pelo chefe do Executivo h\u00e1 duas semanas a chamando de &#8220;vergonha para o jornalismo brasileiro&#8221;, em seguida, reproduziu uma falsa not\u00edcia sobre a remunera\u00e7\u00e3o anual dela na TV Cultura.<\/p>\n<p>&#8220;N\u00e3o tenho medo de homem que amea\u00e7a e intimida mulher&#8221;, escreveu Vera Magalh\u00e3es, no Twitter. Ela afirmou que precisou sair escoltada por seguran\u00e7as do Memorial da Am\u00e9rica Latina \u2014 local onde aconteceu o debate \u2014 e adicionou que ir\u00e1 registrar um boletim de ocorr\u00eancia pela amea\u00e7a sofrida. &#8220;Um pa\u00eds que condescendendo com esse tipo de amea\u00e7a \u00e0 imprensa n\u00e3o \u00e9 uma democracia plena. Basta!&#8221;, adicionou a jornalista.<\/p>\n<p>Separados por um seguran\u00e7a, Douglas Garcia continuou repetindo ataques a Vera Magalh\u00e3es at\u00e9 ter o telefone celular tomado pelo diretor de reda\u00e7\u00e3o da TV Cultura, Le\u00e3o Serva.<\/p>\n<p>Em postagem no Twitter antes de come\u00e7ar o debate, o parlamentar bolsonarista exibiu o crach\u00e1 de convidado e perguntou se Vera iria participar do evento.<\/p>\n<p>Pelas redes sociais, o candidato ao governo de S\u00e3o Paulo Tarc\u00edsio de Freitas (Republicanos), apoiado por Bolsonaro, manifestou rep\u00fadio ao ato do deputado estadual, que classificou como &#8220;agress\u00e3o&#8221;. &#8220;Lamento profundamente e repudio veementemente a agress\u00e3o sofrida pela jornalista Vera Magalh\u00e3es enquanto exercia sua fun\u00e7\u00e3o de jornalista durante o debate de hoje. Essa \u00e9 uma atitude incompat\u00edvel c\/ a democracia e n\u00e3o condiz c\/ o que defendemos em rela\u00e7\u00e3o ao trabalho da imprensa&#8221;, escreveu. Segundo Vera, ele tamb\u00e9m a telefonou para manifestar solidariedade.<\/p>\n<p>Os tamb\u00e9m pr\u00e9-candidatos ao governo do Estado\u00a0Fernando Haddad\u00a0(PT) e\u00a0Rodrigo Garcia\u00a0(PSDB) repudiaram o ataque. &#8220;Rep\u00fadio total ao ataque covarde sofrido pela jornalista Vera Magalh\u00e3es pelo deputado Douglas Garcia em uma clara tentativa de ataque \u00e0 liberdade de imprensa, m\u00e9todo bolsonarista de intimida\u00e7\u00e3o contra a democracia&#8221;, escreveu o petista.<\/p>\n<p>O tucano disse que o ataque &#8220;n\u00e3o representa os valores democr\u00e1ticos&#8221;. &#8220;Meu total rep\u00fadio ao ataque covarde que a jornalista Vera Magalh\u00e3es sofreu, ap\u00f3s o debate da TV Cultura, vindo de um sujeito que n\u00e3o representa os valores democr\u00e1ticos nem o povo de S\u00e3o Paulo. Minha solidariedade a voc\u00ea, Vera&#8221;, escreveu Rodrigo Garcia.<\/p>\n<p>N\u00e3o \u00e9 o primeiro ataque de Garcia a Vera. Em 2020, ele e o tamb\u00e9m deputado estadual paulista Gil Diniz, conhecido como\u00a0Carteiro Rea\u00e7a\u00a0(PL) acusaram a jornalista, no plen\u00e1rio da Assembleia Legislativa paulista, de receber R$ 500 mil por ano da Funda\u00e7\u00e3o Padre Anchieta, que gere a TV Cultura, para atacar Bolsonaro.<\/p>\n<p>Naquele mesmo ano, a pr\u00f3pria apresentadora do programa\u00a0Roda Viva\u00a0desmentiu a informa\u00e7\u00e3o e publicou que recebe R$ 22 mil por m\u00eas, o que totaliza um valor anual de R$ 264 mil, pouco mais da metade do valor novamente mencionado pelos parlamentares.<\/p>\n<p>Procurado, o deputado Douglas Garcia n\u00e3o respondeu o contato da reportagem.<\/p>\n","protected":false},"excerpt":{"rendered":"<p>A jornalista\u00a0Vera Magalh\u00e3es\u00a0foi hostilizada pelo deputado estadual paulista\u00a0Douglas Garcia\u00a0(Republicanos), apoiador do presidente\u00a0Jair Bolsonaro\u00a0(PL), durante o\u00a0debate&#8230;<\/p>\n","protected":false},"author":11,"featured_media":0,"comment_status":"closed","ping_status":"closed","sticky":false,"template":"","format":"standard","meta":{"footnotes":""},"categories":[101,19],"tags":[],"class_list":["post-11727577","post","type-post","status-publish","format-standard","hentry","category-eleicoes","category-politica"],"_links":{"self":[{"href":"https:\/\/www.corumbaonline.com.br\/news\/wp-json\/wp\/v2\/posts\/11727577","targetHints":{"allow":["GET"]}}],"collection":[{"href":"https:\/\/www.corumbaonline.com.br\/news\/wp-json\/wp\/v2\/posts"}],"about":[{"href":"https:\/\/www.corumbaonline.com.br\/news\/wp-json\/wp\/v2\/types\/post"}],"author":[{"embeddable":true,"href":"https:\/\/www.corumbaonline.com.br\/news\/wp-json\/wp\/v2\/users\/11"}],"replies":[{"embeddable":true,"href":"https:\/\/www.corumbaonline.com.br\/news\/wp-json\/wp\/v2\/comments?post=11727577"}],"version-history":[{"count":1,"href":"https:\/\/www.corumbaonline.com.br\/news\/wp-json\/wp\/v2\/posts\/11727577\/revisions"}],"predecessor-version":[{"id":11727578,"href":"https:\/\/www.corumbaonline.com.br\/news\/wp-json\/wp\/v2\/posts\/11727577\/revisions\/11727578"}],"wp:attachment":[{"href":"https:\/\/www.corumbaonline.com.br\/news\/wp-json\/wp\/v2\/media?parent=11727577"}],"wp:term":[{"taxonomy":"category","embeddable":true,"href":"https:\/\/www.corumbaonline.com.br\/news\/wp-json\/wp\/v2\/categories?post=11727577"},{"taxonomy":"post_tag","embeddable":true,"href":"https:\/\/www.corumbaonline.com.br\/news\/wp-json\/wp\/v2\/tags?post=11727577"}],"curies":[{"name":"wp","href":"https:\/\/api.w.org\/{rel}","templated":true}]}}