{"id":11727603,"date":"2022-09-15T08:15:00","date_gmt":"2022-09-15T12:15:00","guid":{"rendered":"http:\/\/www.corumbaonline.com.br\/news\/?p=11727603"},"modified":"2022-09-15T09:02:32","modified_gmt":"2022-09-15T13:02:32","slug":"candidatos-ao-governo-de-ms-comecam-a-5a-em-campo-grande-e-depois-vao-para-o-interior","status":"publish","type":"post","link":"https:\/\/www.corumbaonline.com.br\/news\/candidatos-ao-governo-de-ms-comecam-a-5a-em-campo-grande-e-depois-vao-para-o-interior\/","title":{"rendered":"Candidatos ao Governo de MS come\u00e7am a 5\u00aa em Campo Grande e depois v\u00e3o para o interior"},"content":{"rendered":"<p>Nesta quinta-feira (15), candidatos ao Governo de Mato Grosso do Sul ficam em Campo Grande no come\u00e7o do dia e depois seguem para o interior do Estado. As agendas foram confirmadas pelas assessorias dos pretendentes ao cargo.<\/p>\n<p>Os nomes citados s\u00e3o de pol\u00edticos que registraram a candidatura no\u00a0<a href=\"https:\/\/www.tre-ms.jus.br\/\" target=\"_blank\" rel=\"noopener\">TRE<\/a>-MS (Tribunal Regional Eleitoral de Mato Grosso do Sul) e aguardam julgamento da\u00a0<a class=\"st_tag internal_tag \" title=\"not\u00edcias sobre Justi\u00e7a Eleitoral\" href=\"https:\/\/midiamax.uol.com.br\/tag\/justica-eleitoral\/\" rel=\"tag\">Justi\u00e7a Eleitoral<\/a>\u00a0para concorrerem \u00e0s\u00a0<a href=\"https:\/\/midiamax.uol.com.br\/?s=elei%C3%A7%C3%B5es\">Elei\u00e7\u00f5es\u00a0<\/a>de 2022.<\/p>\n<h3>Agenda dos candidatos<\/h3>\n<p>Rose Modesto (Uni\u00e3o Brasil) fica em Campo Grande nesta quinta-feira (15) para entrevistas e visitas em bairros. Eduardo Riedel (PSDB) tem compromissos em Campo Grande, mas tamb\u00e9m visita Mundo Novo e Eldorado.<\/p>\n<p>Capit\u00e3o Contar (PRTB) concede entrevistas em Campo Grande. Adonis Marcos (Psol) visita a regi\u00e3o central da Capital nesta quinta-feira (15).<\/p>\n<p>Giselle Marques (PT) segue em Campo Grande e visita o Carand\u00e1 Bosque e Jd. das Perdizes.\u00a0<a class=\"st_tag internal_tag \" title=\"not\u00edcias sobre Andr\u00e9 Puccinelli\" href=\"https:\/\/midiamax.uol.com.br\/tag\/andre-puccinelli\/\" rel=\"tag\">Andr\u00e9 Puccinelli<\/a>\u00a0(MDB) cumpre agenda na Capital e em Parana\u00edba.<\/p>\n<p>Marquinhos Trad (PSD) tamb\u00e9m fica em Campo Grande no come\u00e7o do dia e depois vai para Sidrol\u00e2ndia. O candidato Magno Souza n\u00e3o divulgou agenda para esta quarta-feira (14).<\/p>\n","protected":false},"excerpt":{"rendered":"<p>Nesta quinta-feira (15), candidatos ao Governo de Mato Grosso do Sul ficam em Campo Grande&#8230;<\/p>\n","protected":false},"author":10,"featured_media":11727474,"comment_status":"closed","ping_status":"closed","sticky":false,"template":"","format":"standard","meta":{"footnotes":""},"categories":[101,19],"tags":[],"class_list":["post-11727603","post","type-post","status-publish","format-standard","has-post-thumbnail","hentry","category-eleicoes","category-politica"],"_links":{"self":[{"href":"https:\/\/www.corumbaonline.com.br\/news\/wp-json\/wp\/v2\/posts\/11727603","targetHints":{"allow":["GET"]}}],"collection":[{"href":"https:\/\/www.corumbaonline.com.br\/news\/wp-json\/wp\/v2\/posts"}],"about":[{"href":"https:\/\/www.corumbaonline.com.br\/news\/wp-json\/wp\/v2\/types\/post"}],"author":[{"embeddable":true,"href":"https:\/\/www.corumbaonline.com.br\/news\/wp-json\/wp\/v2\/users\/10"}],"replies":[{"embeddable":true,"href":"https:\/\/www.corumbaonline.com.br\/news\/wp-json\/wp\/v2\/comments?post=11727603"}],"version-history":[{"count":2,"href":"https:\/\/www.corumbaonline.com.br\/news\/wp-json\/wp\/v2\/posts\/11727603\/revisions"}],"predecessor-version":[{"id":11727607,"href":"https:\/\/www.corumbaonline.com.br\/news\/wp-json\/wp\/v2\/posts\/11727603\/revisions\/11727607"}],"wp:featuredmedia":[{"embeddable":true,"href":"https:\/\/www.corumbaonline.com.br\/news\/wp-json\/wp\/v2\/media\/11727474"}],"wp:attachment":[{"href":"https:\/\/www.corumbaonline.com.br\/news\/wp-json\/wp\/v2\/media?parent=11727603"}],"wp:term":[{"taxonomy":"category","embeddable":true,"href":"https:\/\/www.corumbaonline.com.br\/news\/wp-json\/wp\/v2\/categories?post=11727603"},{"taxonomy":"post_tag","embeddable":true,"href":"https:\/\/www.corumbaonline.com.br\/news\/wp-json\/wp\/v2\/tags?post=11727603"}],"curies":[{"name":"wp","href":"https:\/\/api.w.org\/{rel}","templated":true}]}}