{"id":11727639,"date":"2022-09-16T08:39:00","date_gmt":"2022-09-16T12:39:00","guid":{"rendered":"http:\/\/www.corumbaonline.com.br\/news\/?p=11727639"},"modified":"2022-09-16T09:51:29","modified_gmt":"2022-09-16T13:51:29","slug":"feira-da-agricultura-familiar-e-artesanatos-acontece-dia-18-na-praca-do-bairro-nova-corumba","status":"publish","type":"post","link":"https:\/\/www.corumbaonline.com.br\/news\/feira-da-agricultura-familiar-e-artesanatos-acontece-dia-18-na-praca-do-bairro-nova-corumba\/","title":{"rendered":"Feira da Agricultura Familiar e Artesanatos acontece dia 18 na pra\u00e7a do bairro Nova Corumb\u00e1"},"content":{"rendered":"<p>A Prefeitura de Corumb\u00e1, por meio da Secretaria Municipal de Desenvolvimento Econ\u00f4mico e Sustent\u00e1vel, promove no domingo, 18 de setembro, a \u2018Feira da Agricultura Familiar e Artesanatos\u2019. O evento ser\u00e1 na pra\u00e7a do bairro Nova Corumb\u00e1 das 07h30 \u00e0s 12 horas.<\/p>\n<p>A Feira ter\u00e1 participa\u00e7\u00e3o de produtores dos assentamentos rurais assistidos pela Prefeitura atrav\u00e9s da Superintend\u00eancia de Agricultura Familiar. O espa\u00e7o permitir\u00e1 a comercializa\u00e7\u00e3o de hortali\u00e7as, legumes, frutas, queijos e doces.<\/p>\n<p>A Feira integra as atividades comemorativas aos 244 anos de Corumb\u00e1 e segue orienta\u00e7\u00e3o do prefeito Marcelo Iunes para que sejam desenvolvidas a\u00e7\u00f5es com o objetivo promover a articula\u00e7\u00e3o entre a produ\u00e7\u00e3o da agricultura familiar e a destina\u00e7\u00e3o, visando o desenvolvimento da economia local e o atendimento direto \u00e0s demandas dos produtores familiares e do consumidor corumbaense.<\/p>\n<p>A \u2018Feira da Agricultura Familiar e Artesanatos\u2019 \u00e9 uma iniciativa da Prefeitura de Corumb\u00e1 em parceria com o Sindicato Rural de Corumb\u00e1; Servi\u00e7o Nacional de Aprendizagem Rural (Senar MS) e programa Cidade Empreendedora.<\/p>\n","protected":false},"excerpt":{"rendered":"<p>A Prefeitura de Corumb\u00e1, por meio da Secretaria Municipal de Desenvolvimento Econ\u00f4mico e Sustent\u00e1vel, promove&#8230;<\/p>\n","protected":false},"author":70,"featured_media":11727640,"comment_status":"closed","ping_status":"closed","sticky":false,"template":"","format":"standard","meta":{"footnotes":""},"categories":[2,8,9],"tags":[],"class_list":["post-11727639","post","type-post","status-publish","format-standard","has-post-thumbnail","hentry","category-agropecuaria","category-destaque","category-economia"],"_links":{"self":[{"href":"https:\/\/www.corumbaonline.com.br\/news\/wp-json\/wp\/v2\/posts\/11727639","targetHints":{"allow":["GET"]}}],"collection":[{"href":"https:\/\/www.corumbaonline.com.br\/news\/wp-json\/wp\/v2\/posts"}],"about":[{"href":"https:\/\/www.corumbaonline.com.br\/news\/wp-json\/wp\/v2\/types\/post"}],"author":[{"embeddable":true,"href":"https:\/\/www.corumbaonline.com.br\/news\/wp-json\/wp\/v2\/users\/70"}],"replies":[{"embeddable":true,"href":"https:\/\/www.corumbaonline.com.br\/news\/wp-json\/wp\/v2\/comments?post=11727639"}],"version-history":[{"count":1,"href":"https:\/\/www.corumbaonline.com.br\/news\/wp-json\/wp\/v2\/posts\/11727639\/revisions"}],"predecessor-version":[{"id":11727641,"href":"https:\/\/www.corumbaonline.com.br\/news\/wp-json\/wp\/v2\/posts\/11727639\/revisions\/11727641"}],"wp:featuredmedia":[{"embeddable":true,"href":"https:\/\/www.corumbaonline.com.br\/news\/wp-json\/wp\/v2\/media\/11727640"}],"wp:attachment":[{"href":"https:\/\/www.corumbaonline.com.br\/news\/wp-json\/wp\/v2\/media?parent=11727639"}],"wp:term":[{"taxonomy":"category","embeddable":true,"href":"https:\/\/www.corumbaonline.com.br\/news\/wp-json\/wp\/v2\/categories?post=11727639"},{"taxonomy":"post_tag","embeddable":true,"href":"https:\/\/www.corumbaonline.com.br\/news\/wp-json\/wp\/v2\/tags?post=11727639"}],"curies":[{"name":"wp","href":"https:\/\/api.w.org\/{rel}","templated":true}]}}