{"id":11727650,"date":"2022-09-16T09:33:00","date_gmt":"2022-09-16T13:33:00","guid":{"rendered":"http:\/\/www.corumbaonline.com.br\/news\/?p=11727650"},"modified":"2022-09-16T09:59:47","modified_gmt":"2022-09-16T13:59:47","slug":"com-o-fim-do-vazio-sanitario-produtor-do-estado-ja-pode-iniciar-o-plantio-da-soja","status":"publish","type":"post","link":"https:\/\/www.corumbaonline.com.br\/news\/com-o-fim-do-vazio-sanitario-produtor-do-estado-ja-pode-iniciar-o-plantio-da-soja\/","title":{"rendered":"Com o fim do vazio sanit\u00e1rio produtor do Estado j\u00e1 pode iniciar o plantio da soja"},"content":{"rendered":"<section id=\"post-interno\">\n<div class=\"container\">\n<div class=\"row\">\n<div class=\"col-12 col-md-12 col-lg-9\">\n<div id=\"content\" class=\"mb-5\">\n<p>O Vazio Sanit\u00e1rio da soja terminou oficialmente nesta quinta-feira (15) em Mato Grosso do Sul. Durante o per\u00edodo de 90 dias, esteve proibido o cultivo e presen\u00e7a de plantas vivas de soja, sob risco de aplica\u00e7\u00e3o de multa.<\/p>\n<p>A gerente de Inspe\u00e7\u00e3o e Defesa Sanit\u00e1ria Vegetal da Iagro (Ag\u00eancia Estadual de Defesa Sanit\u00e1ria Animal e Vegetal), Glaucy Ortiz, destaca que o per\u00edodo de semeadura da oleaginosa no Estado come\u00e7a nesta sexta-feira (16) e termina dia 31 de dezembro. E que o cadastro de \u00e1rea cultivada \u00e9 obrigat\u00f3rio, junto ao site da Iagro (www.servicos.iagro.ms.gov.br\/plantio), devendo ser realizado no per\u00edodo entre 1\u00ba de setembro e 10 de janeiro, de cada ano calend\u00e1rio.<\/p>\n<p>O titular da Semagro (Secretaria de Estado de Meio Ambiente, Desenvolvimento Econ\u00f4mico, Produ\u00e7\u00e3o e Agricultura Familiar), Jaime Verruck, destaca que os produtores j\u00e1 iniciam agora toda a quest\u00e3o de preparo de terra e plantio com muita expectativa. \u201cVamos superar os tr\u00eas milh\u00f5es e 740 mil hectares que foi o recorde da produ\u00e7\u00e3o de soja do ano passado. \u00c9 a cultura com a maior \u00e1rea do Estado e com melhor produtividade tecnol\u00f3gica, al\u00e9m de possuir produtores altamente capacitados que colaboram para que Mato Grosso do Sul seja o quinto maior produtor de soja do Brasil\u201d.<\/p>\n<p>Para a safra 2022\/2023 o calend\u00e1rio de semeadura da soja, para 20 estados e para o Distrito Federal foi estabelecido por meio da Portaria SDA n\u00ba 607 de 21 de junho de 2022. Essa Portaria \u00e9 revisada anualmente, mediante proposta de calend\u00e1rio em cada Estado, encaminhada at\u00e9 o dia 31 de dezembro \u00e0 coordena\u00e7\u00e3o nacional do Programa Nacional de Controle da Ferrugem Asi\u00e1tica da Soja (PNCFS).<\/p>\n<p><strong>Ferrugem Asi\u00e1tica<\/strong><\/p>\n<p>A Ferrugem Asi\u00e1tica, causada pelo fungo Phakopsora pachyrhizi, \u00e9 considerada uma das doen\u00e7as mais severas que incidem na cultura da soja, podendo ocorrer em qualquer est\u00e1gio fenol\u00f3gico. Nas diversas regi\u00f5es geogr\u00e1ficas onde a ferrugem asi\u00e1tica foi relatada em n\u00edveis epid\u00eamicos, os danos podem variar de 10% a 90% da produ\u00e7\u00e3o.<\/p>\n<p><strong>Vazio Sanit\u00e1rio da Soja<\/strong><\/p>\n<p>Per\u00edodo em que \u00e9 proibido o cultivo da soja e \u00e9 obrigat\u00f3ria a aus\u00eancia de plantas vivas de soja, em qualquer fase de desenvolvimento. Em Mato Grosso do Sul este per\u00edodo \u00e9 definido entre o dia 15 de junho a 15 de setembro de cada ano calend\u00e1rio. O cumprimento do vazio sanit\u00e1rio da soja, pelos sojicultores do Estado, \u00e9 a principal medida fitossanit\u00e1ria para evitar a expans\u00e3o de focos de ferrugem asi\u00e1tica nas lavouras, de uma safra a outra, pois o fungo causador da ferrugem asi\u00e1tica da soja n\u00e3o sobrevive em restos de cultura ou na aus\u00eancia de plantas vivas de soja. Assim, a elimina\u00e7\u00e3o de plantas de soja na entressafra favorece a diminui\u00e7\u00e3o do in\u00f3culo do fungo para a safra seguinte, favorecendo a redu\u00e7\u00e3o do custo de produ\u00e7\u00e3o com tratamento fitossanit\u00e1rio e consequentemente menores impactos no meio ambiente.<\/p>\n<\/div>\n<\/div>\n<div id=\"sidebar\" class=\"col-12 col-md-12 col-lg-3 mt-5\">\n<section id=\"mainWidgets\"><main class=\"container\" role=\"main\"><\/p>\n<div class=\"row\">\n<div id=\"block-5\" class=\"widget-direito widget_block\">\n<div class=\"wp-container-1 wp-block-group\">\n<div class=\"wp-block-group__inner-container\"><\/div>\n<\/div>\n<\/div>\n<div id=\"block-6\" class=\"widget-direito widget_block\">\n<div class=\"wp-container-2 wp-block-group\">\n<div class=\"wp-block-group__inner-container\"><\/div>\n<\/div>\n<\/div>\n<div id=\"block-3\" class=\"widget-direito widget_block\">\n<div class=\"wp-container-3 wp-block-group\">\n<div class=\"wp-block-group__inner-container\"><\/div>\n<\/div>\n<\/div>\n<div id=\"block-4\" class=\"widget-direito widget_block\">\n<div class=\"wp-container-4 wp-block-group\">\n<div class=\"wp-block-group__inner-container\"><\/div>\n<\/div>\n<\/div>\n<\/div>\n<p><\/main><\/section>\n<\/div>\n<\/div>\n<\/div>\n<\/section>\n","protected":false},"excerpt":{"rendered":"<p>O Vazio Sanit\u00e1rio da soja terminou oficialmente nesta quinta-feira (15) em Mato Grosso do Sul&#8230;.<\/p>\n","protected":false},"author":13,"featured_media":0,"comment_status":"closed","ping_status":"closed","sticky":false,"template":"","format":"standard","meta":{"footnotes":""},"categories":[2],"tags":[],"class_list":["post-11727650","post","type-post","status-publish","format-standard","hentry","category-agropecuaria"],"_links":{"self":[{"href":"https:\/\/www.corumbaonline.com.br\/news\/wp-json\/wp\/v2\/posts\/11727650","targetHints":{"allow":["GET"]}}],"collection":[{"href":"https:\/\/www.corumbaonline.com.br\/news\/wp-json\/wp\/v2\/posts"}],"about":[{"href":"https:\/\/www.corumbaonline.com.br\/news\/wp-json\/wp\/v2\/types\/post"}],"author":[{"embeddable":true,"href":"https:\/\/www.corumbaonline.com.br\/news\/wp-json\/wp\/v2\/users\/13"}],"replies":[{"embeddable":true,"href":"https:\/\/www.corumbaonline.com.br\/news\/wp-json\/wp\/v2\/comments?post=11727650"}],"version-history":[{"count":1,"href":"https:\/\/www.corumbaonline.com.br\/news\/wp-json\/wp\/v2\/posts\/11727650\/revisions"}],"predecessor-version":[{"id":11727651,"href":"https:\/\/www.corumbaonline.com.br\/news\/wp-json\/wp\/v2\/posts\/11727650\/revisions\/11727651"}],"wp:attachment":[{"href":"https:\/\/www.corumbaonline.com.br\/news\/wp-json\/wp\/v2\/media?parent=11727650"}],"wp:term":[{"taxonomy":"category","embeddable":true,"href":"https:\/\/www.corumbaonline.com.br\/news\/wp-json\/wp\/v2\/categories?post=11727650"},{"taxonomy":"post_tag","embeddable":true,"href":"https:\/\/www.corumbaonline.com.br\/news\/wp-json\/wp\/v2\/tags?post=11727650"}],"curies":[{"name":"wp","href":"https:\/\/api.w.org\/{rel}","templated":true}]}}