{"id":11727699,"date":"2022-09-19T08:17:00","date_gmt":"2022-09-19T12:17:00","guid":{"rendered":"http:\/\/www.corumbaonline.com.br\/news\/?p=11727699"},"modified":"2022-09-19T09:10:28","modified_gmt":"2022-09-19T13:10:28","slug":"candidatos-ao-governo-de-ms-cumprem-agenda-em-campo-grande-antes-do-debate-midiamax","status":"publish","type":"post","link":"https:\/\/www.corumbaonline.com.br\/news\/candidatos-ao-governo-de-ms-cumprem-agenda-em-campo-grande-antes-do-debate-midiamax\/","title":{"rendered":"Candidatos ao governo de MS cumprem agenda em Campo Grande antes do Debate Midiamax"},"content":{"rendered":"<p>Candidatos ao governo de Mato Grosso do Sul cumprem agenda em Campo Grande nesta segunda-feira (19),\u00a0antes do\u00a0Debate Midiamax, marcado para as 20 horas. A lista de compromissos foi divulgada pela equipe dos postulantes.<\/p>\n<p>Os nomes aqui citados s\u00e3o de pol\u00edticos que tiveram seus nomes homologados nas conven\u00e7\u00f5es partid\u00e1rias realizadas entre 20 de julho e 5 de agosto. As legendas tiveram as candidaturas analisadas pela Justi\u00e7a Eleitoral.<\/p>\n<h3>Agenda dos candidatos<\/h3>\n<p>Ad\u00f4nis Marcos (PSOL)\u00a0se re\u00fane com diretores da Santa Casa pela manh\u00e3. Participa de almo\u00e7o com a fam\u00edlia antes de passar a tarde se preparando para o\u00a0Debate Midiamax. Estar\u00e1 \u00e0s 20 horas no audit\u00f3rio do Crea\/MS (Conselho Regional de Engenharia e Agronomia) para o confronto direto entre os candidatos.<\/p>\n<p>Andr\u00e9 Puccinelli (MDB)\u00a0grava programa eleitoral pela manh\u00e3. \u00c0 tarde, concede entrevista por telefone a uma emissora de r\u00e1dio de\u00a0Dourados\u00a0e \u00e0 revista Veja. J\u00e1 \u00e0 noite, participa do debate do\u00a0Jornal Midiamax.<\/p>\n<p>Renan Barbosa Contar, o\u00a0Capit\u00e3o Contar (PRTB), tem reuni\u00f5es ao longo do dia, e \u00e0 noite participa do debate promovido pelo\u00a0Midiamax.<\/p>\n<p>Eduardo Riedel (PSDB)\u00a0grava programas eleitorais e se re\u00fane com coordenadores de campanha pela manh\u00e3. \u00c0 noite, estar\u00e1 no debate do\u00a0Midiamax.<\/p>\n<p>Giselle Marques (PT)\u00a0concede entrevista a uma emissora de r\u00e1dio de Campo Grande pela manh\u00e3. \u00c0 noite, participa do debate do\u00a0Jornal Midiamax.<\/p>\n<p>Marquinhos Trad (PSD)\u00a0concede entrevistas a emissoras de TV e participa de reuni\u00f5es com a equipe de campanha antes do\u00a0Debate Midiamax.<\/p>\n<p>Rose Modesto (Uni\u00e3o)\u00a0concede entrevista \u00e0 TVE e \u00e0 R\u00e1dio Educativa e participa de reuni\u00e3o com a equipe de campanha e encontra aliados e apoiadores. \u00c0 noite, estar\u00e1 no audit\u00f3rio do Crea-MS para o debate do\u00a0Midiamax.<\/p>\n<p>A assessoria de\u00a0Magno de Souza (PCO)\u00a0n\u00e3o informou a agenda at\u00e9 o fechamento desta reportagem, mas a equipe de campanha confirmou sua presen\u00e7a no\u00a0Debate Midiamax.<\/p>\n<h3>Debate Midiamax<\/h3>\n<p>O\u00a0Debate Midiamax\u00a0ser\u00e1 \u00e0s 20 horas de hoje e ser\u00e1 transmitido em tempo real para os 79 munic\u00edpios do Estado pela\u00a0TV UOL,\u00a0home do\u00a0Jornal Midiamax,\u00a0Facebook,\u00a0YouTube, TVE, TV Imaculada Concei\u00e7\u00e3o,\u00a0R\u00e1dio Difusora Pantanal\u00a0e R\u00e1dio Independente 90,9 FM, al\u00e9m de um pool de r\u00e1dios do\u00a0interior\u00a0de Mato Grosso do Sul.<\/p>\n<p>Os oito candidatos ao Governo do Estado &#8211; Ad\u00f4nis Marcos (Psol), Andr\u00e9 Puccinelli (MDB), Capit\u00e3o Contar (PRTB),\u00a0Eduardo Riedel\u00a0(PSDB), Giselle Marques (PT), Magno de Souza (PCO), Marquinhos Trad (PSD) e Rose Modesto (Uni\u00e3o) &#8211; j\u00e1 confirmaram presen\u00e7a no debate.<\/p>\n<p>Al\u00e9m de poder acompanhar o debate ao vivo no site do\u00a0Jornal Midiamax, haver\u00e1 tamb\u00e9m transmiss\u00e3o em tempo real no canal do YouTube e na p\u00e1gina no Facebook, contando com transmiss\u00e3o nacional pela\u00a0p\u00e1gina do UOL.<\/p>\n<p>A TVE (Canal 4.1 em Campo Grande, 13.1 em Dourados e Regi\u00e3o e Canal 15 da NET) vai retransmitir o sinal. Ou seja, a partir das 20h do dia 19 de setembro ser\u00e1 poss\u00edvel assistir ao debate na \u00edntegra nesses canais.<\/p>\n<p>Al\u00e9m disso, o debate ser\u00e1 transmitido na TV Imaculada Concei\u00e7\u00e3o (Canal 15.1 UHF e 521 da NET em Campo Grande), na R\u00e1dio Difusora Pantanal (101.9 FM) e tamb\u00e9m poder\u00e1 ser acompanhado em tempo real por eleitores dos 79 munic\u00edpios sul-mato-grossenses, em diversas outras emissoras do Estado que v\u00e3o transmitir o evento.<\/p>\n<p>As\u00a0regras e temas do debate\u00a0foram definidos durante reuni\u00e3o com representantes dos candidatos. O debate acontecer\u00e1 em cinco blocos, seguindo um modelo aprovado pelos postulantes.<\/p>\n","protected":false},"excerpt":{"rendered":"<p>Candidatos ao governo de Mato Grosso do Sul cumprem agenda em Campo Grande nesta segunda-feira&#8230;<\/p>\n","protected":false},"author":10,"featured_media":0,"comment_status":"closed","ping_status":"closed","sticky":false,"template":"","format":"standard","meta":{"footnotes":""},"categories":[101,19],"tags":[],"class_list":["post-11727699","post","type-post","status-publish","format-standard","hentry","category-eleicoes","category-politica"],"_links":{"self":[{"href":"https:\/\/www.corumbaonline.com.br\/news\/wp-json\/wp\/v2\/posts\/11727699","targetHints":{"allow":["GET"]}}],"collection":[{"href":"https:\/\/www.corumbaonline.com.br\/news\/wp-json\/wp\/v2\/posts"}],"about":[{"href":"https:\/\/www.corumbaonline.com.br\/news\/wp-json\/wp\/v2\/types\/post"}],"author":[{"embeddable":true,"href":"https:\/\/www.corumbaonline.com.br\/news\/wp-json\/wp\/v2\/users\/10"}],"replies":[{"embeddable":true,"href":"https:\/\/www.corumbaonline.com.br\/news\/wp-json\/wp\/v2\/comments?post=11727699"}],"version-history":[{"count":2,"href":"https:\/\/www.corumbaonline.com.br\/news\/wp-json\/wp\/v2\/posts\/11727699\/revisions"}],"predecessor-version":[{"id":11727703,"href":"https:\/\/www.corumbaonline.com.br\/news\/wp-json\/wp\/v2\/posts\/11727699\/revisions\/11727703"}],"wp:attachment":[{"href":"https:\/\/www.corumbaonline.com.br\/news\/wp-json\/wp\/v2\/media?parent=11727699"}],"wp:term":[{"taxonomy":"category","embeddable":true,"href":"https:\/\/www.corumbaonline.com.br\/news\/wp-json\/wp\/v2\/categories?post=11727699"},{"taxonomy":"post_tag","embeddable":true,"href":"https:\/\/www.corumbaonline.com.br\/news\/wp-json\/wp\/v2\/tags?post=11727699"}],"curies":[{"name":"wp","href":"https:\/\/api.w.org\/{rel}","templated":true}]}}