{"id":11727740,"date":"2022-09-19T11:32:00","date_gmt":"2022-09-19T15:32:00","guid":{"rendered":"http:\/\/www.corumbaonline.com.br\/news\/?p=11727740"},"modified":"2022-09-19T12:38:25","modified_gmt":"2022-09-19T16:38:25","slug":"feira-da-agricultura-familiar-e-artesanatos-da-visibilidade-a-producao-local","status":"publish","type":"post","link":"https:\/\/www.corumbaonline.com.br\/news\/feira-da-agricultura-familiar-e-artesanatos-da-visibilidade-a-producao-local\/","title":{"rendered":"Feira da Agricultura Familiar e Artesanatos d\u00e1 visibilidade \u00e0 produ\u00e7\u00e3o local"},"content":{"rendered":"<p>Com produ\u00e7\u00e3o dos assentamentos e de artes\u00e3os locais, a Feira da Agricultura Familiar e Artesanatos realizada no domingo, 18 de setembro, na pra\u00e7a do bairro Nova Corumb\u00e1, permitiu a venda direta aos consumidores de hortali\u00e7as, verduras; legumes, frutas, queijos; doces e peixes de cativeiro.<\/p>\n<p>\u201cMuito importante essa feira para a nossa agricultura familiar. Possibilita que vendam a produ\u00e7\u00e3o mais r\u00e1pida direto para o consumidor. Tem tamb\u00e9m nossos artes\u00e3os, que al\u00e9m da possibilidade de venda podem, ainda, expor sua arte\u201d, disse o prefeito Marcelo Iunes, que estava acompanhado da primeira-dama e secret\u00e1ria Municipal de Assist\u00eancia Social e Cidadania, Amanda Balancieri Iunes.<\/p>\n<p>\u201cHabitualmente, realizamos esta Feira na pra\u00e7a da Independ\u00eancia e resolvemos traz\u00ea-la aqui para a parte alta da cidade. Planejamos levar para os demais bairros, acredito que \u00e9 importante descentralizar; assim voc\u00ea amplia as oportunidades, tanto para os produtores quanto para os consumidores\u201d, completou Marcelo Iunes.<\/p>\n<p>O secret\u00e1rio Municipal de Desenvolvimento Econ\u00f4mico e Sustent\u00e1vel, C\u00e1ssio Augusto da Costa Marques, destacou que a Feira \u00e9 uma a\u00e7\u00e3o cont\u00ednua que a Prefeitura executa para garantir visibilidade \u00e0 produ\u00e7\u00e3o dos agricultores familiares e tamb\u00e9m do artesanato. \u201cA administra\u00e7\u00e3o do prefeito Marcelo Iunes cria oportunidades para comercializa\u00e7\u00e3o dos produtos da agricultura familiar. Temos programas, j\u00e1 em curso, como o de aquisi\u00e7\u00e3o de alimentos da agricultura familiar municipal; temos o PNAE que \u00e9 da agricultura familiar para a merenda escolar. A Prefeitura tamb\u00e9m est\u00e1 em contato com os grandes atacarejos aqui do munic\u00edpio e temos produ\u00e7\u00e3o da agricultura familiar entregue nos atacarejos. A feira \u00e9 um instrumento dessa pol\u00edtica de dar visibilidade para produ\u00e7\u00e3o\u201d, afirmou.<\/p>\n<p>Rog\u00e9rio de Moura Xavier, que trabalha com piscicultura, participou pela segunda vez da feira. Ele levou para a comercializa\u00e7\u00e3o direta\u00a0 o pescado criado em cativeiro, no s\u00edtio Santa Maria, de sua propriedade, no assentamento Taquaral. \u201cEsta feira \u00e9 bastante motivadora para que nossa produ\u00e7\u00e3o possa crescer e tamb\u00e9m para a divulga\u00e7\u00e3o do nosso produto\u201d, disse.<\/p>\n<p>Para a professora Cristina Arag\u00e3o Morel, gestora da Escola Municipal Rural Polo Paiolzinho, a Feira da Agricultura Familiar e Artesanatos \u00e9 vantajosa para produtores e consumidores. \u201cEu j\u00e1 conhe\u00e7o o trabalho desses produtores, n\u00f3s temos um projeto na escola que incentiva os alunos tamb\u00e9m. \u00c9 a feirinha pedag\u00f3gica, em\u00a0 que nossos alunos levam para escola aquilo que \u00e9 produzido em casa para ser vendido. \u00c9 uma oportunidade para todos, para os produtores familiares e para n\u00f3s, que temos a oportunidade de adquirir produtos frescos, livre de agrot\u00f3xicos e por um pre\u00e7o bem acess\u00edvel\u201d.<\/p>\n<div id=\"gallery-1\" class=\"gallery galleryid-134603 gallery-columns-3 gallery-size-full\">\n<figure class=\"gallery-item\">\n<div class=\"gallery-icon landscape\"><a role=\"link\" href=\"https:\/\/www.corumba.ms.gov.br\/?attachment_id=134632\"><img loading=\"lazy\" decoding=\"async\" class=\"attachment-full size-full\" src=\"https:\/\/www.corumba.ms.gov.br\/wp-content\/uploads\/2022\/09\/Foto-Rene-Marcio-CarneiroFeira-do-Artesanato-40.jpg\" sizes=\"auto, (max-width: 1200px) 100vw, 1200px\" srcset=\"https:\/\/www.corumba.ms.gov.br\/wp-content\/uploads\/2022\/09\/Foto-Rene-Marcio-CarneiroFeira-do-Artesanato-40.jpg 1200w, https:\/\/www.corumba.ms.gov.br\/wp-content\/uploads\/2022\/09\/Foto-Rene-Marcio-CarneiroFeira-do-Artesanato-40-300x200.jpg 300w, https:\/\/www.corumba.ms.gov.br\/wp-content\/uploads\/2022\/09\/Foto-Rene-Marcio-CarneiroFeira-do-Artesanato-40-1024x683.jpg 1024w, https:\/\/www.corumba.ms.gov.br\/wp-content\/uploads\/2022\/09\/Foto-Rene-Marcio-CarneiroFeira-do-Artesanato-40-768x512.jpg 768w\" alt=\"\" width=\"1200\" height=\"800\" aria-describedby=\"gallery-1-134632\" \/><\/a><\/div><figcaption id=\"gallery-1-134632\" class=\"wp-caption-text gallery-caption\">Foto: Ren\u00ea Marcio Carneiro\/PMC<\/figcaption><\/figure>\n<figure class=\"gallery-item\">\n<div class=\"gallery-icon landscape\"><a role=\"link\" href=\"https:\/\/www.corumba.ms.gov.br\/?attachment_id=134631\"><img loading=\"lazy\" decoding=\"async\" class=\"attachment-full size-full\" src=\"https:\/\/www.corumba.ms.gov.br\/wp-content\/uploads\/2022\/09\/Foto-Rene-Marcio-CarneiroFeira-do-Artesanato-39.jpg\" sizes=\"auto, (max-width: 1200px) 100vw, 1200px\" srcset=\"https:\/\/www.corumba.ms.gov.br\/wp-content\/uploads\/2022\/09\/Foto-Rene-Marcio-CarneiroFeira-do-Artesanato-39.jpg 1200w, https:\/\/www.corumba.ms.gov.br\/wp-content\/uploads\/2022\/09\/Foto-Rene-Marcio-CarneiroFeira-do-Artesanato-39-300x200.jpg 300w, https:\/\/www.corumba.ms.gov.br\/wp-content\/uploads\/2022\/09\/Foto-Rene-Marcio-CarneiroFeira-do-Artesanato-39-1024x683.jpg 1024w, https:\/\/www.corumba.ms.gov.br\/wp-content\/uploads\/2022\/09\/Foto-Rene-Marcio-CarneiroFeira-do-Artesanato-39-768x512.jpg 768w\" alt=\"\" width=\"1200\" height=\"800\" aria-describedby=\"gallery-1-134631\" \/><\/a><\/div><figcaption id=\"gallery-1-134631\" class=\"wp-caption-text gallery-caption\">Foto: Ren\u00ea Marcio Carneiro\/PMC<\/figcaption><\/figure>\n<figure class=\"gallery-item\">\n<div class=\"gallery-icon landscape\"><a role=\"link\" href=\"https:\/\/www.corumba.ms.gov.br\/?attachment_id=134630\"><img loading=\"lazy\" decoding=\"async\" class=\"attachment-full size-full\" src=\"https:\/\/www.corumba.ms.gov.br\/wp-content\/uploads\/2022\/09\/Foto-Rene-Marcio-CarneiroFeira-do-Artesanato-38.jpg\" sizes=\"auto, (max-width: 1200px) 100vw, 1200px\" srcset=\"https:\/\/www.corumba.ms.gov.br\/wp-content\/uploads\/2022\/09\/Foto-Rene-Marcio-CarneiroFeira-do-Artesanato-38.jpg 1200w, https:\/\/www.corumba.ms.gov.br\/wp-content\/uploads\/2022\/09\/Foto-Rene-Marcio-CarneiroFeira-do-Artesanato-38-300x207.jpg 300w, https:\/\/www.corumba.ms.gov.br\/wp-content\/uploads\/2022\/09\/Foto-Rene-Marcio-CarneiroFeira-do-Artesanato-38-1024x706.jpg 1024w, https:\/\/www.corumba.ms.gov.br\/wp-content\/uploads\/2022\/09\/Foto-Rene-Marcio-CarneiroFeira-do-Artesanato-38-768x529.jpg 768w\" alt=\"\" width=\"1200\" height=\"827\" aria-describedby=\"gallery-1-134630\" \/><\/a><\/div><figcaption id=\"gallery-1-134630\" class=\"wp-caption-text gallery-caption\">Foto: Ren\u00ea Marcio Carneiro\/PMC<\/figcaption><\/figure>\n<figure class=\"gallery-item\">\n<div class=\"gallery-icon landscape\"><a role=\"link\" href=\"https:\/\/www.corumba.ms.gov.br\/?attachment_id=134629\"><img loading=\"lazy\" decoding=\"async\" class=\"attachment-full size-full\" src=\"https:\/\/www.corumba.ms.gov.br\/wp-content\/uploads\/2022\/09\/Foto-Rene-Marcio-CarneiroFeira-do-Artesanato-37.jpg\" sizes=\"auto, (max-width: 1200px) 100vw, 1200px\" srcset=\"https:\/\/www.corumba.ms.gov.br\/wp-content\/uploads\/2022\/09\/Foto-Rene-Marcio-CarneiroFeira-do-Artesanato-37.jpg 1200w, https:\/\/www.corumba.ms.gov.br\/wp-content\/uploads\/2022\/09\/Foto-Rene-Marcio-CarneiroFeira-do-Artesanato-37-300x200.jpg 300w, https:\/\/www.corumba.ms.gov.br\/wp-content\/uploads\/2022\/09\/Foto-Rene-Marcio-CarneiroFeira-do-Artesanato-37-1024x683.jpg 1024w, https:\/\/www.corumba.ms.gov.br\/wp-content\/uploads\/2022\/09\/Foto-Rene-Marcio-CarneiroFeira-do-Artesanato-37-768x512.jpg 768w\" alt=\"\" width=\"1200\" height=\"800\" aria-describedby=\"gallery-1-134629\" \/><\/a><\/div><figcaption id=\"gallery-1-134629\" class=\"wp-caption-text gallery-caption\">Foto: Ren\u00ea Marcio Carneiro\/PMC<\/figcaption><\/figure>\n<figure class=\"gallery-item\">\n<div class=\"gallery-icon landscape\"><a role=\"link\" href=\"https:\/\/www.corumba.ms.gov.br\/?attachment_id=134628\"><img loading=\"lazy\" decoding=\"async\" class=\"attachment-full size-full\" src=\"https:\/\/www.corumba.ms.gov.br\/wp-content\/uploads\/2022\/09\/Foto-Rene-Marcio-CarneiroFeira-do-Artesanato-36.jpg\" sizes=\"auto, (max-width: 1200px) 100vw, 1200px\" srcset=\"https:\/\/www.corumba.ms.gov.br\/wp-content\/uploads\/2022\/09\/Foto-Rene-Marcio-CarneiroFeira-do-Artesanato-36.jpg 1200w, https:\/\/www.corumba.ms.gov.br\/wp-content\/uploads\/2022\/09\/Foto-Rene-Marcio-CarneiroFeira-do-Artesanato-36-300x207.jpg 300w, https:\/\/www.corumba.ms.gov.br\/wp-content\/uploads\/2022\/09\/Foto-Rene-Marcio-CarneiroFeira-do-Artesanato-36-1024x706.jpg 1024w, https:\/\/www.corumba.ms.gov.br\/wp-content\/uploads\/2022\/09\/Foto-Rene-Marcio-CarneiroFeira-do-Artesanato-36-768x529.jpg 768w\" alt=\"\" width=\"1200\" height=\"827\" aria-describedby=\"gallery-1-134628\" \/><\/a><\/div><figcaption id=\"gallery-1-134628\" class=\"wp-caption-text gallery-caption\">Foto: Ren\u00ea Marcio Carneiro\/PMC<\/figcaption><\/figure>\n<figure class=\"gallery-item\">\n<div class=\"gallery-icon landscape\"><a role=\"link\" href=\"https:\/\/www.corumba.ms.gov.br\/?attachment_id=134627\"><img loading=\"lazy\" decoding=\"async\" class=\"attachment-full size-full\" src=\"https:\/\/www.corumba.ms.gov.br\/wp-content\/uploads\/2022\/09\/Foto-Rene-Marcio-CarneiroFeira-do-Artesanato-35.jpg\" sizes=\"auto, (max-width: 1200px) 100vw, 1200px\" srcset=\"https:\/\/www.corumba.ms.gov.br\/wp-content\/uploads\/2022\/09\/Foto-Rene-Marcio-CarneiroFeira-do-Artesanato-35.jpg 1200w, https:\/\/www.corumba.ms.gov.br\/wp-content\/uploads\/2022\/09\/Foto-Rene-Marcio-CarneiroFeira-do-Artesanato-35-300x200.jpg 300w, https:\/\/www.corumba.ms.gov.br\/wp-content\/uploads\/2022\/09\/Foto-Rene-Marcio-CarneiroFeira-do-Artesanato-35-1024x683.jpg 1024w, https:\/\/www.corumba.ms.gov.br\/wp-content\/uploads\/2022\/09\/Foto-Rene-Marcio-CarneiroFeira-do-Artesanato-35-768x512.jpg 768w\" alt=\"\" width=\"1200\" height=\"800\" aria-describedby=\"gallery-1-134627\" \/><\/a><\/div><figcaption id=\"gallery-1-134627\" class=\"wp-caption-text gallery-caption\">Foto: Ren\u00ea Marcio Carneiro\/PMC<\/figcaption><\/figure>\n<figure class=\"gallery-item\">\n<div class=\"gallery-icon landscape\"><a role=\"link\" href=\"https:\/\/www.corumba.ms.gov.br\/?attachment_id=134626\"><img loading=\"lazy\" decoding=\"async\" class=\"attachment-full size-full\" src=\"https:\/\/www.corumba.ms.gov.br\/wp-content\/uploads\/2022\/09\/Foto-Rene-Marcio-CarneiroFeira-do-Artesanato-34.jpg\" sizes=\"auto, (max-width: 1200px) 100vw, 1200px\" srcset=\"https:\/\/www.corumba.ms.gov.br\/wp-content\/uploads\/2022\/09\/Foto-Rene-Marcio-CarneiroFeira-do-Artesanato-34.jpg 1200w, https:\/\/www.corumba.ms.gov.br\/wp-content\/uploads\/2022\/09\/Foto-Rene-Marcio-CarneiroFeira-do-Artesanato-34-300x207.jpg 300w, https:\/\/www.corumba.ms.gov.br\/wp-content\/uploads\/2022\/09\/Foto-Rene-Marcio-CarneiroFeira-do-Artesanato-34-1024x706.jpg 1024w, https:\/\/www.corumba.ms.gov.br\/wp-content\/uploads\/2022\/09\/Foto-Rene-Marcio-CarneiroFeira-do-Artesanato-34-768x529.jpg 768w\" alt=\"\" width=\"1200\" height=\"827\" aria-describedby=\"gallery-1-134626\" \/><\/a><\/div><figcaption id=\"gallery-1-134626\" class=\"wp-caption-text gallery-caption\">Foto: Ren\u00ea Marcio Carneiro\/PMC<\/figcaption><\/figure>\n<figure class=\"gallery-item\">\n<div class=\"gallery-icon landscape\"><a role=\"link\" href=\"https:\/\/www.corumba.ms.gov.br\/?attachment_id=134625\"><img loading=\"lazy\" decoding=\"async\" class=\"attachment-full size-full\" src=\"https:\/\/www.corumba.ms.gov.br\/wp-content\/uploads\/2022\/09\/Foto-Rene-Marcio-CarneiroFeira-do-Artesanato-33.jpg\" sizes=\"auto, (max-width: 1200px) 100vw, 1200px\" srcset=\"https:\/\/www.corumba.ms.gov.br\/wp-content\/uploads\/2022\/09\/Foto-Rene-Marcio-CarneiroFeira-do-Artesanato-33.jpg 1200w, https:\/\/www.corumba.ms.gov.br\/wp-content\/uploads\/2022\/09\/Foto-Rene-Marcio-CarneiroFeira-do-Artesanato-33-300x200.jpg 300w, https:\/\/www.corumba.ms.gov.br\/wp-content\/uploads\/2022\/09\/Foto-Rene-Marcio-CarneiroFeira-do-Artesanato-33-1024x683.jpg 1024w, https:\/\/www.corumba.ms.gov.br\/wp-content\/uploads\/2022\/09\/Foto-Rene-Marcio-CarneiroFeira-do-Artesanato-33-768x512.jpg 768w\" alt=\"\" width=\"1200\" height=\"800\" aria-describedby=\"gallery-1-134625\" \/><\/a><\/div><figcaption id=\"gallery-1-134625\" class=\"wp-caption-text gallery-caption\">Foto: Ren\u00ea Marcio Carneiro\/PMC<\/figcaption><\/figure>\n<figure class=\"gallery-item\">\n<div class=\"gallery-icon landscape\"><a role=\"link\" href=\"https:\/\/www.corumba.ms.gov.br\/?attachment_id=134617\"><img loading=\"lazy\" decoding=\"async\" class=\"attachment-full size-full\" src=\"https:\/\/www.corumba.ms.gov.br\/wp-content\/uploads\/2022\/09\/Foto-Rene-Marcio-CarneiroFeira-do-Artesanato-13.jpg\" sizes=\"auto, (max-width: 1200px) 100vw, 1200px\" srcset=\"https:\/\/www.corumba.ms.gov.br\/wp-content\/uploads\/2022\/09\/Foto-Rene-Marcio-CarneiroFeira-do-Artesanato-13.jpg 1200w, https:\/\/www.corumba.ms.gov.br\/wp-content\/uploads\/2022\/09\/Foto-Rene-Marcio-CarneiroFeira-do-Artesanato-13-300x207.jpg 300w, https:\/\/www.corumba.ms.gov.br\/wp-content\/uploads\/2022\/09\/Foto-Rene-Marcio-CarneiroFeira-do-Artesanato-13-1024x706.jpg 1024w, https:\/\/www.corumba.ms.gov.br\/wp-content\/uploads\/2022\/09\/Foto-Rene-Marcio-CarneiroFeira-do-Artesanato-13-768x529.jpg 768w\" alt=\"\" width=\"1200\" height=\"827\" aria-describedby=\"gallery-1-134617\" \/><\/a><\/div><figcaption id=\"gallery-1-134617\" class=\"wp-caption-text gallery-caption\">Foto: Ren\u00ea Marcio Carneiro\/PMC<\/figcaption><\/figure>\n<figure class=\"gallery-item\">\n<div class=\"gallery-icon landscape\"><a role=\"link\" href=\"https:\/\/www.corumba.ms.gov.br\/?attachment_id=134618\"><img loading=\"lazy\" decoding=\"async\" class=\"attachment-full size-full\" src=\"https:\/\/www.corumba.ms.gov.br\/wp-content\/uploads\/2022\/09\/Foto-Rene-Marcio-CarneiroFeira-do-Artesanato-18.jpg\" sizes=\"auto, (max-width: 1200px) 100vw, 1200px\" srcset=\"https:\/\/www.corumba.ms.gov.br\/wp-content\/uploads\/2022\/09\/Foto-Rene-Marcio-CarneiroFeira-do-Artesanato-18.jpg 1200w, https:\/\/www.corumba.ms.gov.br\/wp-content\/uploads\/2022\/09\/Foto-Rene-Marcio-CarneiroFeira-do-Artesanato-18-300x200.jpg 300w, https:\/\/www.corumba.ms.gov.br\/wp-content\/uploads\/2022\/09\/Foto-Rene-Marcio-CarneiroFeira-do-Artesanato-18-1024x683.jpg 1024w, https:\/\/www.corumba.ms.gov.br\/wp-content\/uploads\/2022\/09\/Foto-Rene-Marcio-CarneiroFeira-do-Artesanato-18-768x512.jpg 768w\" alt=\"\" width=\"1200\" height=\"800\" aria-describedby=\"gallery-1-134618\" \/><\/a><\/div><figcaption id=\"gallery-1-134618\" class=\"wp-caption-text gallery-caption\">Foto: Ren\u00ea Marcio Carneiro\/PMC<\/figcaption><\/figure>\n<figure class=\"gallery-item\">\n<div class=\"gallery-icon landscape\"><a role=\"link\" href=\"https:\/\/www.corumba.ms.gov.br\/?attachment_id=134619\"><img loading=\"lazy\" decoding=\"async\" class=\"attachment-full size-full\" src=\"https:\/\/www.corumba.ms.gov.br\/wp-content\/uploads\/2022\/09\/Foto-Rene-Marcio-CarneiroFeira-do-Artesanato-21.jpg\" sizes=\"auto, (max-width: 1200px) 100vw, 1200px\" srcset=\"https:\/\/www.corumba.ms.gov.br\/wp-content\/uploads\/2022\/09\/Foto-Rene-Marcio-CarneiroFeira-do-Artesanato-21.jpg 1200w, https:\/\/www.corumba.ms.gov.br\/wp-content\/uploads\/2022\/09\/Foto-Rene-Marcio-CarneiroFeira-do-Artesanato-21-300x200.jpg 300w, https:\/\/www.corumba.ms.gov.br\/wp-content\/uploads\/2022\/09\/Foto-Rene-Marcio-CarneiroFeira-do-Artesanato-21-1024x683.jpg 1024w, https:\/\/www.corumba.ms.gov.br\/wp-content\/uploads\/2022\/09\/Foto-Rene-Marcio-CarneiroFeira-do-Artesanato-21-768x512.jpg 768w\" alt=\"\" width=\"1200\" height=\"800\" aria-describedby=\"gallery-1-134619\" \/><\/a><\/div><figcaption id=\"gallery-1-134619\" class=\"wp-caption-text gallery-caption\">Foto: Ren\u00ea Marcio Carneiro\/PMC<\/figcaption><\/figure>\n<figure class=\"gallery-item\">\n<div class=\"gallery-icon landscape\"><a role=\"link\" href=\"https:\/\/www.corumba.ms.gov.br\/?attachment_id=134620\"><img loading=\"lazy\" decoding=\"async\" class=\"attachment-full size-full\" src=\"https:\/\/www.corumba.ms.gov.br\/wp-content\/uploads\/2022\/09\/Foto-Rene-Marcio-CarneiroFeira-do-Artesanato-28.jpg\" sizes=\"auto, (max-width: 1200px) 100vw, 1200px\" srcset=\"https:\/\/www.corumba.ms.gov.br\/wp-content\/uploads\/2022\/09\/Foto-Rene-Marcio-CarneiroFeira-do-Artesanato-28.jpg 1200w, https:\/\/www.corumba.ms.gov.br\/wp-content\/uploads\/2022\/09\/Foto-Rene-Marcio-CarneiroFeira-do-Artesanato-28-300x207.jpg 300w, https:\/\/www.corumba.ms.gov.br\/wp-content\/uploads\/2022\/09\/Foto-Rene-Marcio-CarneiroFeira-do-Artesanato-28-1024x706.jpg 1024w, https:\/\/www.corumba.ms.gov.br\/wp-content\/uploads\/2022\/09\/Foto-Rene-Marcio-CarneiroFeira-do-Artesanato-28-768x529.jpg 768w\" alt=\"\" width=\"1200\" height=\"827\" aria-describedby=\"gallery-1-134620\" \/><\/a><\/div><figcaption id=\"gallery-1-134620\" class=\"wp-caption-text gallery-caption\">Foto: Ren\u00ea Marcio Carneiro\/PMC<\/figcaption><\/figure>\n<figure class=\"gallery-item\">\n<div class=\"gallery-icon landscape\"><a role=\"link\" href=\"https:\/\/www.corumba.ms.gov.br\/?attachment_id=134621\"><img loading=\"lazy\" decoding=\"async\" class=\"attachment-full size-full\" src=\"https:\/\/www.corumba.ms.gov.br\/wp-content\/uploads\/2022\/09\/Foto-Rene-Marcio-CarneiroFeira-do-Artesanato-29.jpg\" sizes=\"auto, (max-width: 1200px) 100vw, 1200px\" srcset=\"https:\/\/www.corumba.ms.gov.br\/wp-content\/uploads\/2022\/09\/Foto-Rene-Marcio-CarneiroFeira-do-Artesanato-29.jpg 1200w, https:\/\/www.corumba.ms.gov.br\/wp-content\/uploads\/2022\/09\/Foto-Rene-Marcio-CarneiroFeira-do-Artesanato-29-300x200.jpg 300w, https:\/\/www.corumba.ms.gov.br\/wp-content\/uploads\/2022\/09\/Foto-Rene-Marcio-CarneiroFeira-do-Artesanato-29-1024x683.jpg 1024w, https:\/\/www.corumba.ms.gov.br\/wp-content\/uploads\/2022\/09\/Foto-Rene-Marcio-CarneiroFeira-do-Artesanato-29-768x512.jpg 768w\" alt=\"\" width=\"1200\" height=\"800\" aria-describedby=\"gallery-1-134621\" \/><\/a><\/div><figcaption id=\"gallery-1-134621\" class=\"wp-caption-text gallery-caption\">Foto: Ren\u00ea Marcio Carneiro\/PMC<\/figcaption><\/figure>\n<figure class=\"gallery-item\">\n<div class=\"gallery-icon landscape\"><a role=\"link\" href=\"https:\/\/www.corumba.ms.gov.br\/?attachment_id=134622\"><img loading=\"lazy\" decoding=\"async\" class=\"attachment-full size-full\" src=\"https:\/\/www.corumba.ms.gov.br\/wp-content\/uploads\/2022\/09\/Foto-Rene-Marcio-CarneiroFeira-do-Artesanato-30.jpg\" sizes=\"auto, (max-width: 1200px) 100vw, 1200px\" srcset=\"https:\/\/www.corumba.ms.gov.br\/wp-content\/uploads\/2022\/09\/Foto-Rene-Marcio-CarneiroFeira-do-Artesanato-30.jpg 1200w, https:\/\/www.corumba.ms.gov.br\/wp-content\/uploads\/2022\/09\/Foto-Rene-Marcio-CarneiroFeira-do-Artesanato-30-300x207.jpg 300w, https:\/\/www.corumba.ms.gov.br\/wp-content\/uploads\/2022\/09\/Foto-Rene-Marcio-CarneiroFeira-do-Artesanato-30-1024x706.jpg 1024w, https:\/\/www.corumba.ms.gov.br\/wp-content\/uploads\/2022\/09\/Foto-Rene-Marcio-CarneiroFeira-do-Artesanato-30-768x529.jpg 768w\" alt=\"\" width=\"1200\" height=\"827\" aria-describedby=\"gallery-1-134622\" \/><\/a><\/div><figcaption id=\"gallery-1-134622\" class=\"wp-caption-text gallery-caption\">Foto: Ren\u00ea Marcio Carneiro\/PMC<\/figcaption><\/figure>\n<figure class=\"gallery-item\">\n<div class=\"gallery-icon landscape\"><a role=\"link\" href=\"https:\/\/www.corumba.ms.gov.br\/?attachment_id=134623\"><img loading=\"lazy\" decoding=\"async\" class=\"attachment-full size-full\" src=\"https:\/\/www.corumba.ms.gov.br\/wp-content\/uploads\/2022\/09\/Foto-Rene-Marcio-CarneiroFeira-do-Artesanato-31.jpg\" sizes=\"auto, (max-width: 1200px) 100vw, 1200px\" srcset=\"https:\/\/www.corumba.ms.gov.br\/wp-content\/uploads\/2022\/09\/Foto-Rene-Marcio-CarneiroFeira-do-Artesanato-31.jpg 1200w, https:\/\/www.corumba.ms.gov.br\/wp-content\/uploads\/2022\/09\/Foto-Rene-Marcio-CarneiroFeira-do-Artesanato-31-300x207.jpg 300w, https:\/\/www.corumba.ms.gov.br\/wp-content\/uploads\/2022\/09\/Foto-Rene-Marcio-CarneiroFeira-do-Artesanato-31-1024x706.jpg 1024w, https:\/\/www.corumba.ms.gov.br\/wp-content\/uploads\/2022\/09\/Foto-Rene-Marcio-CarneiroFeira-do-Artesanato-31-768x529.jpg 768w\" alt=\"\" width=\"1200\" height=\"827\" aria-describedby=\"gallery-1-134623\" \/><\/a><\/div><figcaption id=\"gallery-1-134623\" class=\"wp-caption-text gallery-caption\">Foto: Ren\u00ea Marcio Carneiro\/PMC<\/figcaption><\/figure>\n<figure class=\"gallery-item\">\n<div class=\"gallery-icon landscape\"><a role=\"link\" href=\"https:\/\/www.corumba.ms.gov.br\/?attachment_id=134624\"><img loading=\"lazy\" decoding=\"async\" class=\"attachment-full size-full\" src=\"https:\/\/www.corumba.ms.gov.br\/wp-content\/uploads\/2022\/09\/Foto-Rene-Marcio-CarneiroFeira-do-Artesanato-32.jpg\" sizes=\"auto, (max-width: 1200px) 100vw, 1200px\" srcset=\"https:\/\/www.corumba.ms.gov.br\/wp-content\/uploads\/2022\/09\/Foto-Rene-Marcio-CarneiroFeira-do-Artesanato-32.jpg 1200w, https:\/\/www.corumba.ms.gov.br\/wp-content\/uploads\/2022\/09\/Foto-Rene-Marcio-CarneiroFeira-do-Artesanato-32-300x200.jpg 300w, https:\/\/www.corumba.ms.gov.br\/wp-content\/uploads\/2022\/09\/Foto-Rene-Marcio-CarneiroFeira-do-Artesanato-32-1024x683.jpg 1024w, https:\/\/www.corumba.ms.gov.br\/wp-content\/uploads\/2022\/09\/Foto-Rene-Marcio-CarneiroFeira-do-Artesanato-32-768x512.jpg 768w\" alt=\"\" width=\"1200\" height=\"800\" aria-describedby=\"gallery-1-134624\" \/><\/a><\/div><figcaption id=\"gallery-1-134624\" class=\"wp-caption-text gallery-caption\">Foto: Ren\u00ea Marcio Carneiro\/PMC<\/figcaption><\/figure>\n<figure class=\"gallery-item\">\n<div class=\"gallery-icon landscape\"><a role=\"link\" href=\"https:\/\/www.corumba.ms.gov.br\/?attachment_id=134616\"><img loading=\"lazy\" decoding=\"async\" class=\"attachment-full size-full\" src=\"https:\/\/www.corumba.ms.gov.br\/wp-content\/uploads\/2022\/09\/Foto-Rene-Marcio-CarneiroFeira-do-Artesanato-12.jpg\" sizes=\"auto, (max-width: 1200px) 100vw, 1200px\" srcset=\"https:\/\/www.corumba.ms.gov.br\/wp-content\/uploads\/2022\/09\/Foto-Rene-Marcio-CarneiroFeira-do-Artesanato-12.jpg 1200w, https:\/\/www.corumba.ms.gov.br\/wp-content\/uploads\/2022\/09\/Foto-Rene-Marcio-CarneiroFeira-do-Artesanato-12-300x200.jpg 300w, https:\/\/www.corumba.ms.gov.br\/wp-content\/uploads\/2022\/09\/Foto-Rene-Marcio-CarneiroFeira-do-Artesanato-12-1024x683.jpg 1024w, https:\/\/www.corumba.ms.gov.br\/wp-content\/uploads\/2022\/09\/Foto-Rene-Marcio-CarneiroFeira-do-Artesanato-12-768x512.jpg 768w\" alt=\"\" width=\"1200\" height=\"800\" aria-describedby=\"gallery-1-134616\" \/><\/a><\/div><figcaption id=\"gallery-1-134616\" class=\"wp-caption-text gallery-caption\">Foto: Ren\u00ea Marcio Carneiro\/PMC<\/figcaption><\/figure>\n<figure class=\"gallery-item\">\n<div class=\"gallery-icon landscape\"><a role=\"link\" href=\"https:\/\/www.corumba.ms.gov.br\/?attachment_id=134615\"><img loading=\"lazy\" decoding=\"async\" class=\"attachment-full size-full\" src=\"https:\/\/www.corumba.ms.gov.br\/wp-content\/uploads\/2022\/09\/Foto-Rene-Marcio-CarneiroFeira-do-Artesanato-11.jpg\" sizes=\"auto, (max-width: 1200px) 100vw, 1200px\" srcset=\"https:\/\/www.corumba.ms.gov.br\/wp-content\/uploads\/2022\/09\/Foto-Rene-Marcio-CarneiroFeira-do-Artesanato-11.jpg 1200w, https:\/\/www.corumba.ms.gov.br\/wp-content\/uploads\/2022\/09\/Foto-Rene-Marcio-CarneiroFeira-do-Artesanato-11-300x200.jpg 300w, https:\/\/www.corumba.ms.gov.br\/wp-content\/uploads\/2022\/09\/Foto-Rene-Marcio-CarneiroFeira-do-Artesanato-11-1024x683.jpg 1024w, https:\/\/www.corumba.ms.gov.br\/wp-content\/uploads\/2022\/09\/Foto-Rene-Marcio-CarneiroFeira-do-Artesanato-11-768x512.jpg 768w\" alt=\"\" width=\"1200\" height=\"800\" aria-describedby=\"gallery-1-134615\" \/><\/a><\/div><figcaption id=\"gallery-1-134615\" class=\"wp-caption-text gallery-caption\">Foto: Ren\u00ea Marcio Carneiro\/PMC<\/figcaption><\/figure>\n<figure class=\"gallery-item\">\n<div class=\"gallery-icon landscape\"><a role=\"link\" href=\"https:\/\/www.corumba.ms.gov.br\/?attachment_id=134613\"><img loading=\"lazy\" decoding=\"async\" class=\"attachment-full size-full\" src=\"https:\/\/www.corumba.ms.gov.br\/wp-content\/uploads\/2022\/09\/Foto-Rene-Marcio-CarneiroFeira-do-Artesanato-9.jpg\" sizes=\"auto, (max-width: 1200px) 100vw, 1200px\" srcset=\"https:\/\/www.corumba.ms.gov.br\/wp-content\/uploads\/2022\/09\/Foto-Rene-Marcio-CarneiroFeira-do-Artesanato-9.jpg 1200w, https:\/\/www.corumba.ms.gov.br\/wp-content\/uploads\/2022\/09\/Foto-Rene-Marcio-CarneiroFeira-do-Artesanato-9-300x200.jpg 300w, https:\/\/www.corumba.ms.gov.br\/wp-content\/uploads\/2022\/09\/Foto-Rene-Marcio-CarneiroFeira-do-Artesanato-9-1024x683.jpg 1024w, https:\/\/www.corumba.ms.gov.br\/wp-content\/uploads\/2022\/09\/Foto-Rene-Marcio-CarneiroFeira-do-Artesanato-9-768x512.jpg 768w\" alt=\"\" width=\"1200\" height=\"800\" aria-describedby=\"gallery-1-134613\" \/><\/a><\/div><figcaption id=\"gallery-1-134613\" class=\"wp-caption-text gallery-caption\">Foto: Ren\u00ea Marcio Carneiro\/PMC<\/figcaption><\/figure>\n<figure class=\"gallery-item\">\n<div class=\"gallery-icon landscape\"><a role=\"link\" href=\"https:\/\/www.corumba.ms.gov.br\/?attachment_id=134614\"><img loading=\"lazy\" decoding=\"async\" class=\"attachment-full size-full\" src=\"https:\/\/www.corumba.ms.gov.br\/wp-content\/uploads\/2022\/09\/Foto-Rene-Marcio-CarneiroFeira-do-Artesanato-10.jpg\" sizes=\"auto, (max-width: 1200px) 100vw, 1200px\" srcset=\"https:\/\/www.corumba.ms.gov.br\/wp-content\/uploads\/2022\/09\/Foto-Rene-Marcio-CarneiroFeira-do-Artesanato-10.jpg 1200w, https:\/\/www.corumba.ms.gov.br\/wp-content\/uploads\/2022\/09\/Foto-Rene-Marcio-CarneiroFeira-do-Artesanato-10-300x200.jpg 300w, https:\/\/www.corumba.ms.gov.br\/wp-content\/uploads\/2022\/09\/Foto-Rene-Marcio-CarneiroFeira-do-Artesanato-10-1024x683.jpg 1024w, https:\/\/www.corumba.ms.gov.br\/wp-content\/uploads\/2022\/09\/Foto-Rene-Marcio-CarneiroFeira-do-Artesanato-10-768x512.jpg 768w\" alt=\"\" width=\"1200\" height=\"800\" aria-describedby=\"gallery-1-134614\" \/><\/a><\/div><figcaption id=\"gallery-1-134614\" class=\"wp-caption-text gallery-caption\">Foto: Ren\u00ea Marcio Carneiro\/PMC<\/figcaption><\/figure>\n<figure class=\"gallery-item\">\n<div class=\"gallery-icon landscape\"><a role=\"link\" href=\"https:\/\/www.corumba.ms.gov.br\/?attachment_id=134612\"><img loading=\"lazy\" decoding=\"async\" class=\"attachment-full size-full\" src=\"https:\/\/www.corumba.ms.gov.br\/wp-content\/uploads\/2022\/09\/Foto-Rene-Marcio-CarneiroFeira-do-Artesanato-8.jpg\" sizes=\"auto, (max-width: 1200px) 100vw, 1200px\" srcset=\"https:\/\/www.corumba.ms.gov.br\/wp-content\/uploads\/2022\/09\/Foto-Rene-Marcio-CarneiroFeira-do-Artesanato-8.jpg 1200w, https:\/\/www.corumba.ms.gov.br\/wp-content\/uploads\/2022\/09\/Foto-Rene-Marcio-CarneiroFeira-do-Artesanato-8-300x200.jpg 300w, https:\/\/www.corumba.ms.gov.br\/wp-content\/uploads\/2022\/09\/Foto-Rene-Marcio-CarneiroFeira-do-Artesanato-8-1024x683.jpg 1024w, https:\/\/www.corumba.ms.gov.br\/wp-content\/uploads\/2022\/09\/Foto-Rene-Marcio-CarneiroFeira-do-Artesanato-8-768x512.jpg 768w\" alt=\"\" width=\"1200\" height=\"800\" aria-describedby=\"gallery-1-134612\" \/><\/a><\/div><figcaption id=\"gallery-1-134612\" class=\"wp-caption-text gallery-caption\">Foto: Ren\u00ea Marcio Carneiro\/PMC<\/figcaption><\/figure>\n<figure class=\"gallery-item\">\n<div class=\"gallery-icon landscape\"><a role=\"link\" href=\"https:\/\/www.corumba.ms.gov.br\/?attachment_id=134611\"><img loading=\"lazy\" decoding=\"async\" class=\"attachment-full size-full\" src=\"https:\/\/www.corumba.ms.gov.br\/wp-content\/uploads\/2022\/09\/Foto-Rene-Marcio-CarneiroFeira-do-Artesanato-7.jpg\" sizes=\"auto, (max-width: 1200px) 100vw, 1200px\" srcset=\"https:\/\/www.corumba.ms.gov.br\/wp-content\/uploads\/2022\/09\/Foto-Rene-Marcio-CarneiroFeira-do-Artesanato-7.jpg 1200w, https:\/\/www.corumba.ms.gov.br\/wp-content\/uploads\/2022\/09\/Foto-Rene-Marcio-CarneiroFeira-do-Artesanato-7-300x200.jpg 300w, https:\/\/www.corumba.ms.gov.br\/wp-content\/uploads\/2022\/09\/Foto-Rene-Marcio-CarneiroFeira-do-Artesanato-7-1024x683.jpg 1024w, https:\/\/www.corumba.ms.gov.br\/wp-content\/uploads\/2022\/09\/Foto-Rene-Marcio-CarneiroFeira-do-Artesanato-7-768x512.jpg 768w\" alt=\"\" width=\"1200\" height=\"800\" aria-describedby=\"gallery-1-134611\" \/><\/a><\/div><figcaption id=\"gallery-1-134611\" class=\"wp-caption-text gallery-caption\">Foto: Ren\u00ea Marcio Carneiro\/PMC<\/figcaption><\/figure>\n<figure class=\"gallery-item\">\n<div class=\"gallery-icon landscape\"><a role=\"link\" href=\"https:\/\/www.corumba.ms.gov.br\/?attachment_id=134610\"><img loading=\"lazy\" decoding=\"async\" class=\"attachment-full size-full\" src=\"https:\/\/www.corumba.ms.gov.br\/wp-content\/uploads\/2022\/09\/Foto-Rene-Marcio-CarneiroFeira-do-Artesanato-6.jpg\" sizes=\"auto, (max-width: 1200px) 100vw, 1200px\" srcset=\"https:\/\/www.corumba.ms.gov.br\/wp-content\/uploads\/2022\/09\/Foto-Rene-Marcio-CarneiroFeira-do-Artesanato-6.jpg 1200w, https:\/\/www.corumba.ms.gov.br\/wp-content\/uploads\/2022\/09\/Foto-Rene-Marcio-CarneiroFeira-do-Artesanato-6-300x200.jpg 300w, https:\/\/www.corumba.ms.gov.br\/wp-content\/uploads\/2022\/09\/Foto-Rene-Marcio-CarneiroFeira-do-Artesanato-6-1024x683.jpg 1024w, https:\/\/www.corumba.ms.gov.br\/wp-content\/uploads\/2022\/09\/Foto-Rene-Marcio-CarneiroFeira-do-Artesanato-6-768x512.jpg 768w\" alt=\"\" width=\"1200\" height=\"800\" aria-describedby=\"gallery-1-134610\" \/><\/a><\/div><figcaption id=\"gallery-1-134610\" class=\"wp-caption-text gallery-caption\">Foto: Ren\u00ea Marcio Carneiro\/PMC<\/figcaption><\/figure>\n<figure class=\"gallery-item\">\n<div class=\"gallery-icon landscape\"><a role=\"link\" href=\"https:\/\/www.corumba.ms.gov.br\/?attachment_id=134609\"><img loading=\"lazy\" decoding=\"async\" class=\"attachment-full size-full\" src=\"https:\/\/www.corumba.ms.gov.br\/wp-content\/uploads\/2022\/09\/Foto-Rene-Marcio-CarneiroFeira-do-Artesanato-5.jpg\" sizes=\"auto, (max-width: 1200px) 100vw, 1200px\" srcset=\"https:\/\/www.corumba.ms.gov.br\/wp-content\/uploads\/2022\/09\/Foto-Rene-Marcio-CarneiroFeira-do-Artesanato-5.jpg 1200w, https:\/\/www.corumba.ms.gov.br\/wp-content\/uploads\/2022\/09\/Foto-Rene-Marcio-CarneiroFeira-do-Artesanato-5-300x200.jpg 300w, https:\/\/www.corumba.ms.gov.br\/wp-content\/uploads\/2022\/09\/Foto-Rene-Marcio-CarneiroFeira-do-Artesanato-5-1024x683.jpg 1024w, https:\/\/www.corumba.ms.gov.br\/wp-content\/uploads\/2022\/09\/Foto-Rene-Marcio-CarneiroFeira-do-Artesanato-5-768x512.jpg 768w\" alt=\"\" width=\"1200\" height=\"800\" aria-describedby=\"gallery-1-134609\" \/><\/a><\/div><figcaption id=\"gallery-1-134609\" class=\"wp-caption-text gallery-caption\">Foto: Ren\u00ea Marcio Carneiro\/PMC<\/figcaption><\/figure>\n<figure class=\"gallery-item\">\n<div class=\"gallery-icon landscape\"><a role=\"link\" href=\"https:\/\/www.corumba.ms.gov.br\/?attachment_id=134608\"><img loading=\"lazy\" decoding=\"async\" class=\"attachment-full size-full\" src=\"https:\/\/www.corumba.ms.gov.br\/wp-content\/uploads\/2022\/09\/Foto-Rene-Marcio-CarneiroFeira-do-Artesanato-3.jpg\" sizes=\"auto, (max-width: 1200px) 100vw, 1200px\" srcset=\"https:\/\/www.corumba.ms.gov.br\/wp-content\/uploads\/2022\/09\/Foto-Rene-Marcio-CarneiroFeira-do-Artesanato-3.jpg 1200w, https:\/\/www.corumba.ms.gov.br\/wp-content\/uploads\/2022\/09\/Foto-Rene-Marcio-CarneiroFeira-do-Artesanato-3-300x200.jpg 300w, https:\/\/www.corumba.ms.gov.br\/wp-content\/uploads\/2022\/09\/Foto-Rene-Marcio-CarneiroFeira-do-Artesanato-3-1024x683.jpg 1024w, https:\/\/www.corumba.ms.gov.br\/wp-content\/uploads\/2022\/09\/Foto-Rene-Marcio-CarneiroFeira-do-Artesanato-3-768x512.jpg 768w\" alt=\"\" width=\"1200\" height=\"800\" aria-describedby=\"gallery-1-134608\" \/><\/a><\/div><figcaption id=\"gallery-1-134608\" class=\"wp-caption-text gallery-caption\">Foto: Ren\u00ea Marcio Carneiro\/PMC<\/figcaption><\/figure>\n<figure class=\"gallery-item\">\n<div class=\"gallery-icon landscape\"><a role=\"link\" href=\"https:\/\/www.corumba.ms.gov.br\/?attachment_id=134606\"><img loading=\"lazy\" decoding=\"async\" class=\"attachment-full size-full\" src=\"https:\/\/www.corumba.ms.gov.br\/wp-content\/uploads\/2022\/09\/Foto-Rene-Marcio-CarneiroFeira-do-Artesanato-1.jpg\" sizes=\"auto, (max-width: 1200px) 100vw, 1200px\" srcset=\"https:\/\/www.corumba.ms.gov.br\/wp-content\/uploads\/2022\/09\/Foto-Rene-Marcio-CarneiroFeira-do-Artesanato-1.jpg 1200w, https:\/\/www.corumba.ms.gov.br\/wp-content\/uploads\/2022\/09\/Foto-Rene-Marcio-CarneiroFeira-do-Artesanato-1-300x200.jpg 300w, https:\/\/www.corumba.ms.gov.br\/wp-content\/uploads\/2022\/09\/Foto-Rene-Marcio-CarneiroFeira-do-Artesanato-1-1024x683.jpg 1024w, https:\/\/www.corumba.ms.gov.br\/wp-content\/uploads\/2022\/09\/Foto-Rene-Marcio-CarneiroFeira-do-Artesanato-1-768x512.jpg 768w\" alt=\"\" width=\"1200\" height=\"800\" aria-describedby=\"gallery-1-134606\" \/><\/a><\/div><figcaption id=\"gallery-1-134606\" class=\"wp-caption-text gallery-caption\">Foto: Ren\u00ea Marcio Carneiro\/PMC<\/figcaption><\/figure>\n<figure class=\"gallery-item\">\n<div class=\"gallery-icon landscape\"><a role=\"link\" href=\"https:\/\/www.corumba.ms.gov.br\/?attachment_id=134607\"><img loading=\"lazy\" decoding=\"async\" class=\"attachment-full size-full\" src=\"https:\/\/www.corumba.ms.gov.br\/wp-content\/uploads\/2022\/09\/Foto-Rene-Marcio-CarneiroFeira-do-Artesanato-2.jpg\" sizes=\"auto, (max-width: 1200px) 100vw, 1200px\" srcset=\"https:\/\/www.corumba.ms.gov.br\/wp-content\/uploads\/2022\/09\/Foto-Rene-Marcio-CarneiroFeira-do-Artesanato-2.jpg 1200w, https:\/\/www.corumba.ms.gov.br\/wp-content\/uploads\/2022\/09\/Foto-Rene-Marcio-CarneiroFeira-do-Artesanato-2-300x200.jpg 300w, https:\/\/www.corumba.ms.gov.br\/wp-content\/uploads\/2022\/09\/Foto-Rene-Marcio-CarneiroFeira-do-Artesanato-2-1024x683.jpg 1024w, https:\/\/www.corumba.ms.gov.br\/wp-content\/uploads\/2022\/09\/Foto-Rene-Marcio-CarneiroFeira-do-Artesanato-2-768x512.jpg 768w\" alt=\"\" width=\"1200\" height=\"800\" aria-describedby=\"gallery-1-134607\" \/><\/a><\/div><figcaption id=\"gallery-1-134607\" class=\"wp-caption-text gallery-caption\">Foto: Ren\u00ea Marcio Carneiro\/PMC<\/figcaption><\/figure>\n<\/div>\n","protected":false},"excerpt":{"rendered":"<p>Com produ\u00e7\u00e3o dos assentamentos e de artes\u00e3os locais, a Feira da Agricultura Familiar e Artesanatos&#8230;<\/p>\n","protected":false},"author":70,"featured_media":0,"comment_status":"closed","ping_status":"closed","sticky":false,"template":"","format":"standard","meta":{"footnotes":""},"categories":[2,7],"tags":[],"class_list":["post-11727740","post","type-post","status-publish","format-standard","hentry","category-agropecuaria","category-cultura"],"_links":{"self":[{"href":"https:\/\/www.corumbaonline.com.br\/news\/wp-json\/wp\/v2\/posts\/11727740","targetHints":{"allow":["GET"]}}],"collection":[{"href":"https:\/\/www.corumbaonline.com.br\/news\/wp-json\/wp\/v2\/posts"}],"about":[{"href":"https:\/\/www.corumbaonline.com.br\/news\/wp-json\/wp\/v2\/types\/post"}],"author":[{"embeddable":true,"href":"https:\/\/www.corumbaonline.com.br\/news\/wp-json\/wp\/v2\/users\/70"}],"replies":[{"embeddable":true,"href":"https:\/\/www.corumbaonline.com.br\/news\/wp-json\/wp\/v2\/comments?post=11727740"}],"version-history":[{"count":1,"href":"https:\/\/www.corumbaonline.com.br\/news\/wp-json\/wp\/v2\/posts\/11727740\/revisions"}],"predecessor-version":[{"id":11727742,"href":"https:\/\/www.corumbaonline.com.br\/news\/wp-json\/wp\/v2\/posts\/11727740\/revisions\/11727742"}],"wp:attachment":[{"href":"https:\/\/www.corumbaonline.com.br\/news\/wp-json\/wp\/v2\/media?parent=11727740"}],"wp:term":[{"taxonomy":"category","embeddable":true,"href":"https:\/\/www.corumbaonline.com.br\/news\/wp-json\/wp\/v2\/categories?post=11727740"},{"taxonomy":"post_tag","embeddable":true,"href":"https:\/\/www.corumbaonline.com.br\/news\/wp-json\/wp\/v2\/tags?post=11727740"}],"curies":[{"name":"wp","href":"https:\/\/api.w.org\/{rel}","templated":true}]}}